{"id":32088,"date":"2019-05-09T23:39:29","date_gmt":"2019-05-10T02:39:29","guid":{"rendered":"http:\/\/labestiadeportiva.com\/lbd\/?p=32088"},"modified":"2019-05-09T23:39:29","modified_gmt":"2019-05-10T02:39:29","slug":"se-abre-la-pista","status":"publish","type":"post","link":"https:\/\/labestiadeportiva.com\/lbd\/se-abre-la-pista\/","title":{"rendered":"Se abre la pista"},"content":{"rendered":"<p><a href=\"http:\/\/labestiadeportiva.com\/lbd\/wp-content\/uploads\/2019\/05\/IMG-20190509-WA0088.jpg\"><img loading=\"lazy\" src=\"http:\/\/labestiadeportiva.com\/lbd\/wp-content\/uploads\/2019\/05\/IMG-20190509-WA0088-300x188.jpg\" alt=\"IMG-20190509-WA0088\" width=\"300\" height=\"188\" class=\"aligncenter size-medium wp-image-32090\" srcset=\"https:\/\/labestiadeportiva.com\/lbd\/wp-content\/uploads\/2019\/05\/IMG-20190509-WA0088-300x188.jpg 300w, https:\/\/labestiadeportiva.com\/lbd\/wp-content\/uploads\/2019\/05\/IMG-20190509-WA0088.jpg 480w\" sizes=\"(max-width: 300px) 100vw, 300px\" \/><\/a><br \/>\nSer\u00e1 este viernes desde las 17. El Complejo Yamana Bar y Pat\u00edn, concesionario de la pista de patinaje sobre hielo artificial Carlos \u00abTachuela\u00bb Oyarz\u00fan, iniciar\u00e1 su temporada invernal 2019.<!--more--><\/p>\n<p>Asimismo desde GDS se inform\u00f3 que la inauguraci\u00f3n oficial ser\u00e1 el s\u00e1bado 18 a las 17 donde los visitantes podr\u00e1n disfrutar de manera gratuita de juegos, sorpresas chocolate caliente y m\u00fasica en vivo.<\/p>\n<p>En cuanto a los valores para el alquiler y acceso a pista los precios se dividir\u00e1n en residentes y no residentes quedando de la siguiente manera:<br \/>\n<a href=\"http:\/\/labestiadeportiva.com\/lbd\/wp-content\/uploads\/2019\/05\/IMG-20190509-WA0096.jpg\"><img loading=\"lazy\" src=\"http:\/\/labestiadeportiva.com\/lbd\/wp-content\/uploads\/2019\/05\/IMG-20190509-WA0096-300x126.jpg\" alt=\"IMG-20190509-WA0096\" width=\"300\" height=\"126\" class=\"aligncenter size-medium wp-image-32089\" srcset=\"https:\/\/labestiadeportiva.com\/lbd\/wp-content\/uploads\/2019\/05\/IMG-20190509-WA0096-300x126.jpg 300w, https:\/\/labestiadeportiva.com\/lbd\/wp-content\/uploads\/2019\/05\/IMG-20190509-WA0096-1024x431.jpg 1024w, https:\/\/labestiadeportiva.com\/lbd\/wp-content\/uploads\/2019\/05\/IMG-20190509-WA0096.jpg 1125w\" sizes=\"(max-width: 300px) 100vw, 300px\" \/><\/a><\/p>\n<div class='epvc-post-count'><span class='epvc-eye'><\/span>  <span class=\"epvc-count\"> 1.243<\/span><span class='epvc-label'> veces le\u00edda<\/span><\/div>\n<div class=\"jwsharethis\">\nShare this: \n<br \/>\n<a href=\"mailto:?subject=Se%20abre%20la%20pista&amp;body=https%3A%2F%2Flabestiadeportiva.com%2Flbd%2Fse-abre-la-pista%2F\">\n<img src=\"https:\/\/labestiadeportiva.com\/lbd\/wp-content\/plugins\/jw-share-this\/email.png\" alt=\"Share this page via Email\" \/>\n<\/a>\n<a target=\"_blank\" href=\"http:\/\/www.stumbleupon.com\/submit?url=https%3A%2F%2Flabestiadeportiva.com%2Flbd%2Fse-abre-la-pista%2F&amp;title=Se+abre+la+pista\">\n<img src=\"https:\/\/labestiadeportiva.com\/lbd\/wp-content\/plugins\/jw-share-this\/su.png\" alt=\"Share this page via Stumble Upon\" \/>\n<\/a>\n<a target=\"_blank\" href=\"http:\/\/digg.com\/submit?url=https%3A%2F%2Flabestiadeportiva.com%2Flbd%2Fse-abre-la-pista%2F&amp;title=Se+abre+la+pista\">\n<img src=\"https:\/\/labestiadeportiva.com\/lbd\/wp-content\/plugins\/jw-share-this\/digg.png\" alt=\"Share this page via Digg this\" \/>\n<\/a>\n<a target=\"_blank\" href=\"http:\/\/www.facebook.com\/sharer.php?u=https%3A%2F%2Flabestiadeportiva.com%2Flbd%2Fse-abre-la-pista%2F&amp;t=Se+abre+la+pista\">\n<img src=\"https:\/\/labestiadeportiva.com\/lbd\/wp-content\/plugins\/jw-share-this\/fb.png\" alt=\"Share this page via Facebook\" \/>\n<\/a>\n<a target=\"_blank\" href=\"http:\/\/twitter.com\/intent\/tweet?text=I+like+https%3A%2F%2Flabestiadeportiva.com%2Flbd%2Fse-abre-la-pista%2F&amp;title=Se+abre+la+pista\">\n<img src=\"https:\/\/labestiadeportiva.com\/lbd\/wp-content\/plugins\/jw-share-this\/twitter.png\" alt=\"Share this page via Twitter\" \/>\n<\/a>\n<\/div>\n","protected":false},"excerpt":{"rendered":"<p>Ser\u00e1 este viernes desde las 17. El Complejo Yamana Bar y Pat\u00edn, concesionario de la pista de patinaje sobre hielo artificial Carlos \u00abTachuela\u00bb Oyarz\u00fan, iniciar\u00e1 su temporada invernal 2019. 1.243 veces le\u00edda Share this:<\/p>\n","protected":false},"author":1,"featured_media":32090,"comment_status":"open","ping_status":"open","sticky":false,"template":"","format":"standard","meta":[],"categories":[5,4,6,41,1,3592],"tags":[3227,3879,2124],"_links":{"self":[{"href":"https:\/\/labestiadeportiva.com\/lbd\/wp-json\/wp\/v2\/posts\/32088"}],"collection":[{"href":"https:\/\/labestiadeportiva.com\/lbd\/wp-json\/wp\/v2\/posts"}],"about":[{"href":"https:\/\/labestiadeportiva.com\/lbd\/wp-json\/wp\/v2\/types\/post"}],"author":[{"embeddable":true,"href":"https:\/\/labestiadeportiva.com\/lbd\/wp-json\/wp\/v2\/users\/1"}],"replies":[{"embeddable":true,"href":"https:\/\/labestiadeportiva.com\/lbd\/wp-json\/wp\/v2\/comments?post=32088"}],"version-history":[{"count":1,"href":"https:\/\/labestiadeportiva.com\/lbd\/wp-json\/wp\/v2\/posts\/32088\/revisions"}],"predecessor-version":[{"id":32091,"href":"https:\/\/labestiadeportiva.com\/lbd\/wp-json\/wp\/v2\/posts\/32088\/revisions\/32091"}],"wp:featuredmedia":[{"embeddable":true,"href":"https:\/\/labestiadeportiva.com\/lbd\/wp-json\/wp\/v2\/media\/32090"}],"wp:attachment":[{"href":"https:\/\/labestiadeportiva.com\/lbd\/wp-json\/wp\/v2\/media?parent=32088"}],"wp:term":[{"taxonomy":"category","embeddable":true,"href":"https:\/\/labestiadeportiva.com\/lbd\/wp-json\/wp\/v2\/categories?post=32088"},{"taxonomy":"post_tag","embeddable":true,"href":"https:\/\/labestiadeportiva.com\/lbd\/wp-json\/wp\/v2\/tags?post=32088"}],"curies":[{"name":"wp","href":"https:\/\/api.w.org\/{rel}","templated":true}]}}