{"id":32302,"date":"2019-05-28T15:11:54","date_gmt":"2019-05-28T18:11:54","guid":{"rendered":"http:\/\/labestiadeportiva.com\/lbd\/?p=32302"},"modified":"2019-05-28T15:11:54","modified_gmt":"2019-05-28T18:11:54","slug":"el-hombre-que-volvio-de-la-muerte","status":"publish","type":"post","link":"https:\/\/labestiadeportiva.com\/lbd\/el-hombre-que-volvio-de-la-muerte\/","title":{"rendered":"El hombre que volvi\u00f3 de la muerte"},"content":{"rendered":"<p>&nbsp;<\/p>\n<p>Por Daniel Campos (Corresponsal LBD en Palma de Mallorca, Espa\u00f1a)<\/p>\n<p><a href=\"http:\/\/labestiadeportiva.com\/lbd\/wp-content\/uploads\/2019\/05\/niki-Lauda-19761.jpg\"><img loading=\"lazy\" class=\"aligncenter size-medium wp-image-32304\" src=\"http:\/\/labestiadeportiva.com\/lbd\/wp-content\/uploads\/2019\/05\/niki-Lauda-19761-300x150.jpg\" alt=\"niki Lauda 1976\" width=\"300\" height=\"150\" srcset=\"https:\/\/labestiadeportiva.com\/lbd\/wp-content\/uploads\/2019\/05\/niki-Lauda-19761-300x150.jpg 300w, https:\/\/labestiadeportiva.com\/lbd\/wp-content\/uploads\/2019\/05\/niki-Lauda-19761.jpg 740w\" sizes=\"(max-width: 300px) 100vw, 300px\" \/><\/a>La reciente desaparici\u00f3n f\u00edsica de Niki Lauda dispar\u00f3 r\u00e1pidamente una gran idea por parte de nuestro hombre en Espa\u00f1a. Daniel Campos se encuentra escribi\u00e9ndo un libro sobre la F\u00f3rmula 1 Internacional. Durante alrededor de una semana y a modo de homenaje espiaremos los cap\u00edtulos que involucran al austr\u00edaco triple campe\u00f3n del mundo. Quinta entrega.<!--more--><\/p>\n<p>El piloto ingl\u00e9s Stirling Moss caminaba por una concurrida recta principal del aut\u00f3dromo de Monza. Estaba all\u00ed entre autos, mec\u00e1nicos, periodistas y curiosos para comprobar con sus propios ojos lo que parec\u00eda imposible.<\/p>\n<p>Niki Lauda a bordo de su Ferrari 312 T2, rodaba lentamente buscando su posici\u00f3n en la grilla de salida. Apenas 43 d\u00edas atr\u00e1s el austr\u00edaco hab\u00eda sufrido un terrible accidente durante el Gran Premio de Alemania, en Nurburgring, reflej\u00e1ndose a\u00fan en su rostro las secuelas del mismo.<\/p>\n<p>A pesar que las condiciones f\u00edsicas no eran las mejores, Lauda hab\u00eda vuelto. Ten\u00eda que defender su liderato en el Mundial contra el ataque de James Hunt, ya que el de McLaren hab\u00eda acortado distancias con el austr\u00edaco.<\/p>\n<p>La escuder\u00eda italiana esa tarde en Monza aline\u00f3 tres autos, parec\u00eda que Enzo Ferrari dudaba de la pronta recuperaci\u00f3n del campe\u00f3n. Por eso, adem\u00e1s de Lauda y el\u00a0 suizo Clay Regazzoni, el tercer Ferrari se confiaba a Carlos Alberto Reutemann.<\/p>\n<p>Para esa ocasi\u00f3n el argentino lucir\u00eda el n\u00ba 35 en los laterales de la toma aerodin\u00e1mica. En esa calurosa tarde\u00a0 la carrera fue ganada por el sueco Ronnie Peterson al mando de un March-Ford, en tanto Lauda alcanzaba la cuarta posici\u00f3n.<\/p>\n<p>En cambio, el otro aspirante al t\u00edtulo de conductores, James Hunt no pas\u00f3 de la und\u00e9cima vuelta del Gran Premio de Italia. En su intento por adelantar al Shadow de Tom Pryce se pas\u00f3 en la frenada de una chicane y qued\u00f3 atrapado en la arena. El austr\u00edaco hab\u00eda regresado, demostrando a propios y extra\u00f1os que pelear\u00eda hasta final de temporada por mantener pintado el n\u00famero uno en su auto.<\/p>\n<div class='epvc-post-count'><span class='epvc-eye'><\/span>  <span class=\"epvc-count\"> 1.293<\/span><span class='epvc-label'> veces le\u00edda<\/span><\/div>\n<div class=\"jwsharethis\">\nShare this: \n<br \/>\n<a href=\"mailto:?subject=El%20hombre%20que%20volvi%C3%B3%20de%20la%20muerte&amp;body=https%3A%2F%2Flabestiadeportiva.com%2Flbd%2Fel-hombre-que-volvio-de-la-muerte%2F\">\n<img src=\"https:\/\/labestiadeportiva.com\/lbd\/wp-content\/plugins\/jw-share-this\/email.png\" alt=\"Share this page via Email\" \/>\n<\/a>\n<a target=\"_blank\" href=\"http:\/\/www.stumbleupon.com\/submit?url=https%3A%2F%2Flabestiadeportiva.com%2Flbd%2Fel-hombre-que-volvio-de-la-muerte%2F&amp;title=El+hombre+que+volvi%C3%B3+de+la+muerte\">\n<img src=\"https:\/\/labestiadeportiva.com\/lbd\/wp-content\/plugins\/jw-share-this\/su.png\" alt=\"Share this page via Stumble Upon\" \/>\n<\/a>\n<a target=\"_blank\" href=\"http:\/\/digg.com\/submit?url=https%3A%2F%2Flabestiadeportiva.com%2Flbd%2Fel-hombre-que-volvio-de-la-muerte%2F&amp;title=El+hombre+que+volvi%C3%B3+de+la+muerte\">\n<img src=\"https:\/\/labestiadeportiva.com\/lbd\/wp-content\/plugins\/jw-share-this\/digg.png\" alt=\"Share this page via Digg this\" \/>\n<\/a>\n<a target=\"_blank\" href=\"http:\/\/www.facebook.com\/sharer.php?u=https%3A%2F%2Flabestiadeportiva.com%2Flbd%2Fel-hombre-que-volvio-de-la-muerte%2F&amp;t=El+hombre+que+volvi%C3%B3+de+la+muerte\">\n<img src=\"https:\/\/labestiadeportiva.com\/lbd\/wp-content\/plugins\/jw-share-this\/fb.png\" alt=\"Share this page via Facebook\" \/>\n<\/a>\n<a target=\"_blank\" href=\"http:\/\/twitter.com\/intent\/tweet?text=I+like+https%3A%2F%2Flabestiadeportiva.com%2Flbd%2Fel-hombre-que-volvio-de-la-muerte%2F&amp;title=El+hombre+que+volvi%C3%B3+de+la+muerte\">\n<img src=\"https:\/\/labestiadeportiva.com\/lbd\/wp-content\/plugins\/jw-share-this\/twitter.png\" alt=\"Share this page via Twitter\" \/>\n<\/a>\n<\/div>\n","protected":false},"excerpt":{"rendered":"<p>&nbsp; Por Daniel Campos (Corresponsal LBD en Palma de Mallorca, Espa\u00f1a) La reciente desaparici\u00f3n f\u00edsica de Niki Lauda dispar\u00f3 r\u00e1pidamente una gran idea por parte de nuestro hombre en Espa\u00f1a. Daniel Campos se encuentra escribi\u00e9ndo un libro sobre la F\u00f3rmula 1 Internacional. Durante alrededor de una semana y a modo de homenaje espiaremos los cap\u00edtulos &hellip; <a href=\"https:\/\/labestiadeportiva.com\/lbd\/el-hombre-que-volvio-de-la-muerte\/\" class=\"more-link\">Seguir leyendo <span class=\"screen-reader-text\">El hombre que volvi\u00f3 de la muerte<\/span> <span class=\"meta-nav\">&rarr;<\/span><\/a><\/p>\n","protected":false},"author":1,"featured_media":32304,"comment_status":"open","ping_status":"open","sticky":false,"template":"","format":"standard","meta":[],"categories":[2176,3032,3824,1],"tags":[],"_links":{"self":[{"href":"https:\/\/labestiadeportiva.com\/lbd\/wp-json\/wp\/v2\/posts\/32302"}],"collection":[{"href":"https:\/\/labestiadeportiva.com\/lbd\/wp-json\/wp\/v2\/posts"}],"about":[{"href":"https:\/\/labestiadeportiva.com\/lbd\/wp-json\/wp\/v2\/types\/post"}],"author":[{"embeddable":true,"href":"https:\/\/labestiadeportiva.com\/lbd\/wp-json\/wp\/v2\/users\/1"}],"replies":[{"embeddable":true,"href":"https:\/\/labestiadeportiva.com\/lbd\/wp-json\/wp\/v2\/comments?post=32302"}],"version-history":[{"count":2,"href":"https:\/\/labestiadeportiva.com\/lbd\/wp-json\/wp\/v2\/posts\/32302\/revisions"}],"predecessor-version":[{"id":32305,"href":"https:\/\/labestiadeportiva.com\/lbd\/wp-json\/wp\/v2\/posts\/32302\/revisions\/32305"}],"wp:featuredmedia":[{"embeddable":true,"href":"https:\/\/labestiadeportiva.com\/lbd\/wp-json\/wp\/v2\/media\/32304"}],"wp:attachment":[{"href":"https:\/\/labestiadeportiva.com\/lbd\/wp-json\/wp\/v2\/media?parent=32302"}],"wp:term":[{"taxonomy":"category","embeddable":true,"href":"https:\/\/labestiadeportiva.com\/lbd\/wp-json\/wp\/v2\/categories?post=32302"},{"taxonomy":"post_tag","embeddable":true,"href":"https:\/\/labestiadeportiva.com\/lbd\/wp-json\/wp\/v2\/tags?post=32302"}],"curies":[{"name":"wp","href":"https:\/\/api.w.org\/{rel}","templated":true}]}}