{"id":32411,"date":"2019-06-04T23:13:15","date_gmt":"2019-06-05T02:13:15","guid":{"rendered":"http:\/\/labestiadeportiva.com\/lbd\/?p=32411"},"modified":"2019-06-04T23:13:15","modified_gmt":"2019-06-05T02:13:15","slug":"curso-de-arbitraje-para-el-karate-do","status":"publish","type":"post","link":"https:\/\/labestiadeportiva.com\/lbd\/curso-de-arbitraje-para-el-karate-do\/","title":{"rendered":"Curso de arbitraje para el Karate Do"},"content":{"rendered":"<div>\n<p><a href=\"http:\/\/labestiadeportiva.com\/lbd\/wp-content\/uploads\/2019\/06\/20190601_2002032.jpg\"><img loading=\"lazy\" class=\"aligncenter size-medium wp-image-32412\" src=\"http:\/\/labestiadeportiva.com\/lbd\/wp-content\/uploads\/2019\/06\/20190601_2002032-300x135.jpg\" alt=\"20190601_200203~2\" width=\"300\" height=\"135\" srcset=\"https:\/\/labestiadeportiva.com\/lbd\/wp-content\/uploads\/2019\/06\/20190601_2002032-300x135.jpg 300w, https:\/\/labestiadeportiva.com\/lbd\/wp-content\/uploads\/2019\/06\/20190601_2002032-1024x462.jpg 1024w\" sizes=\"(max-width: 300px) 100vw, 300px\" \/><\/a>La capacitaci\u00f3n se realiz\u00f3 el pasado s\u00e1bado en el CEPLA, ubicado\u00a0 en el barrio 245 Viviendas. Fue la 2\u00b0 jornada a cargo de la Federaci\u00f3n TDF.<!--more--><\/p>\n<p>La actividad tuvo como principal objetivo de formar a los karatekas m\u00e1s j\u00f3venes, y acordar pautas de trabajo conjuntas.<\/p>\n<p>Participaron m\u00e1s de 30 deportistas de las escuelas,\u00a0 Shito Ryu, que encabeza el Presidente\u00a0 de la Federaci\u00f3n, sensei Juan Carlos Parodi,\u00a0 \u00a0Shotokan del \u00abPalomar\u00bb, a cargo de sensei Ledesma y\u00a0 Shorinryu Kodokan que lidera sensei Marcelo Chavez.<\/p>\n<p>En cuanto\u00a0 a los trabajos realizados fueron principalmente situaci\u00f3nes de kumite, arbitraje donde se acordaron situaciones puntuales, pendientes del 1\u00b0\u00a0 curso realizado en el mes de mayo.<\/p>\n<p>El pr\u00f3ximo\u00a0s\u00e1bado 22 del mes en curso en instalaciones del Polideportivo Augusto Lasserre se realizar\u00e1 el 1\u00b0 Encuentro y Torneo Integraci\u00f3n que tendr\u00e1 como anfitri\u00f3n a la escuela Shito Ryu Hayashi Ha.<\/p>\n<\/div>\n<div class='epvc-post-count'><span class='epvc-eye'><\/span>  <span class=\"epvc-count\"> 1.208<\/span><span class='epvc-label'> veces le\u00edda<\/span><\/div>\n<div class=\"jwsharethis\">\nShare this: \n<br \/>\n<a href=\"mailto:?subject=Curso%20de%20arbitraje%20para%20el%20Karate%20Do&amp;body=https%3A%2F%2Flabestiadeportiva.com%2Flbd%2Fcurso-de-arbitraje-para-el-karate-do%2F\">\n<img src=\"https:\/\/labestiadeportiva.com\/lbd\/wp-content\/plugins\/jw-share-this\/email.png\" alt=\"Share this page via Email\" \/>\n<\/a>\n<a target=\"_blank\" href=\"http:\/\/www.stumbleupon.com\/submit?url=https%3A%2F%2Flabestiadeportiva.com%2Flbd%2Fcurso-de-arbitraje-para-el-karate-do%2F&amp;title=Curso+de+arbitraje+para+el+Karate+Do\">\n<img src=\"https:\/\/labestiadeportiva.com\/lbd\/wp-content\/plugins\/jw-share-this\/su.png\" alt=\"Share this page via Stumble Upon\" \/>\n<\/a>\n<a target=\"_blank\" href=\"http:\/\/digg.com\/submit?url=https%3A%2F%2Flabestiadeportiva.com%2Flbd%2Fcurso-de-arbitraje-para-el-karate-do%2F&amp;title=Curso+de+arbitraje+para+el+Karate+Do\">\n<img src=\"https:\/\/labestiadeportiva.com\/lbd\/wp-content\/plugins\/jw-share-this\/digg.png\" alt=\"Share this page via Digg this\" \/>\n<\/a>\n<a target=\"_blank\" href=\"http:\/\/www.facebook.com\/sharer.php?u=https%3A%2F%2Flabestiadeportiva.com%2Flbd%2Fcurso-de-arbitraje-para-el-karate-do%2F&amp;t=Curso+de+arbitraje+para+el+Karate+Do\">\n<img src=\"https:\/\/labestiadeportiva.com\/lbd\/wp-content\/plugins\/jw-share-this\/fb.png\" alt=\"Share this page via Facebook\" \/>\n<\/a>\n<a target=\"_blank\" href=\"http:\/\/twitter.com\/intent\/tweet?text=I+like+https%3A%2F%2Flabestiadeportiva.com%2Flbd%2Fcurso-de-arbitraje-para-el-karate-do%2F&amp;title=Curso+de+arbitraje+para+el+Karate+Do\">\n<img src=\"https:\/\/labestiadeportiva.com\/lbd\/wp-content\/plugins\/jw-share-this\/twitter.png\" alt=\"Share this page via Twitter\" \/>\n<\/a>\n<\/div>\n","protected":false},"excerpt":{"rendered":"<p>La capacitaci\u00f3n se realiz\u00f3 el pasado s\u00e1bado en el CEPLA, ubicado\u00a0 en el barrio 245 Viviendas. Fue la 2\u00b0 jornada a cargo de la Federaci\u00f3n TDF. 1.208 veces le\u00edda Share this:<\/p>\n","protected":false},"author":1,"featured_media":32412,"comment_status":"open","ping_status":"open","sticky":false,"template":"","format":"standard","meta":[],"categories":[2136,5,1],"tags":[2509,167,3660],"_links":{"self":[{"href":"https:\/\/labestiadeportiva.com\/lbd\/wp-json\/wp\/v2\/posts\/32411"}],"collection":[{"href":"https:\/\/labestiadeportiva.com\/lbd\/wp-json\/wp\/v2\/posts"}],"about":[{"href":"https:\/\/labestiadeportiva.com\/lbd\/wp-json\/wp\/v2\/types\/post"}],"author":[{"embeddable":true,"href":"https:\/\/labestiadeportiva.com\/lbd\/wp-json\/wp\/v2\/users\/1"}],"replies":[{"embeddable":true,"href":"https:\/\/labestiadeportiva.com\/lbd\/wp-json\/wp\/v2\/comments?post=32411"}],"version-history":[{"count":1,"href":"https:\/\/labestiadeportiva.com\/lbd\/wp-json\/wp\/v2\/posts\/32411\/revisions"}],"predecessor-version":[{"id":32413,"href":"https:\/\/labestiadeportiva.com\/lbd\/wp-json\/wp\/v2\/posts\/32411\/revisions\/32413"}],"wp:featuredmedia":[{"embeddable":true,"href":"https:\/\/labestiadeportiva.com\/lbd\/wp-json\/wp\/v2\/media\/32412"}],"wp:attachment":[{"href":"https:\/\/labestiadeportiva.com\/lbd\/wp-json\/wp\/v2\/media?parent=32411"}],"wp:term":[{"taxonomy":"category","embeddable":true,"href":"https:\/\/labestiadeportiva.com\/lbd\/wp-json\/wp\/v2\/categories?post=32411"},{"taxonomy":"post_tag","embeddable":true,"href":"https:\/\/labestiadeportiva.com\/lbd\/wp-json\/wp\/v2\/tags?post=32411"}],"curies":[{"name":"wp","href":"https:\/\/api.w.org\/{rel}","templated":true}]}}