{"id":32476,"date":"2019-06-13T18:39:21","date_gmt":"2019-06-13T21:39:21","guid":{"rendered":"http:\/\/labestiadeportiva.com\/lbd\/?p=32476"},"modified":"2019-06-13T18:45:39","modified_gmt":"2019-06-13T21:45:39","slug":"queremos-empezar-a-armar-nuestras-propias-semillero-femenino-en-infantiles-audio","status":"publish","type":"post","link":"https:\/\/labestiadeportiva.com\/lbd\/queremos-empezar-a-armar-nuestras-propias-semillero-femenino-en-infantiles-audio\/","title":{"rendered":"\u00abQueremos empezar a armar nuestro propio semillero femenino\u00bb (Audio)"},"content":{"rendered":"<p><a href=\"http:\/\/labestiadeportiva.com\/lbd\/wp-content\/uploads\/2019\/06\/8I4yBzxc_400x400.jpg\"><img loading=\"lazy\" src=\"http:\/\/labestiadeportiva.com\/lbd\/wp-content\/uploads\/2019\/06\/8I4yBzxc_400x400-300x300.jpg\" alt=\"8I4yBzxc_400x400\" width=\"300\" height=\"300\" class=\"aligncenter size-medium wp-image-32477\" srcset=\"https:\/\/labestiadeportiva.com\/lbd\/wp-content\/uploads\/2019\/06\/8I4yBzxc_400x400-300x300.jpg 300w, https:\/\/labestiadeportiva.com\/lbd\/wp-content\/uploads\/2019\/06\/8I4yBzxc_400x400-150x150.jpg 150w, https:\/\/labestiadeportiva.com\/lbd\/wp-content\/uploads\/2019\/06\/8I4yBzxc_400x400-160x160.jpg 160w, https:\/\/labestiadeportiva.com\/lbd\/wp-content\/uploads\/2019\/06\/8I4yBzxc_400x400-320x320.jpg 320w, https:\/\/labestiadeportiva.com\/lbd\/wp-content\/uploads\/2019\/06\/8I4yBzxc_400x400-60x60.jpg 60w, https:\/\/labestiadeportiva.com\/lbd\/wp-content\/uploads\/2019\/06\/8I4yBzxc_400x400.jpg 400w\" sizes=\"(max-width: 300px) 100vw, 300px\" \/><\/a><br \/>\nA partir del pr\u00f3ximo lunes 24 la Escuela de Futsal MB comenzar\u00e1 con prueba de jugadoras en el segmento menor. En cuanto a las edades a evaluar ser\u00e1 de 6 a 13 a\u00f1os. El lugar para la captaci\u00f3n, el Polideportivo Mercantil de la calle Abel C\u00e1rdenas. Desde LBD nos contactamos con Mart\u00edn Bonveh\u00ed en busca de detalles. Junto al formador analizamos la actualidad salonera del femenino como as\u00ed tambi\u00e9n su personal momento donde se alejar\u00e1 del puesto de entrenador. Compartimos la entrevista lograda este jueves en la 94.1 FM del Sur.<!--more--><\/p>\n<p>https:\/\/youtu.be\/MrC8H0syrWU<\/p>\n<div class='epvc-post-count'><span class='epvc-eye'><\/span>  <span class=\"epvc-count\"> 1.199<\/span><span class='epvc-label'> veces le\u00edda<\/span><\/div>\n<div class=\"jwsharethis\">\nShare this: \n<br \/>\n<a href=\"mailto:?subject=%C2%ABQueremos%20empezar%20a%20armar%20nuestro%20propio%20semillero%20femenino%C2%BB%20%28Audio%29&amp;body=https%3A%2F%2Flabestiadeportiva.com%2Flbd%2Fqueremos-empezar-a-armar-nuestras-propias-semillero-femenino-en-infantiles-audio%2F\">\n<img src=\"https:\/\/labestiadeportiva.com\/lbd\/wp-content\/plugins\/jw-share-this\/email.png\" alt=\"Share this page via Email\" \/>\n<\/a>\n<a target=\"_blank\" href=\"http:\/\/www.stumbleupon.com\/submit?url=https%3A%2F%2Flabestiadeportiva.com%2Flbd%2Fqueremos-empezar-a-armar-nuestras-propias-semillero-femenino-en-infantiles-audio%2F&amp;title=%C2%ABQueremos+empezar+a+armar+nuestro+propio+semillero+femenino%C2%BB+%28Audio%29\">\n<img src=\"https:\/\/labestiadeportiva.com\/lbd\/wp-content\/plugins\/jw-share-this\/su.png\" alt=\"Share this page via Stumble Upon\" \/>\n<\/a>\n<a target=\"_blank\" href=\"http:\/\/digg.com\/submit?url=https%3A%2F%2Flabestiadeportiva.com%2Flbd%2Fqueremos-empezar-a-armar-nuestras-propias-semillero-femenino-en-infantiles-audio%2F&amp;title=%C2%ABQueremos+empezar+a+armar+nuestro+propio+semillero+femenino%C2%BB+%28Audio%29\">\n<img src=\"https:\/\/labestiadeportiva.com\/lbd\/wp-content\/plugins\/jw-share-this\/digg.png\" alt=\"Share this page via Digg this\" \/>\n<\/a>\n<a target=\"_blank\" href=\"http:\/\/www.facebook.com\/sharer.php?u=https%3A%2F%2Flabestiadeportiva.com%2Flbd%2Fqueremos-empezar-a-armar-nuestras-propias-semillero-femenino-en-infantiles-audio%2F&amp;t=%C2%ABQueremos+empezar+a+armar+nuestro+propio+semillero+femenino%C2%BB+%28Audio%29\">\n<img src=\"https:\/\/labestiadeportiva.com\/lbd\/wp-content\/plugins\/jw-share-this\/fb.png\" alt=\"Share this page via Facebook\" \/>\n<\/a>\n<a target=\"_blank\" href=\"http:\/\/twitter.com\/intent\/tweet?text=I+like+https%3A%2F%2Flabestiadeportiva.com%2Flbd%2Fqueremos-empezar-a-armar-nuestras-propias-semillero-femenino-en-infantiles-audio%2F&amp;title=%C2%ABQueremos+empezar+a+armar+nuestro+propio+semillero+femenino%C2%BB+%28Audio%29\">\n<img src=\"https:\/\/labestiadeportiva.com\/lbd\/wp-content\/plugins\/jw-share-this\/twitter.png\" alt=\"Share this page via Twitter\" \/>\n<\/a>\n<\/div>\n","protected":false},"excerpt":{"rendered":"<p>A partir del pr\u00f3ximo lunes 24 la Escuela de Futsal MB comenzar\u00e1 con prueba de jugadoras en el segmento menor. En cuanto a las edades a evaluar ser\u00e1 de 6 a 13 a\u00f1os. El lugar para la captaci\u00f3n, el Polideportivo Mercantil de la calle Abel C\u00e1rdenas. Desde LBD nos contactamos con Mart\u00edn Bonveh\u00ed en busca &hellip; <a href=\"https:\/\/labestiadeportiva.com\/lbd\/queremos-empezar-a-armar-nuestras-propias-semillero-femenino-en-infantiles-audio\/\" class=\"more-link\">Seguir leyendo <span class=\"screen-reader-text\">\u00abQueremos empezar a armar nuestro propio semillero femenino\u00bb (Audio)<\/span> <span class=\"meta-nav\">&rarr;<\/span><\/a><\/p>\n","protected":false},"author":1,"featured_media":32477,"comment_status":"open","ping_status":"open","sticky":false,"template":"","format":"standard","meta":[],"categories":[5,60,3584,2343,1],"tags":[324,4838,1038,30],"_links":{"self":[{"href":"https:\/\/labestiadeportiva.com\/lbd\/wp-json\/wp\/v2\/posts\/32476"}],"collection":[{"href":"https:\/\/labestiadeportiva.com\/lbd\/wp-json\/wp\/v2\/posts"}],"about":[{"href":"https:\/\/labestiadeportiva.com\/lbd\/wp-json\/wp\/v2\/types\/post"}],"author":[{"embeddable":true,"href":"https:\/\/labestiadeportiva.com\/lbd\/wp-json\/wp\/v2\/users\/1"}],"replies":[{"embeddable":true,"href":"https:\/\/labestiadeportiva.com\/lbd\/wp-json\/wp\/v2\/comments?post=32476"}],"version-history":[{"count":3,"href":"https:\/\/labestiadeportiva.com\/lbd\/wp-json\/wp\/v2\/posts\/32476\/revisions"}],"predecessor-version":[{"id":32480,"href":"https:\/\/labestiadeportiva.com\/lbd\/wp-json\/wp\/v2\/posts\/32476\/revisions\/32480"}],"wp:featuredmedia":[{"embeddable":true,"href":"https:\/\/labestiadeportiva.com\/lbd\/wp-json\/wp\/v2\/media\/32477"}],"wp:attachment":[{"href":"https:\/\/labestiadeportiva.com\/lbd\/wp-json\/wp\/v2\/media?parent=32476"}],"wp:term":[{"taxonomy":"category","embeddable":true,"href":"https:\/\/labestiadeportiva.com\/lbd\/wp-json\/wp\/v2\/categories?post=32476"},{"taxonomy":"post_tag","embeddable":true,"href":"https:\/\/labestiadeportiva.com\/lbd\/wp-json\/wp\/v2\/tags?post=32476"}],"curies":[{"name":"wp","href":"https:\/\/api.w.org\/{rel}","templated":true}]}}