{"id":3261,"date":"2013-03-04T22:32:21","date_gmt":"2013-03-04T22:32:21","guid":{"rendered":"http:\/\/labestiadeportiva.com\/lbd\/?p=3261"},"modified":"2013-03-04T22:32:21","modified_gmt":"2013-03-04T22:32:21","slug":"el-enard-en-tdf","status":"publish","type":"post","link":"https:\/\/labestiadeportiva.com\/lbd\/el-enard-en-tdf\/","title":{"rendered":"El ENARD en TDF"},"content":{"rendered":"<p><a href=\"http:\/\/labestiadeportiva.com\/lbd\/wp-content\/uploads\/2013\/03\/IMG_9228.jpg\"><img loading=\"lazy\" class=\"alignleft size-medium wp-image-3262\" title=\"IMG_9228\" src=\"http:\/\/labestiadeportiva.com\/lbd\/wp-content\/uploads\/2013\/03\/IMG_9228-300x159.jpg\" alt=\"\" width=\"300\" height=\"159\" srcset=\"https:\/\/labestiadeportiva.com\/lbd\/wp-content\/uploads\/2013\/03\/IMG_9228-300x159.jpg 300w, https:\/\/labestiadeportiva.com\/lbd\/wp-content\/uploads\/2013\/03\/IMG_9228.jpg 640w\" sizes=\"(max-width: 300px) 100vw, 300px\" \/><\/a>Dos representantes del Ente Nacional de Alto Rendimiento Deportivo (ENARD), Gonzalo Albarrac\u00edn y Daniel Fern\u00e1ndez, visitaron la provincia con el objetivo de realizar una recopilaci\u00f3n de datos sobre la actual infraestructura deportiva. Asimismo se reunieron con las autoridades de la cartera provincial como as\u00ed tambi\u00e9n referentes de varios deportes. Foto Prensa Secretar\u00eda de Deportes.<!--morePara leer Click Aqu\u00ed--><\/p>\n<p>El contacto se efectu\u00f3 el pasado jueves por la tarde y fue una prueba piloto que est\u00e1 efectuando el ente nacional\u00a0 quien intenta evaluar la actual situaci\u00f3n del deporte de alto rendimiento en el pa\u00eds.<\/p>\n<p>En el encuentro que se produjo en Casa de Gobierno donde estuvieron presentes como principales autoridades el secretario de Deportes, Adri\u00e1n Morane; el subsecretario de Deportes, Mart\u00edn Bianchi.<\/p>\n<p>En esta oportunidad las disciplinas convocadas fueron b\u00e1squet, boxeo, atletismo, handball, v\u00f3ley, tiro y deportes acu\u00e1ticos (vela, kayak y nataci\u00f3n).<\/p>\n<p>Para la implementaci\u00f3n de este programa del ENARD fueron escogidas una provincia por cada regi\u00f3n a modo de prueba piloto, ellas fueron Neuqu\u00e9n, San Luis, Entre R\u00edos, Salta, Formosa y Tierra del Fuego.<\/p>\n<div class='epvc-post-count'><span class='epvc-eye'><\/span>  <span class=\"epvc-count\"> 1.051<\/span><span class='epvc-label'> veces le\u00edda<\/span><\/div>\n<div class=\"jwsharethis\">\nShare this: \n<br \/>\n<a href=\"mailto:?subject=El%20ENARD%20en%20TDF&amp;body=https%3A%2F%2Flabestiadeportiva.com%2Flbd%2Fel-enard-en-tdf%2F\">\n<img src=\"https:\/\/labestiadeportiva.com\/lbd\/wp-content\/plugins\/jw-share-this\/email.png\" alt=\"Share this page via Email\" \/>\n<\/a>\n<a target=\"_blank\" href=\"http:\/\/www.stumbleupon.com\/submit?url=https%3A%2F%2Flabestiadeportiva.com%2Flbd%2Fel-enard-en-tdf%2F&amp;title=El+ENARD+en+TDF\">\n<img src=\"https:\/\/labestiadeportiva.com\/lbd\/wp-content\/plugins\/jw-share-this\/su.png\" alt=\"Share this page via Stumble Upon\" \/>\n<\/a>\n<a target=\"_blank\" href=\"http:\/\/digg.com\/submit?url=https%3A%2F%2Flabestiadeportiva.com%2Flbd%2Fel-enard-en-tdf%2F&amp;title=El+ENARD+en+TDF\">\n<img src=\"https:\/\/labestiadeportiva.com\/lbd\/wp-content\/plugins\/jw-share-this\/digg.png\" alt=\"Share this page via Digg this\" \/>\n<\/a>\n<a target=\"_blank\" href=\"http:\/\/www.facebook.com\/sharer.php?u=https%3A%2F%2Flabestiadeportiva.com%2Flbd%2Fel-enard-en-tdf%2F&amp;t=El+ENARD+en+TDF\">\n<img src=\"https:\/\/labestiadeportiva.com\/lbd\/wp-content\/plugins\/jw-share-this\/fb.png\" alt=\"Share this page via Facebook\" \/>\n<\/a>\n<a target=\"_blank\" href=\"http:\/\/twitter.com\/intent\/tweet?text=I+like+https%3A%2F%2Flabestiadeportiva.com%2Flbd%2Fel-enard-en-tdf%2F&amp;title=El+ENARD+en+TDF\">\n<img src=\"https:\/\/labestiadeportiva.com\/lbd\/wp-content\/plugins\/jw-share-this\/twitter.png\" alt=\"Share this page via Twitter\" \/>\n<\/a>\n<\/div>\n","protected":false},"excerpt":{"rendered":"<p>Dos representantes del Ente Nacional de Alto Rendimiento Deportivo (ENARD), Gonzalo Albarrac\u00edn y Daniel Fern\u00e1ndez, visitaron la provincia con el objetivo de realizar una recopilaci\u00f3n de datos sobre la actual infraestructura deportiva. Asimismo se reunieron con las autoridades de la cartera provincial como as\u00ed tambi\u00e9n referentes de varios deportes. Foto Prensa Secretar\u00eda de Deportes. 1.051 &hellip; <a href=\"https:\/\/labestiadeportiva.com\/lbd\/el-enard-en-tdf\/\" class=\"more-link\">Seguir leyendo <span class=\"screen-reader-text\">El ENARD en TDF<\/span> <span class=\"meta-nav\">&rarr;<\/span><\/a><\/p>\n","protected":false},"author":1,"featured_media":3262,"comment_status":"open","ping_status":"open","sticky":false,"template":"","format":"standard","meta":[],"categories":[5,6,1],"tags":[486,487],"_links":{"self":[{"href":"https:\/\/labestiadeportiva.com\/lbd\/wp-json\/wp\/v2\/posts\/3261"}],"collection":[{"href":"https:\/\/labestiadeportiva.com\/lbd\/wp-json\/wp\/v2\/posts"}],"about":[{"href":"https:\/\/labestiadeportiva.com\/lbd\/wp-json\/wp\/v2\/types\/post"}],"author":[{"embeddable":true,"href":"https:\/\/labestiadeportiva.com\/lbd\/wp-json\/wp\/v2\/users\/1"}],"replies":[{"embeddable":true,"href":"https:\/\/labestiadeportiva.com\/lbd\/wp-json\/wp\/v2\/comments?post=3261"}],"version-history":[{"count":1,"href":"https:\/\/labestiadeportiva.com\/lbd\/wp-json\/wp\/v2\/posts\/3261\/revisions"}],"predecessor-version":[{"id":3263,"href":"https:\/\/labestiadeportiva.com\/lbd\/wp-json\/wp\/v2\/posts\/3261\/revisions\/3263"}],"wp:featuredmedia":[{"embeddable":true,"href":"https:\/\/labestiadeportiva.com\/lbd\/wp-json\/wp\/v2\/media\/3262"}],"wp:attachment":[{"href":"https:\/\/labestiadeportiva.com\/lbd\/wp-json\/wp\/v2\/media?parent=3261"}],"wp:term":[{"taxonomy":"category","embeddable":true,"href":"https:\/\/labestiadeportiva.com\/lbd\/wp-json\/wp\/v2\/categories?post=3261"},{"taxonomy":"post_tag","embeddable":true,"href":"https:\/\/labestiadeportiva.com\/lbd\/wp-json\/wp\/v2\/tags?post=3261"}],"curies":[{"name":"wp","href":"https:\/\/api.w.org\/{rel}","templated":true}]}}