{"id":33018,"date":"2019-08-14T09:58:20","date_gmt":"2019-08-14T12:58:20","guid":{"rendered":"http:\/\/labestiadeportiva.com\/lbd\/?p=33018"},"modified":"2019-08-14T09:58:20","modified_gmt":"2019-08-14T12:58:20","slug":"martes-13-para-boca-e-independiente","status":"publish","type":"post","link":"https:\/\/labestiadeportiva.com\/lbd\/martes-13-para-boca-e-independiente\/","title":{"rendered":"Martes 13 para Boca e Independiente"},"content":{"rendered":"<p>Por Javier Nicol\u00e1s Baroli (Corresponsal LBD en R\u00edo Gallegos)<\/p>\n<p><a href=\"http:\/\/labestiadeportiva.com\/lbd\/wp-content\/uploads\/2019\/08\/IMG-20190814-WA0014.jpg\"><img loading=\"lazy\" class=\"aligncenter size-medium wp-image-33019\" src=\"http:\/\/labestiadeportiva.com\/lbd\/wp-content\/uploads\/2019\/08\/IMG-20190814-WA0014-300x169.jpg\" alt=\"IMG-20190814-WA0014\" width=\"300\" height=\"169\" srcset=\"https:\/\/labestiadeportiva.com\/lbd\/wp-content\/uploads\/2019\/08\/IMG-20190814-WA0014-300x169.jpg 300w, https:\/\/labestiadeportiva.com\/lbd\/wp-content\/uploads\/2019\/08\/IMG-20190814-WA0014.jpg 862w\" sizes=\"(max-width: 300px) 100vw, 300px\" \/><\/a>El Xeneize, gran candidato a quedarse con la Copa Argentina, cay\u00f3 por penales ante Almagro tras igualar en 1 gol. Independiente perdi\u00f3 ante su hom\u00f3nimo del Valle por la m\u00ednima y por gol de visitante qued\u00f3 afuera de la Sudamericana.<!--more--><\/p>\n<p>Noche negra para dos grandes del f\u00fatbol Argentino. Boca, el equipo de las figuras internacionales, que hasta se dio el lujo de hacerlo debutar (y con un gol incluido) al Italiano Daniele De Rossi, enfrentaba al humilde Almagro.<\/p>\n<p>El equipo de Alfaro se mostr\u00f3 deslucido, con esa superpoblaci\u00f3n de nombres que m\u00e1s all\u00e1 de sorprender, deja mucho que desear en lo futbolistico.<\/p>\n<p>Almagro, como suele ocurrir en la Copa, le cerr\u00f3 los canales de juego a Boca y hasta cont\u00f3 con algunas situaciones en el segundo tiempo.<\/p>\n<p>En lo penales el equipo de la B Nacional cont\u00f3 con la efectividad que Boca no tuvo adem\u00e1s de la Figura excluyente de su arquero Limousin para que una vez m\u00e1s David derrote a Goliat y se meta en los Octavos de Final de la Copa Argentina.<\/p>\n<p>Independiente ten\u00eda una parada chiva. En el estadio Atahualpa, en la altura de Ecuador, visitaba a su tocayo en el partido de vuelta de los cuarto de final de la Copa Sudam\u00e9ricana.<\/p>\n<p>El partido de ida hab\u00eda sido favorable al Rojo por 2 a 1 pero ese gol conseguido en condici\u00f3n de visitante, termin\u00f3 d\u00e1ndole el pasaje a los Ecuatorianos a las Semifinales del certamen.<\/p>\n<div class='epvc-post-count'><span class='epvc-eye'><\/span>  <span class=\"epvc-count\"> 1.189<\/span><span class='epvc-label'> veces le\u00edda<\/span><\/div>\n<div class=\"jwsharethis\">\nShare this: \n<br \/>\n<a href=\"mailto:?subject=Martes%2013%20para%20Boca%20e%20Independiente&amp;body=https%3A%2F%2Flabestiadeportiva.com%2Flbd%2Fmartes-13-para-boca-e-independiente%2F\">\n<img src=\"https:\/\/labestiadeportiva.com\/lbd\/wp-content\/plugins\/jw-share-this\/email.png\" alt=\"Share this page via Email\" \/>\n<\/a>\n<a target=\"_blank\" href=\"http:\/\/www.stumbleupon.com\/submit?url=https%3A%2F%2Flabestiadeportiva.com%2Flbd%2Fmartes-13-para-boca-e-independiente%2F&amp;title=Martes+13+para+Boca+e+Independiente\">\n<img src=\"https:\/\/labestiadeportiva.com\/lbd\/wp-content\/plugins\/jw-share-this\/su.png\" alt=\"Share this page via Stumble Upon\" \/>\n<\/a>\n<a target=\"_blank\" href=\"http:\/\/digg.com\/submit?url=https%3A%2F%2Flabestiadeportiva.com%2Flbd%2Fmartes-13-para-boca-e-independiente%2F&amp;title=Martes+13+para+Boca+e+Independiente\">\n<img src=\"https:\/\/labestiadeportiva.com\/lbd\/wp-content\/plugins\/jw-share-this\/digg.png\" alt=\"Share this page via Digg this\" \/>\n<\/a>\n<a target=\"_blank\" href=\"http:\/\/www.facebook.com\/sharer.php?u=https%3A%2F%2Flabestiadeportiva.com%2Flbd%2Fmartes-13-para-boca-e-independiente%2F&amp;t=Martes+13+para+Boca+e+Independiente\">\n<img src=\"https:\/\/labestiadeportiva.com\/lbd\/wp-content\/plugins\/jw-share-this\/fb.png\" alt=\"Share this page via Facebook\" \/>\n<\/a>\n<a target=\"_blank\" href=\"http:\/\/twitter.com\/intent\/tweet?text=I+like+https%3A%2F%2Flabestiadeportiva.com%2Flbd%2Fmartes-13-para-boca-e-independiente%2F&amp;title=Martes+13+para+Boca+e+Independiente\">\n<img src=\"https:\/\/labestiadeportiva.com\/lbd\/wp-content\/plugins\/jw-share-this\/twitter.png\" alt=\"Share this page via Twitter\" \/>\n<\/a>\n<\/div>\n","protected":false},"excerpt":{"rendered":"<p>Por Javier Nicol\u00e1s Baroli (Corresponsal LBD en R\u00edo Gallegos) El Xeneize, gran candidato a quedarse con la Copa Argentina, cay\u00f3 por penales ante Almagro tras igualar en 1 gol. Independiente perdi\u00f3 ante su hom\u00f3nimo del Valle por la m\u00ednima y por gol de visitante qued\u00f3 afuera de la Sudamericana. 1.189 veces le\u00edda Share this:<\/p>\n","protected":false},"author":1,"featured_media":33019,"comment_status":"open","ping_status":"open","sticky":false,"template":"","format":"standard","meta":[],"categories":[4,6,393,750,1],"tags":[387,122,17,3660],"_links":{"self":[{"href":"https:\/\/labestiadeportiva.com\/lbd\/wp-json\/wp\/v2\/posts\/33018"}],"collection":[{"href":"https:\/\/labestiadeportiva.com\/lbd\/wp-json\/wp\/v2\/posts"}],"about":[{"href":"https:\/\/labestiadeportiva.com\/lbd\/wp-json\/wp\/v2\/types\/post"}],"author":[{"embeddable":true,"href":"https:\/\/labestiadeportiva.com\/lbd\/wp-json\/wp\/v2\/users\/1"}],"replies":[{"embeddable":true,"href":"https:\/\/labestiadeportiva.com\/lbd\/wp-json\/wp\/v2\/comments?post=33018"}],"version-history":[{"count":1,"href":"https:\/\/labestiadeportiva.com\/lbd\/wp-json\/wp\/v2\/posts\/33018\/revisions"}],"predecessor-version":[{"id":33020,"href":"https:\/\/labestiadeportiva.com\/lbd\/wp-json\/wp\/v2\/posts\/33018\/revisions\/33020"}],"wp:featuredmedia":[{"embeddable":true,"href":"https:\/\/labestiadeportiva.com\/lbd\/wp-json\/wp\/v2\/media\/33019"}],"wp:attachment":[{"href":"https:\/\/labestiadeportiva.com\/lbd\/wp-json\/wp\/v2\/media?parent=33018"}],"wp:term":[{"taxonomy":"category","embeddable":true,"href":"https:\/\/labestiadeportiva.com\/lbd\/wp-json\/wp\/v2\/categories?post=33018"},{"taxonomy":"post_tag","embeddable":true,"href":"https:\/\/labestiadeportiva.com\/lbd\/wp-json\/wp\/v2\/tags?post=33018"}],"curies":[{"name":"wp","href":"https:\/\/api.w.org\/{rel}","templated":true}]}}