{"id":33021,"date":"2019-08-14T15:29:42","date_gmt":"2019-08-14T18:29:42","guid":{"rendered":"http:\/\/labestiadeportiva.com\/lbd\/?p=33021"},"modified":"2019-08-14T15:40:18","modified_gmt":"2019-08-14T18:40:18","slug":"calculamos-alrededor-de-150-autos-en-linea-de-largada-audio","status":"publish","type":"post","link":"https:\/\/labestiadeportiva.com\/lbd\/calculamos-alrededor-de-150-autos-en-linea-de-largada-audio\/","title":{"rendered":"\u00abCalculamos alrededor de 150 autos en l\u00ednea de largada\u00bb (Audio)"},"content":{"rendered":"<p><a href=\"http:\/\/labestiadeportiva.com\/lbd\/wp-content\/uploads\/2019\/08\/FB_IMG_1565799813559.jpg\"><img loading=\"lazy\" src=\"http:\/\/labestiadeportiva.com\/lbd\/wp-content\/uploads\/2019\/08\/FB_IMG_1565799813559-251x300.jpg\" alt=\"FB_IMG_1565799813559\" width=\"251\" height=\"300\" class=\"aligncenter size-medium wp-image-33023\" srcset=\"https:\/\/labestiadeportiva.com\/lbd\/wp-content\/uploads\/2019\/08\/FB_IMG_1565799813559-251x300.jpg 251w, https:\/\/labestiadeportiva.com\/lbd\/wp-content\/uploads\/2019\/08\/FB_IMG_1565799813559.jpg 367w\" sizes=\"(max-width: 251px) 100vw, 251px\" \/><\/a>Cuando restan tan solo 24 horas para el comienzo de las acciones previas a la versi\u00f3n 2019 del GPH fuimos en busca de la palabra de Norberto \u00abViejo\u00bb Pavlov. Entrevista con el referente y nexo local del Gran Premio que comenz\u00f3 a pura emoci\u00f3n (sucede cuando habla sobre sus hijos), la verificaci\u00f3n t\u00e9cnica, merma de inscriptos y cronograma de competencia los principales temas abordados.<!--more--><\/p>\n<p>https:\/\/youtu.be\/0mxUpot73tA<\/p>\n<div class='epvc-post-count'><span class='epvc-eye'><\/span>  <span class=\"epvc-count\"> 1.084<\/span><span class='epvc-label'> veces le\u00edda<\/span><\/div>\n<div class=\"jwsharethis\">\nShare this: \n<br \/>\n<a href=\"mailto:?subject=%C2%ABCalculamos%20alrededor%20de%20150%20autos%20en%20l%C3%ADnea%20de%20largada%C2%BB%20%28Audio%29&amp;body=https%3A%2F%2Flabestiadeportiva.com%2Flbd%2Fcalculamos-alrededor-de-150-autos-en-linea-de-largada-audio%2F\">\n<img src=\"https:\/\/labestiadeportiva.com\/lbd\/wp-content\/plugins\/jw-share-this\/email.png\" alt=\"Share this page via Email\" \/>\n<\/a>\n<a target=\"_blank\" href=\"http:\/\/www.stumbleupon.com\/submit?url=https%3A%2F%2Flabestiadeportiva.com%2Flbd%2Fcalculamos-alrededor-de-150-autos-en-linea-de-largada-audio%2F&amp;title=%C2%ABCalculamos+alrededor+de+150+autos+en+l%C3%ADnea+de+largada%C2%BB+%28Audio%29\">\n<img src=\"https:\/\/labestiadeportiva.com\/lbd\/wp-content\/plugins\/jw-share-this\/su.png\" alt=\"Share this page via Stumble Upon\" \/>\n<\/a>\n<a target=\"_blank\" href=\"http:\/\/digg.com\/submit?url=https%3A%2F%2Flabestiadeportiva.com%2Flbd%2Fcalculamos-alrededor-de-150-autos-en-linea-de-largada-audio%2F&amp;title=%C2%ABCalculamos+alrededor+de+150+autos+en+l%C3%ADnea+de+largada%C2%BB+%28Audio%29\">\n<img src=\"https:\/\/labestiadeportiva.com\/lbd\/wp-content\/plugins\/jw-share-this\/digg.png\" alt=\"Share this page via Digg this\" \/>\n<\/a>\n<a target=\"_blank\" href=\"http:\/\/www.facebook.com\/sharer.php?u=https%3A%2F%2Flabestiadeportiva.com%2Flbd%2Fcalculamos-alrededor-de-150-autos-en-linea-de-largada-audio%2F&amp;t=%C2%ABCalculamos+alrededor+de+150+autos+en+l%C3%ADnea+de+largada%C2%BB+%28Audio%29\">\n<img src=\"https:\/\/labestiadeportiva.com\/lbd\/wp-content\/plugins\/jw-share-this\/fb.png\" alt=\"Share this page via Facebook\" \/>\n<\/a>\n<a target=\"_blank\" href=\"http:\/\/twitter.com\/intent\/tweet?text=I+like+https%3A%2F%2Flabestiadeportiva.com%2Flbd%2Fcalculamos-alrededor-de-150-autos-en-linea-de-largada-audio%2F&amp;title=%C2%ABCalculamos+alrededor+de+150+autos+en+l%C3%ADnea+de+largada%C2%BB+%28Audio%29\">\n<img src=\"https:\/\/labestiadeportiva.com\/lbd\/wp-content\/plugins\/jw-share-this\/twitter.png\" alt=\"Share this page via Twitter\" \/>\n<\/a>\n<\/div>\n","protected":false},"excerpt":{"rendered":"<p>Cuando restan tan solo 24 horas para el comienzo de las acciones previas a la versi\u00f3n 2019 del GPH fuimos en busca de la palabra de Norberto \u00abViejo\u00bb Pavlov. Entrevista con el referente y nexo local del Gran Premio que comenz\u00f3 a pura emoci\u00f3n (sucede cuando habla sobre sus hijos), la verificaci\u00f3n t\u00e9cnica, merma de &hellip; <a href=\"https:\/\/labestiadeportiva.com\/lbd\/calculamos-alrededor-de-150-autos-en-linea-de-largada-audio\/\" class=\"more-link\">Seguir leyendo <span class=\"screen-reader-text\">\u00abCalculamos alrededor de 150 autos en l\u00ednea de largada\u00bb (Audio)<\/span> <span class=\"meta-nav\">&rarr;<\/span><\/a><\/p>\n","protected":false},"author":1,"featured_media":33023,"comment_status":"open","ping_status":"open","sticky":false,"template":"","format":"standard","meta":[],"categories":[2775,5,4,6,60,1],"tags":[86,4838,3982,438],"_links":{"self":[{"href":"https:\/\/labestiadeportiva.com\/lbd\/wp-json\/wp\/v2\/posts\/33021"}],"collection":[{"href":"https:\/\/labestiadeportiva.com\/lbd\/wp-json\/wp\/v2\/posts"}],"about":[{"href":"https:\/\/labestiadeportiva.com\/lbd\/wp-json\/wp\/v2\/types\/post"}],"author":[{"embeddable":true,"href":"https:\/\/labestiadeportiva.com\/lbd\/wp-json\/wp\/v2\/users\/1"}],"replies":[{"embeddable":true,"href":"https:\/\/labestiadeportiva.com\/lbd\/wp-json\/wp\/v2\/comments?post=33021"}],"version-history":[{"count":3,"href":"https:\/\/labestiadeportiva.com\/lbd\/wp-json\/wp\/v2\/posts\/33021\/revisions"}],"predecessor-version":[{"id":33026,"href":"https:\/\/labestiadeportiva.com\/lbd\/wp-json\/wp\/v2\/posts\/33021\/revisions\/33026"}],"wp:featuredmedia":[{"embeddable":true,"href":"https:\/\/labestiadeportiva.com\/lbd\/wp-json\/wp\/v2\/media\/33023"}],"wp:attachment":[{"href":"https:\/\/labestiadeportiva.com\/lbd\/wp-json\/wp\/v2\/media?parent=33021"}],"wp:term":[{"taxonomy":"category","embeddable":true,"href":"https:\/\/labestiadeportiva.com\/lbd\/wp-json\/wp\/v2\/categories?post=33021"},{"taxonomy":"post_tag","embeddable":true,"href":"https:\/\/labestiadeportiva.com\/lbd\/wp-json\/wp\/v2\/tags?post=33021"}],"curies":[{"name":"wp","href":"https:\/\/api.w.org\/{rel}","templated":true}]}}