{"id":33044,"date":"2019-08-16T17:27:11","date_gmt":"2019-08-16T20:27:11","guid":{"rendered":"http:\/\/labestiadeportiva.com\/lbd\/?p=33044"},"modified":"2019-08-16T17:45:17","modified_gmt":"2019-08-16T20:45:17","slug":"los-pibes-de-beto-en-san-rafael-audio","status":"publish","type":"post","link":"https:\/\/labestiadeportiva.com\/lbd\/los-pibes-de-beto-en-san-rafael-audio\/","title":{"rendered":"Los \u00abPibes\u00bb de Beto en San Rafael (Audio)"},"content":{"rendered":"<p><a href=\"http:\/\/labestiadeportiva.com\/lbd\/wp-content\/uploads\/2019\/08\/IMG-20190815-WA0075.jpg\"><img loading=\"lazy\" src=\"http:\/\/labestiadeportiva.com\/lbd\/wp-content\/uploads\/2019\/08\/IMG-20190815-WA0075-300x171.jpg\" alt=\"IMG-20190815-WA0075\" width=\"300\" height=\"171\" class=\"aligncenter size-medium wp-image-33045\" srcset=\"https:\/\/labestiadeportiva.com\/lbd\/wp-content\/uploads\/2019\/08\/IMG-20190815-WA0075-300x171.jpg 300w, https:\/\/labestiadeportiva.com\/lbd\/wp-content\/uploads\/2019\/08\/IMG-20190815-WA0075.jpg 900w\" sizes=\"(max-width: 300px) 100vw, 300px\" \/><\/a>El fin de semana comenzar\u00e1 el viaje del plantel hacia la competencia salonera en tierra mendocina. El Argentino de Selecciones C20 se pondr\u00e1 en marcha el pr\u00f3ximo lunes. Ushuaia compartir\u00e1 la zona A junto a San Rafael, Comodoro y Mendoza. Desde LBD dialogamos con el DT capitalino. Preparaci\u00f3n, amistosos y expectativas los principales temas abordados.<!--more--><\/p>\n<p><a href=\"http:\/\/labestiadeportiva.com\/lbd\/wp-content\/uploads\/2019\/08\/IMG-20190815-WA0078.jpg\"><img loading=\"lazy\" src=\"http:\/\/labestiadeportiva.com\/lbd\/wp-content\/uploads\/2019\/08\/IMG-20190815-WA0078-300x169.jpg\" alt=\"IMG-20190815-WA0078\" width=\"300\" height=\"169\" class=\"aligncenter size-medium wp-image-33049\" srcset=\"https:\/\/labestiadeportiva.com\/lbd\/wp-content\/uploads\/2019\/08\/IMG-20190815-WA0078-300x169.jpg 300w, https:\/\/labestiadeportiva.com\/lbd\/wp-content\/uploads\/2019\/08\/IMG-20190815-WA0078-1024x576.jpg 1024w, https:\/\/labestiadeportiva.com\/lbd\/wp-content\/uploads\/2019\/08\/IMG-20190815-WA0078.jpg 1280w\" sizes=\"(max-width: 300px) 100vw, 300px\" \/><\/a><\/p>\n<p><a href=\"http:\/\/labestiadeportiva.com\/lbd\/wp-content\/uploads\/2019\/08\/IMG-20190815-WA0076.jpg\"><img loading=\"lazy\" src=\"http:\/\/labestiadeportiva.com\/lbd\/wp-content\/uploads\/2019\/08\/IMG-20190815-WA0076-300x300.jpg\" alt=\"IMG-20190815-WA0076\" width=\"300\" height=\"300\" class=\"aligncenter size-medium wp-image-33050\" srcset=\"https:\/\/labestiadeportiva.com\/lbd\/wp-content\/uploads\/2019\/08\/IMG-20190815-WA0076-300x300.jpg 300w, https:\/\/labestiadeportiva.com\/lbd\/wp-content\/uploads\/2019\/08\/IMG-20190815-WA0076-150x150.jpg 150w, https:\/\/labestiadeportiva.com\/lbd\/wp-content\/uploads\/2019\/08\/IMG-20190815-WA0076-160x160.jpg 160w, https:\/\/labestiadeportiva.com\/lbd\/wp-content\/uploads\/2019\/08\/IMG-20190815-WA0076-320x320.jpg 320w, https:\/\/labestiadeportiva.com\/lbd\/wp-content\/uploads\/2019\/08\/IMG-20190815-WA0076-60x60.jpg 60w, https:\/\/labestiadeportiva.com\/lbd\/wp-content\/uploads\/2019\/08\/IMG-20190815-WA0076.jpg 720w\" sizes=\"(max-width: 300px) 100vw, 300px\" \/><\/a><\/p>\n<p>https:\/\/youtu.be\/03LBQ5Ma0Zs<\/p>\n<div class='epvc-post-count'><span class='epvc-eye'><\/span>  <span class=\"epvc-count\"> 1.901<\/span><span class='epvc-label'> veces le\u00edda<\/span><\/div>\n<div class=\"jwsharethis\">\nShare this: \n<br \/>\n<a href=\"mailto:?subject=Los%20%C2%ABPibes%C2%BB%20de%20Beto%20en%20San%20Rafael%20%28Audio%29&amp;body=https%3A%2F%2Flabestiadeportiva.com%2Flbd%2Flos-pibes-de-beto-en-san-rafael-audio%2F\">\n<img src=\"https:\/\/labestiadeportiva.com\/lbd\/wp-content\/plugins\/jw-share-this\/email.png\" alt=\"Share this page via Email\" \/>\n<\/a>\n<a target=\"_blank\" href=\"http:\/\/www.stumbleupon.com\/submit?url=https%3A%2F%2Flabestiadeportiva.com%2Flbd%2Flos-pibes-de-beto-en-san-rafael-audio%2F&amp;title=Los+%C2%ABPibes%C2%BB+de+Beto+en+San+Rafael+%28Audio%29\">\n<img src=\"https:\/\/labestiadeportiva.com\/lbd\/wp-content\/plugins\/jw-share-this\/su.png\" alt=\"Share this page via Stumble Upon\" \/>\n<\/a>\n<a target=\"_blank\" href=\"http:\/\/digg.com\/submit?url=https%3A%2F%2Flabestiadeportiva.com%2Flbd%2Flos-pibes-de-beto-en-san-rafael-audio%2F&amp;title=Los+%C2%ABPibes%C2%BB+de+Beto+en+San+Rafael+%28Audio%29\">\n<img src=\"https:\/\/labestiadeportiva.com\/lbd\/wp-content\/plugins\/jw-share-this\/digg.png\" alt=\"Share this page via Digg this\" \/>\n<\/a>\n<a target=\"_blank\" href=\"http:\/\/www.facebook.com\/sharer.php?u=https%3A%2F%2Flabestiadeportiva.com%2Flbd%2Flos-pibes-de-beto-en-san-rafael-audio%2F&amp;t=Los+%C2%ABPibes%C2%BB+de+Beto+en+San+Rafael+%28Audio%29\">\n<img src=\"https:\/\/labestiadeportiva.com\/lbd\/wp-content\/plugins\/jw-share-this\/fb.png\" alt=\"Share this page via Facebook\" \/>\n<\/a>\n<a target=\"_blank\" href=\"http:\/\/twitter.com\/intent\/tweet?text=I+like+https%3A%2F%2Flabestiadeportiva.com%2Flbd%2Flos-pibes-de-beto-en-san-rafael-audio%2F&amp;title=Los+%C2%ABPibes%C2%BB+de+Beto+en+San+Rafael+%28Audio%29\">\n<img src=\"https:\/\/labestiadeportiva.com\/lbd\/wp-content\/plugins\/jw-share-this\/twitter.png\" alt=\"Share this page via Twitter\" \/>\n<\/a>\n<\/div>\n","protected":false},"excerpt":{"rendered":"<p>El fin de semana comenzar\u00e1 el viaje del plantel hacia la competencia salonera en tierra mendocina. El Argentino de Selecciones C20 se pondr\u00e1 en marcha el pr\u00f3ximo lunes. Ushuaia compartir\u00e1 la zona A junto a San Rafael, Comodoro y Mendoza. Desde LBD dialogamos con el DT capitalino. Preparaci\u00f3n, amistosos y expectativas los principales temas abordados. &hellip; <a href=\"https:\/\/labestiadeportiva.com\/lbd\/los-pibes-de-beto-en-san-rafael-audio\/\" class=\"more-link\">Seguir leyendo <span class=\"screen-reader-text\">Los \u00abPibes\u00bb de Beto en San Rafael (Audio)<\/span> <span class=\"meta-nav\">&rarr;<\/span><\/a><\/p>\n","protected":false},"author":1,"featured_media":33045,"comment_status":"open","ping_status":"open","sticky":false,"template":"","format":"standard","meta":[],"categories":[5,6,60,31,1],"tags":[3669,793,311,920],"_links":{"self":[{"href":"https:\/\/labestiadeportiva.com\/lbd\/wp-json\/wp\/v2\/posts\/33044"}],"collection":[{"href":"https:\/\/labestiadeportiva.com\/lbd\/wp-json\/wp\/v2\/posts"}],"about":[{"href":"https:\/\/labestiadeportiva.com\/lbd\/wp-json\/wp\/v2\/types\/post"}],"author":[{"embeddable":true,"href":"https:\/\/labestiadeportiva.com\/lbd\/wp-json\/wp\/v2\/users\/1"}],"replies":[{"embeddable":true,"href":"https:\/\/labestiadeportiva.com\/lbd\/wp-json\/wp\/v2\/comments?post=33044"}],"version-history":[{"count":4,"href":"https:\/\/labestiadeportiva.com\/lbd\/wp-json\/wp\/v2\/posts\/33044\/revisions"}],"predecessor-version":[{"id":33051,"href":"https:\/\/labestiadeportiva.com\/lbd\/wp-json\/wp\/v2\/posts\/33044\/revisions\/33051"}],"wp:featuredmedia":[{"embeddable":true,"href":"https:\/\/labestiadeportiva.com\/lbd\/wp-json\/wp\/v2\/media\/33045"}],"wp:attachment":[{"href":"https:\/\/labestiadeportiva.com\/lbd\/wp-json\/wp\/v2\/media?parent=33044"}],"wp:term":[{"taxonomy":"category","embeddable":true,"href":"https:\/\/labestiadeportiva.com\/lbd\/wp-json\/wp\/v2\/categories?post=33044"},{"taxonomy":"post_tag","embeddable":true,"href":"https:\/\/labestiadeportiva.com\/lbd\/wp-json\/wp\/v2\/tags?post=33044"}],"curies":[{"name":"wp","href":"https:\/\/api.w.org\/{rel}","templated":true}]}}