{"id":33221,"date":"2019-08-31T13:02:37","date_gmt":"2019-08-31T16:02:37","guid":{"rendered":"http:\/\/labestiadeportiva.com\/lbd\/?p=33221"},"modified":"2019-08-31T17:16:58","modified_gmt":"2019-08-31T20:16:58","slug":"con-el-pie-derecho-7","status":"publish","type":"post","link":"https:\/\/labestiadeportiva.com\/lbd\/con-el-pie-derecho-7\/","title":{"rendered":"Con el pie derecho"},"content":{"rendered":"<p>Por Javier Nicol\u00e1s Baroli (Corresponsal LBD en R\u00edo Gallegos)<\/p>\n<p><a href=\"http:\/\/labestiadeportiva.com\/lbd\/wp-content\/uploads\/2019\/08\/IMG-20190831-WA0003.jpg\"><img loading=\"lazy\" class=\"alignnone size-medium wp-image-33222 aligncenter\" src=\"http:\/\/labestiadeportiva.com\/lbd\/wp-content\/uploads\/2019\/08\/IMG-20190831-WA0003-300x169.jpg\" alt=\"IMG-20190831-WA0003\" width=\"300\" height=\"169\" srcset=\"https:\/\/labestiadeportiva.com\/lbd\/wp-content\/uploads\/2019\/08\/IMG-20190831-WA0003-300x169.jpg 300w, https:\/\/labestiadeportiva.com\/lbd\/wp-content\/uploads\/2019\/08\/IMG-20190831-WA0003.jpg 720w\" sizes=\"(max-width: 300px) 100vw, 300px\" \/><\/a><\/p>\n<p style=\"text-align: left;\">La selecci\u00f3n Argentina de b\u00e1squet debut\u00f3 con el pie derecho en el mundial de la disciplina que se est\u00e1 jugando en China. Rotaci\u00f3n, per\u00edmetro y Campazzo recuperado las notas salientes de la victoria.<\/p>\n<p><!--more--><\/p>\n<p>Gan\u00f3, gole\u00f3 y gust\u00f3. Los dirigidos por Sergio Hern\u00e1ndez confirmaron lo que ven\u00edan mostrando en los partidos de preparaci\u00f3n y pese a las dudas e incertidumbre que hab\u00eda dejado la lesi\u00f3n de su base y figura, el cordob\u00e9s Campazzo, la selecci\u00f3n jug\u00f3 un gran juego y fue dominador los 40 minutos de partido.<\/p>\n<p>Si bien enfrente tuvo el rival que a priori era el m\u00e1s d\u00e9bil de los tres equipos que deber\u00e1 enfrentar en la fase de grupos, ten\u00eda que confirmar en la cancha esa presunci\u00f3n y as\u00ed fue.<\/p>\n<p>Contundente 95-69 con Nicol\u00e1s Laprovittola como el goleador del equipo con 17 puntos. El capit\u00e1n Luis Scola sum\u00f3 15 unidades, en un goleo que se reparti\u00f3 entre todos los jugadores.<\/p>\n<p>El lunes, la albiceleste jugar\u00e1 el segundo partido del grupo B ante Nigeria buscando afianzar y cimentar este sue\u00f1o mundialista que hoy dio su primer paso en la lejana China.<\/p>\n<div class='epvc-post-count'><span class='epvc-eye'><\/span>  <span class=\"epvc-count\"> 948<\/span><span class='epvc-label'> veces le\u00edda<\/span><\/div>\n<div class=\"jwsharethis\">\nShare this: \n<br \/>\n<a href=\"mailto:?subject=Con%20el%20pie%20derecho&amp;body=https%3A%2F%2Flabestiadeportiva.com%2Flbd%2Fcon-el-pie-derecho-7%2F\">\n<img src=\"https:\/\/labestiadeportiva.com\/lbd\/wp-content\/plugins\/jw-share-this\/email.png\" alt=\"Share this page via Email\" \/>\n<\/a>\n<a target=\"_blank\" href=\"http:\/\/www.stumbleupon.com\/submit?url=https%3A%2F%2Flabestiadeportiva.com%2Flbd%2Fcon-el-pie-derecho-7%2F&amp;title=Con+el+pie+derecho\">\n<img src=\"https:\/\/labestiadeportiva.com\/lbd\/wp-content\/plugins\/jw-share-this\/su.png\" alt=\"Share this page via Stumble Upon\" \/>\n<\/a>\n<a target=\"_blank\" href=\"http:\/\/digg.com\/submit?url=https%3A%2F%2Flabestiadeportiva.com%2Flbd%2Fcon-el-pie-derecho-7%2F&amp;title=Con+el+pie+derecho\">\n<img src=\"https:\/\/labestiadeportiva.com\/lbd\/wp-content\/plugins\/jw-share-this\/digg.png\" alt=\"Share this page via Digg this\" \/>\n<\/a>\n<a target=\"_blank\" href=\"http:\/\/www.facebook.com\/sharer.php?u=https%3A%2F%2Flabestiadeportiva.com%2Flbd%2Fcon-el-pie-derecho-7%2F&amp;t=Con+el+pie+derecho\">\n<img src=\"https:\/\/labestiadeportiva.com\/lbd\/wp-content\/plugins\/jw-share-this\/fb.png\" alt=\"Share this page via Facebook\" \/>\n<\/a>\n<a target=\"_blank\" href=\"http:\/\/twitter.com\/intent\/tweet?text=I+like+https%3A%2F%2Flabestiadeportiva.com%2Flbd%2Fcon-el-pie-derecho-7%2F&amp;title=Con+el+pie+derecho\">\n<img src=\"https:\/\/labestiadeportiva.com\/lbd\/wp-content\/plugins\/jw-share-this\/twitter.png\" alt=\"Share this page via Twitter\" \/>\n<\/a>\n<\/div>\n","protected":false},"excerpt":{"rendered":"<p>Por Javier Nicol\u00e1s Baroli (Corresponsal LBD en R\u00edo Gallegos) La selecci\u00f3n Argentina de b\u00e1squet debut\u00f3 con el pie derecho en el mundial de la disciplina que se est\u00e1 jugando en China. Rotaci\u00f3n, per\u00edmetro y Campazzo recuperado las notas salientes de la victoria. 948 veces le\u00edda Share this:<\/p>\n","protected":false},"author":1,"featured_media":33222,"comment_status":"open","ping_status":"open","sticky":false,"template":"","format":"standard","meta":[],"categories":[2432,4,1],"tags":[3999,171,3998,211],"_links":{"self":[{"href":"https:\/\/labestiadeportiva.com\/lbd\/wp-json\/wp\/v2\/posts\/33221"}],"collection":[{"href":"https:\/\/labestiadeportiva.com\/lbd\/wp-json\/wp\/v2\/posts"}],"about":[{"href":"https:\/\/labestiadeportiva.com\/lbd\/wp-json\/wp\/v2\/types\/post"}],"author":[{"embeddable":true,"href":"https:\/\/labestiadeportiva.com\/lbd\/wp-json\/wp\/v2\/users\/1"}],"replies":[{"embeddable":true,"href":"https:\/\/labestiadeportiva.com\/lbd\/wp-json\/wp\/v2\/comments?post=33221"}],"version-history":[{"count":3,"href":"https:\/\/labestiadeportiva.com\/lbd\/wp-json\/wp\/v2\/posts\/33221\/revisions"}],"predecessor-version":[{"id":33226,"href":"https:\/\/labestiadeportiva.com\/lbd\/wp-json\/wp\/v2\/posts\/33221\/revisions\/33226"}],"wp:featuredmedia":[{"embeddable":true,"href":"https:\/\/labestiadeportiva.com\/lbd\/wp-json\/wp\/v2\/media\/33222"}],"wp:attachment":[{"href":"https:\/\/labestiadeportiva.com\/lbd\/wp-json\/wp\/v2\/media?parent=33221"}],"wp:term":[{"taxonomy":"category","embeddable":true,"href":"https:\/\/labestiadeportiva.com\/lbd\/wp-json\/wp\/v2\/categories?post=33221"},{"taxonomy":"post_tag","embeddable":true,"href":"https:\/\/labestiadeportiva.com\/lbd\/wp-json\/wp\/v2\/tags?post=33221"}],"curies":[{"name":"wp","href":"https:\/\/api.w.org\/{rel}","templated":true}]}}