{"id":33227,"date":"2019-09-01T19:51:57","date_gmt":"2019-09-01T22:51:57","guid":{"rendered":"http:\/\/labestiadeportiva.com\/lbd\/?p=33227"},"modified":"2019-09-01T19:56:48","modified_gmt":"2019-09-01T22:56:48","slug":"estoy-muy-feliz-por-pertenecer-a-esta-institucion","status":"publish","type":"post","link":"https:\/\/labestiadeportiva.com\/lbd\/estoy-muy-feliz-por-pertenecer-a-esta-institucion\/","title":{"rendered":"\u00abEstoy muy feliz por pertenecer a esta instituci\u00f3n\u00bb"},"content":{"rendered":"<p><a href=\"http:\/\/labestiadeportiva.com\/lbd\/wp-content\/uploads\/2019\/09\/IMG-20190901-WA0039.jpg\"><img loading=\"lazy\" class=\"alignnone size-medium wp-image-33228\" src=\"http:\/\/labestiadeportiva.com\/lbd\/wp-content\/uploads\/2019\/09\/IMG-20190901-WA0039-300x200.jpg\" alt=\"IMG-20190901-WA0039\" width=\"300\" height=\"200\" srcset=\"https:\/\/labestiadeportiva.com\/lbd\/wp-content\/uploads\/2019\/09\/IMG-20190901-WA0039-300x200.jpg 300w, https:\/\/labestiadeportiva.com\/lbd\/wp-content\/uploads\/2019\/09\/IMG-20190901-WA0039.jpg 1000w\" sizes=\"(max-width: 300px) 100vw, 300px\" \/><\/a>Con Javier Bianchelli, su flamante entrenador, a la cabeza, Hispano Americano de Santa Cruz puso primera y comenz\u00f3 oficialmente los trabajos de pretemporada para la edici\u00f3n 2019\/20 de La Liga Nacional de B\u00e1squet. Ilusi\u00f3n, sonrisas, caras nuevas y viejos conocidos, comenzaron a darle rodaje a la naranja en el \u00abTito\u00bb Wilson. Fuente y foto prensa Hispano B\u00e1squet.<!--more--><\/p>\n<p>El Celeste de la calle Alberdi empez\u00f3 los trabajos con vistas a una nueva participaci\u00f3n, la cuarta consecutiva, en la m\u00e1xima competici\u00f3n nacional de la disciplina.<\/p>\n<p>El entrenador marplatense brind\u00f3 sus sensaciones sobre el primer encuentro con sus dirigidos y como se trabaj\u00f3 para la conformaci\u00f3n del plantel hispanista<\/p>\n<p>\u201cla verdad es que estoy muy contento con todas las contrataciones, siempre priorizando y respetando el presupuesto que el club maneja. Hace a\u00f1os vienen haciendo las cosas muy ordenadas y muy bien y esa es la l\u00ednea que hay que mantener\u201d<\/p>\n<p>Pese a la compleja situaci\u00f3n econ\u00f3mica que atraviesa el pa\u00eds y varias instituciones, Bianchelli y la dirigencia de Hispano pudieron cerrar la contrataci\u00f3n de 3 extranjeros que se sumar\u00edan en los pr\u00f3ximos d\u00edas a los trabajos en R\u00edo Gallegos<\/p>\n<p>\u201cpudimos contratar extranjeros que se pueden pagar, porque en el mercado se manejan unas cifras impresionantes y dentro de ese mercado es lo que pudimos conseguir y estamos muy conformes con ello\u201d precis\u00f3 el entrenador.<\/p>\n<p>Los referentes<\/p>\n<p>Hispano logr\u00f3 mantener dentro del plantel a dos jugadores que cumplieron una destacada liga en la pasada edici\u00f3n. El DT destac\u00f3 la presencia de ellos en el actual plantel<\/p>\n<p>\u201cmantener a referentes del plantel como Daniel Hure y Nicolas Paletta fue prioridad para nosotros y la dirigencia. Me parece que es muy importante sobre todo para la identidad y la continuidad de una imagen de un club y de una ciudad que debe mantener la l\u00ednea de trabajo que viene trayendo.\u201d<\/p>\n<p>Super 20<\/p>\n<p>Finalmente y consultado sobre c\u00f3mo piensa encarar estos d\u00edas de trabajos y la necesidad o no de jugar encuentros amistosos, Bianchelli se\u00f1al\u00f3:<\/p>\n<p>\u201cdebemos usar y pensar al Super 20 como la etapa de preparaci\u00f3n del equipo. Considero que es un torneo de preparaci\u00f3n y nosotros lo vamos a usar para eso. Si eventualmente necesitamos alg\u00fan otro tipo de competencia lo voy a plantear, pero hoy por hoy el Super 20 es la preparaci\u00f3n del equipo.\u201d<\/p>\n<p><a href=\"http:\/\/labestiadeportiva.com\/lbd\/wp-content\/uploads\/2019\/09\/IMG-20190901-WA0040.jpg\"><img loading=\"lazy\" class=\"alignnone size-medium wp-image-33229\" src=\"http:\/\/labestiadeportiva.com\/lbd\/wp-content\/uploads\/2019\/09\/IMG-20190901-WA0040-300x174.jpg\" alt=\"IMG-20190901-WA0040\" width=\"300\" height=\"174\" srcset=\"https:\/\/labestiadeportiva.com\/lbd\/wp-content\/uploads\/2019\/09\/IMG-20190901-WA0040-300x174.jpg 300w, https:\/\/labestiadeportiva.com\/lbd\/wp-content\/uploads\/2019\/09\/IMG-20190901-WA0040.jpg 900w\" sizes=\"(max-width: 300px) 100vw, 300px\" \/><\/a><\/p>\n<div class='epvc-post-count'><span class='epvc-eye'><\/span>  <span class=\"epvc-count\"> 930<\/span><span class='epvc-label'> veces le\u00edda<\/span><\/div>\n<div class=\"jwsharethis\">\nShare this: \n<br \/>\n<a href=\"mailto:?subject=%C2%ABEstoy%20muy%20feliz%20por%20pertenecer%20a%20esta%20instituci%C3%B3n%C2%BB&amp;body=https%3A%2F%2Flabestiadeportiva.com%2Flbd%2Festoy-muy-feliz-por-pertenecer-a-esta-institucion%2F\">\n<img src=\"https:\/\/labestiadeportiva.com\/lbd\/wp-content\/plugins\/jw-share-this\/email.png\" alt=\"Share this page via Email\" \/>\n<\/a>\n<a target=\"_blank\" href=\"http:\/\/www.stumbleupon.com\/submit?url=https%3A%2F%2Flabestiadeportiva.com%2Flbd%2Festoy-muy-feliz-por-pertenecer-a-esta-institucion%2F&amp;title=%C2%ABEstoy+muy+feliz+por+pertenecer+a+esta+instituci%C3%B3n%C2%BB\">\n<img src=\"https:\/\/labestiadeportiva.com\/lbd\/wp-content\/plugins\/jw-share-this\/su.png\" alt=\"Share this page via Stumble Upon\" \/>\n<\/a>\n<a target=\"_blank\" href=\"http:\/\/digg.com\/submit?url=https%3A%2F%2Flabestiadeportiva.com%2Flbd%2Festoy-muy-feliz-por-pertenecer-a-esta-institucion%2F&amp;title=%C2%ABEstoy+muy+feliz+por+pertenecer+a+esta+instituci%C3%B3n%C2%BB\">\n<img src=\"https:\/\/labestiadeportiva.com\/lbd\/wp-content\/plugins\/jw-share-this\/digg.png\" alt=\"Share this page via Digg this\" \/>\n<\/a>\n<a target=\"_blank\" href=\"http:\/\/www.facebook.com\/sharer.php?u=https%3A%2F%2Flabestiadeportiva.com%2Flbd%2Festoy-muy-feliz-por-pertenecer-a-esta-institucion%2F&amp;t=%C2%ABEstoy+muy+feliz+por+pertenecer+a+esta+instituci%C3%B3n%C2%BB\">\n<img src=\"https:\/\/labestiadeportiva.com\/lbd\/wp-content\/plugins\/jw-share-this\/fb.png\" alt=\"Share this page via Facebook\" \/>\n<\/a>\n<a target=\"_blank\" href=\"http:\/\/twitter.com\/intent\/tweet?text=I+like+https%3A%2F%2Flabestiadeportiva.com%2Flbd%2Festoy-muy-feliz-por-pertenecer-a-esta-institucion%2F&amp;title=%C2%ABEstoy+muy+feliz+por+pertenecer+a+esta+instituci%C3%B3n%C2%BB\">\n<img src=\"https:\/\/labestiadeportiva.com\/lbd\/wp-content\/plugins\/jw-share-this\/twitter.png\" alt=\"Share this page via Twitter\" \/>\n<\/a>\n<\/div>\n","protected":false},"excerpt":{"rendered":"<p>Con Javier Bianchelli, su flamante entrenador, a la cabeza, Hispano Americano de Santa Cruz puso primera y comenz\u00f3 oficialmente los trabajos de pretemporada para la edici\u00f3n 2019\/20 de La Liga Nacional de B\u00e1squet. Ilusi\u00f3n, sonrisas, caras nuevas y viejos conocidos, comenzaron a darle rodaje a la naranja en el \u00abTito\u00bb Wilson. Fuente y foto prensa &hellip; <a href=\"https:\/\/labestiadeportiva.com\/lbd\/estoy-muy-feliz-por-pertenecer-a-esta-institucion\/\" class=\"more-link\">Seguir leyendo <span class=\"screen-reader-text\">\u00abEstoy muy feliz por pertenecer a esta instituci\u00f3n\u00bb<\/span> <span class=\"meta-nav\">&rarr;<\/span><\/a><\/p>\n","protected":false},"author":1,"featured_media":33228,"comment_status":"open","ping_status":"open","sticky":false,"template":"","format":"standard","meta":[],"categories":[410,6,1],"tags":[171,3695,1062,3660],"_links":{"self":[{"href":"https:\/\/labestiadeportiva.com\/lbd\/wp-json\/wp\/v2\/posts\/33227"}],"collection":[{"href":"https:\/\/labestiadeportiva.com\/lbd\/wp-json\/wp\/v2\/posts"}],"about":[{"href":"https:\/\/labestiadeportiva.com\/lbd\/wp-json\/wp\/v2\/types\/post"}],"author":[{"embeddable":true,"href":"https:\/\/labestiadeportiva.com\/lbd\/wp-json\/wp\/v2\/users\/1"}],"replies":[{"embeddable":true,"href":"https:\/\/labestiadeportiva.com\/lbd\/wp-json\/wp\/v2\/comments?post=33227"}],"version-history":[{"count":3,"href":"https:\/\/labestiadeportiva.com\/lbd\/wp-json\/wp\/v2\/posts\/33227\/revisions"}],"predecessor-version":[{"id":33233,"href":"https:\/\/labestiadeportiva.com\/lbd\/wp-json\/wp\/v2\/posts\/33227\/revisions\/33233"}],"wp:featuredmedia":[{"embeddable":true,"href":"https:\/\/labestiadeportiva.com\/lbd\/wp-json\/wp\/v2\/media\/33228"}],"wp:attachment":[{"href":"https:\/\/labestiadeportiva.com\/lbd\/wp-json\/wp\/v2\/media?parent=33227"}],"wp:term":[{"taxonomy":"category","embeddable":true,"href":"https:\/\/labestiadeportiva.com\/lbd\/wp-json\/wp\/v2\/categories?post=33227"},{"taxonomy":"post_tag","embeddable":true,"href":"https:\/\/labestiadeportiva.com\/lbd\/wp-json\/wp\/v2\/tags?post=33227"}],"curies":[{"name":"wp","href":"https:\/\/api.w.org\/{rel}","templated":true}]}}