{"id":33533,"date":"2019-09-18T16:18:59","date_gmt":"2019-09-18T19:18:59","guid":{"rendered":"http:\/\/labestiadeportiva.com\/lbd\/?p=33533"},"modified":"2019-09-18T16:18:59","modified_gmt":"2019-09-18T19:18:59","slug":"campeon-por-decision-unanime-audio","status":"publish","type":"post","link":"https:\/\/labestiadeportiva.com\/lbd\/campeon-por-decision-unanime-audio\/","title":{"rendered":"Campe\u00f3n por decisi\u00f3n un\u00e1nime (Audio)"},"content":{"rendered":"<p><a href=\"http:\/\/labestiadeportiva.com\/lbd\/wp-content\/uploads\/2019\/09\/IMG-20190918-WA0042.jpg\"><img loading=\"lazy\" src=\"http:\/\/labestiadeportiva.com\/lbd\/wp-content\/uploads\/2019\/09\/IMG-20190918-WA0042-300x300.jpg\" alt=\"IMG-20190918-WA0042\" width=\"300\" height=\"300\" class=\"alignnone size-medium wp-image-33535\" srcset=\"https:\/\/labestiadeportiva.com\/lbd\/wp-content\/uploads\/2019\/09\/IMG-20190918-WA0042-300x300.jpg 300w, https:\/\/labestiadeportiva.com\/lbd\/wp-content\/uploads\/2019\/09\/IMG-20190918-WA0042-150x150.jpg 150w, https:\/\/labestiadeportiva.com\/lbd\/wp-content\/uploads\/2019\/09\/IMG-20190918-WA0042-160x160.jpg 160w, https:\/\/labestiadeportiva.com\/lbd\/wp-content\/uploads\/2019\/09\/IMG-20190918-WA0042-320x320.jpg 320w, https:\/\/labestiadeportiva.com\/lbd\/wp-content\/uploads\/2019\/09\/IMG-20190918-WA0042-60x60.jpg 60w, https:\/\/labestiadeportiva.com\/lbd\/wp-content\/uploads\/2019\/09\/IMG-20190918-WA0042.jpg 720w\" sizes=\"(max-width: 300px) 100vw, 300px\" \/><\/a><\/p>\n<p>El ushuaiense Agust\u00edn Jara se qued\u00f3 con el t\u00edtulo argentino Kbox Latino el pasado viernes por la noche en la capital juje\u00f1a al derrotar al local Fernando Ciares en 4 rounds en el segmento hasta 67 kilos. El peleador de 20 a\u00f1os nos dio detalles de su combate, temporada, actualidad y futuro en el kick boxing semi profesional.<!--more--><\/p>\n<p>https:\/\/youtu.be\/yBe-ADEZNqM<\/p>\n<div class='epvc-post-count'><span class='epvc-eye'><\/span>  <span class=\"epvc-count\"> 1.190<\/span><span class='epvc-label'> veces le\u00edda<\/span><\/div>\n<div class=\"jwsharethis\">\nShare this: \n<br \/>\n<a href=\"mailto:?subject=Campe%C3%B3n%20por%20decisi%C3%B3n%20un%C3%A1nime%20%28Audio%29&amp;body=https%3A%2F%2Flabestiadeportiva.com%2Flbd%2Fcampeon-por-decision-unanime-audio%2F\">\n<img src=\"https:\/\/labestiadeportiva.com\/lbd\/wp-content\/plugins\/jw-share-this\/email.png\" alt=\"Share this page via Email\" \/>\n<\/a>\n<a target=\"_blank\" href=\"http:\/\/www.stumbleupon.com\/submit?url=https%3A%2F%2Flabestiadeportiva.com%2Flbd%2Fcampeon-por-decision-unanime-audio%2F&amp;title=Campe%C3%B3n+por+decisi%C3%B3n+un%C3%A1nime+%28Audio%29\">\n<img src=\"https:\/\/labestiadeportiva.com\/lbd\/wp-content\/plugins\/jw-share-this\/su.png\" alt=\"Share this page via Stumble Upon\" \/>\n<\/a>\n<a target=\"_blank\" href=\"http:\/\/digg.com\/submit?url=https%3A%2F%2Flabestiadeportiva.com%2Flbd%2Fcampeon-por-decision-unanime-audio%2F&amp;title=Campe%C3%B3n+por+decisi%C3%B3n+un%C3%A1nime+%28Audio%29\">\n<img src=\"https:\/\/labestiadeportiva.com\/lbd\/wp-content\/plugins\/jw-share-this\/digg.png\" alt=\"Share this page via Digg this\" \/>\n<\/a>\n<a target=\"_blank\" href=\"http:\/\/www.facebook.com\/sharer.php?u=https%3A%2F%2Flabestiadeportiva.com%2Flbd%2Fcampeon-por-decision-unanime-audio%2F&amp;t=Campe%C3%B3n+por+decisi%C3%B3n+un%C3%A1nime+%28Audio%29\">\n<img src=\"https:\/\/labestiadeportiva.com\/lbd\/wp-content\/plugins\/jw-share-this\/fb.png\" alt=\"Share this page via Facebook\" \/>\n<\/a>\n<a target=\"_blank\" href=\"http:\/\/twitter.com\/intent\/tweet?text=I+like+https%3A%2F%2Flabestiadeportiva.com%2Flbd%2Fcampeon-por-decision-unanime-audio%2F&amp;title=Campe%C3%B3n+por+decisi%C3%B3n+un%C3%A1nime+%28Audio%29\">\n<img src=\"https:\/\/labestiadeportiva.com\/lbd\/wp-content\/plugins\/jw-share-this\/twitter.png\" alt=\"Share this page via Twitter\" \/>\n<\/a>\n<\/div>\n","protected":false},"excerpt":{"rendered":"<p>El ushuaiense Agust\u00edn Jara se qued\u00f3 con el t\u00edtulo argentino Kbox Latino el pasado viernes por la noche en la capital juje\u00f1a al derrotar al local Fernando Ciares en 4 rounds en el segmento hasta 67 kilos. El peleador de 20 a\u00f1os nos dio detalles de su combate, temporada, actualidad y futuro en el kick &hellip; <a href=\"https:\/\/labestiadeportiva.com\/lbd\/campeon-por-decision-unanime-audio\/\" class=\"more-link\">Seguir leyendo <span class=\"screen-reader-text\">Campe\u00f3n por decisi\u00f3n un\u00e1nime (Audio)<\/span> <span class=\"meta-nav\">&rarr;<\/span><\/a><\/p>\n","protected":false},"author":1,"featured_media":33535,"comment_status":"open","ping_status":"open","sticky":false,"template":"","format":"standard","meta":[],"categories":[2237,5,6,60,1],"tags":[4838,4015,4030,1443],"_links":{"self":[{"href":"https:\/\/labestiadeportiva.com\/lbd\/wp-json\/wp\/v2\/posts\/33533"}],"collection":[{"href":"https:\/\/labestiadeportiva.com\/lbd\/wp-json\/wp\/v2\/posts"}],"about":[{"href":"https:\/\/labestiadeportiva.com\/lbd\/wp-json\/wp\/v2\/types\/post"}],"author":[{"embeddable":true,"href":"https:\/\/labestiadeportiva.com\/lbd\/wp-json\/wp\/v2\/users\/1"}],"replies":[{"embeddable":true,"href":"https:\/\/labestiadeportiva.com\/lbd\/wp-json\/wp\/v2\/comments?post=33533"}],"version-history":[{"count":1,"href":"https:\/\/labestiadeportiva.com\/lbd\/wp-json\/wp\/v2\/posts\/33533\/revisions"}],"predecessor-version":[{"id":33537,"href":"https:\/\/labestiadeportiva.com\/lbd\/wp-json\/wp\/v2\/posts\/33533\/revisions\/33537"}],"wp:featuredmedia":[{"embeddable":true,"href":"https:\/\/labestiadeportiva.com\/lbd\/wp-json\/wp\/v2\/media\/33535"}],"wp:attachment":[{"href":"https:\/\/labestiadeportiva.com\/lbd\/wp-json\/wp\/v2\/media?parent=33533"}],"wp:term":[{"taxonomy":"category","embeddable":true,"href":"https:\/\/labestiadeportiva.com\/lbd\/wp-json\/wp\/v2\/categories?post=33533"},{"taxonomy":"post_tag","embeddable":true,"href":"https:\/\/labestiadeportiva.com\/lbd\/wp-json\/wp\/v2\/tags?post=33533"}],"curies":[{"name":"wp","href":"https:\/\/api.w.org\/{rel}","templated":true}]}}