{"id":3358,"date":"2013-03-08T22:03:29","date_gmt":"2013-03-08T22:03:29","guid":{"rendered":"http:\/\/labestiadeportiva.com\/lbd\/?p=3358"},"modified":"2013-03-08T22:05:50","modified_gmt":"2013-03-08T22:05:50","slug":"agenda-deportiva-14","status":"publish","type":"post","link":"https:\/\/labestiadeportiva.com\/lbd\/agenda-deportiva-14\/","title":{"rendered":"Agenda Deportiva"},"content":{"rendered":"<p><a href=\"http:\/\/labestiadeportiva.com\/lbd\/wp-content\/uploads\/2013\/03\/Imagen-1784.jpg\"><img loading=\"lazy\" class=\"alignleft size-medium wp-image-3359\" title=\"Imagen 1784\" src=\"http:\/\/labestiadeportiva.com\/lbd\/wp-content\/uploads\/2013\/03\/Imagen-1784-300x207.jpg\" alt=\"\" width=\"300\" height=\"207\" srcset=\"https:\/\/labestiadeportiva.com\/lbd\/wp-content\/uploads\/2013\/03\/Imagen-1784-300x207.jpg 300w, https:\/\/labestiadeportiva.com\/lbd\/wp-content\/uploads\/2013\/03\/Imagen-1784.jpg 640w\" sizes=\"(max-width: 300px) 100vw, 300px\" \/><\/a>A partir de este viernes se pondr\u00e1 en marcha el mejor fin de semana deportivo en lo que va del 2013. Se presentar\u00e1n Karting, golf, f\u00fatbol 11, bicicletas de descenso, bochas, rugby y handball. Desde LBD te brindamos todos los detalles.<\/p>\n<p><span style=\"color: #0000ff;\">Karting<\/span><\/p>\n<p>El domingo por la ma\u00f1ana en el kart\u00f3dromo capitalino se pondr\u00e1 en marcha el Campeonato Provincial de la especialidad que lleva adelante por tercer a\u00f1o consecutivo la APKU 2000 junto a la ARK. <!--morePara leer Click Aqu\u00ed-->Las acciones oficiales comenzar\u00e1n desde las 9 de la ma\u00f1ana, al mediod\u00eda llegar\u00e1n clasificaci\u00f3n, series y finales. Cuatro categor\u00edas en pista, Sthil 60, Sudam Limitada 125, Zanella 125 y Sudam Senior 125.<\/p>\n<p><span style=\"color: #0000ff;\">Golf<\/span><\/p>\n<p>Desde este jueves por la tarde, con la cl\u00ednica del internacional Vicente \u201cChino\u201d Fern\u00e1ndez, comenzaron las actividades correspondientes XVI Edici\u00f3n\u00a0 del Abierto Fueguino.<\/p>\n<p>En la cancha todo comenzar\u00e1 el viernes por la ma\u00f1ana continuando durante el s\u00e1bado. M\u00e1s de ochenta jugadores locales, nacionales e internacionales ser\u00e1n de la partida.<\/p>\n<p><a href=\"http:\/\/labestiadeportiva.com\/lbd\/wp-content\/uploads\/2013\/03\/Imagen-536.jpg\"><img loading=\"lazy\" class=\"aligncenter size-medium wp-image-3366\" title=\"Imagen 536\" src=\"http:\/\/labestiadeportiva.com\/lbd\/wp-content\/uploads\/2013\/03\/Imagen-536-300x199.jpg\" alt=\"\" width=\"300\" height=\"199\" srcset=\"https:\/\/labestiadeportiva.com\/lbd\/wp-content\/uploads\/2013\/03\/Imagen-536-300x199.jpg 300w, https:\/\/labestiadeportiva.com\/lbd\/wp-content\/uploads\/2013\/03\/Imagen-536.jpg 640w\" sizes=\"(max-width: 300px) 100vw, 300px\" \/><\/a><span style=\"color: #0000ff;\">F\u00fatbol 11<\/span><\/p>\n<p>A partir de este viernes por la noche se pondr\u00e1 en marcha sobre el sint\u00e9tico del \u201cHugo Lumbreras\u201d una nueva fecha del torneo oficial de primera divisi\u00f3n 2012\/2013 \u201cFeliciano Genes\u201d.<\/p>\n<p>Se jugar\u00e1n 9 encuentros, se destacan el del s\u00e1bado a las 20 entre Mutual BTF y Centro Galicia como as\u00ed tambi\u00e9n el domingo en el mismo horario cuando el l\u00edder Mercantil choque ante Los Cuervos FDM.<\/p>\n<p><a href=\"http:\/\/labestiadeportiva.com\/lbd\/wp-content\/uploads\/2013\/03\/Imagen-2892.jpg\"><img loading=\"lazy\" class=\"aligncenter size-medium wp-image-3360\" title=\"Imagen 2892\" src=\"http:\/\/labestiadeportiva.com\/lbd\/wp-content\/uploads\/2013\/03\/Imagen-2892-300x212.jpg\" alt=\"\" width=\"300\" height=\"212\" srcset=\"https:\/\/labestiadeportiva.com\/lbd\/wp-content\/uploads\/2013\/03\/Imagen-2892-300x212.jpg 300w, https:\/\/labestiadeportiva.com\/lbd\/wp-content\/uploads\/2013\/03\/Imagen-2892.jpg 640w\" sizes=\"(max-width: 300px) 100vw, 300px\" \/><\/a><span style=\"color: #0000ff;\">Bicicletas de Descenso<\/span><\/p>\n<p>Este domingo desde el mediod\u00eda se realizar\u00e1 la 3\u00b0 edici\u00f3n del \u201cAvalanche\u201d competencia de descenso de 5 k que se iniciar\u00e1 en la base de la aerosilla del \u201cGlaciar Martial\u201d concluyendo en Damiana Fique y Marcos Zar.<\/p>\n<p>Se competir\u00e1 en dos categor\u00edas, semirr\u00edgidos y dobles suspensi\u00f3n donde los participantes largar\u00e1n en forma conjunta. Ser\u00e1n dos bajadas a las 12 y 14.30 horas, en esta oportunidad los organizadores recibir\u00e1n la visita de dos corredores de San Carlos de Bariloche pertenecientes al Team Zenith.<\/p>\n<p><span style=\"color: #0000ff;\">Bochas<\/span><\/p>\n<p>La Asociaci\u00f3n Boch\u00f3filos Ushuaia realizar\u00e1 desde este viernes por la tarde en las dos canchas municipales de sint\u00e9tico un torneo en la modalidad individual. El primer d\u00eda de juego se iniciar\u00e1 a las 19.30, el s\u00e1bado continuar\u00e1 a las 16 mientras que la jornada dominguera se extender\u00e1\u00a0 desde las 14 hasta finalizar la competencia.<\/p>\n<p><a href=\"http:\/\/labestiadeportiva.com\/lbd\/wp-content\/uploads\/2013\/03\/Imagen-516.jpg\"><img loading=\"lazy\" class=\"aligncenter size-medium wp-image-3361\" title=\"Imagen 516\" src=\"http:\/\/labestiadeportiva.com\/lbd\/wp-content\/uploads\/2013\/03\/Imagen-516-300x199.jpg\" alt=\"\" width=\"300\" height=\"199\" srcset=\"https:\/\/labestiadeportiva.com\/lbd\/wp-content\/uploads\/2013\/03\/Imagen-516-300x199.jpg 300w, https:\/\/labestiadeportiva.com\/lbd\/wp-content\/uploads\/2013\/03\/Imagen-516.jpg 640w\" sizes=\"(max-width: 300px) 100vw, 300px\" \/><\/a><span style=\"color: #0000ff;\">Rugby<\/span><\/p>\n<p>La actividad de la ovalada durante el fin de semana abarcar\u00e1 casi a todos los segmentos. Este s\u00e1bado desde las 11 y hasta las 13 se presentar\u00e1n amistosamente los M14 en formato reducido.<\/p>\n<p>De 13 a 15 llegar\u00e1 el turno de los veteranos quienes disputar\u00e1n la primera fecha del torneo \u201cGlorias del Rugby\u201d organizado por la Subsecretar\u00eda de Deportes Municipal para luego de 15 a 17 dejar paso a los M16 todo esto sobre el c\u00e9sped natural del \u201cAgust\u00edn Pichot\u201d.<\/p>\n<p>Asimismo el domingo en el mismo campo de juego se enfrentar\u00e1n por la zona ascenso desde las 13.30 Orcas ante Club Colegio del Sur. En el horario de las 15 se enfrentar\u00e1n en cancha del URC el local ante Universitario por la zona campeonato mientras que en el mismo horario jugar\u00edan en el \u201cAgust\u00edn Pichot\u201d en formato amistoso oficial Las \u00c1guilas y R\u00edo Grande RHC aunque a\u00fan los riograndenses no confirmaron su presencia.<\/p>\n<p><a href=\"http:\/\/labestiadeportiva.com\/lbd\/wp-content\/uploads\/2013\/03\/Imagen-1571.jpg\"><img loading=\"lazy\" class=\"aligncenter size-medium wp-image-3362\" title=\"Imagen 1571\" src=\"http:\/\/labestiadeportiva.com\/lbd\/wp-content\/uploads\/2013\/03\/Imagen-1571-300x185.jpg\" alt=\"\" width=\"300\" height=\"185\" srcset=\"https:\/\/labestiadeportiva.com\/lbd\/wp-content\/uploads\/2013\/03\/Imagen-1571-300x185.jpg 300w, https:\/\/labestiadeportiva.com\/lbd\/wp-content\/uploads\/2013\/03\/Imagen-1571-1024x633.jpg 1024w, https:\/\/labestiadeportiva.com\/lbd\/wp-content\/uploads\/2013\/03\/Imagen-1571.jpg 1666w\" sizes=\"(max-width: 300px) 100vw, 300px\" \/><\/a><span style=\"color: #0000ff;\">Handball<\/span><\/p>\n<p>Desde este viernes a las 14 comenz\u00f3 una capacitaci\u00f3n a cargo del entrenador de la Selecci\u00f3n Argentina Eduardo \u201cDaddy\u201d Gallardo. Entrenamiento intensivo con la selecci\u00f3n provincial de cadetes y juveniles para luego el s\u00e1bado y domingo realizar una cl\u00ednica abierta a todos los interesados. La actividad organizada por la flamante Federaci\u00f3n Balonmano Tierra del Fuego se desarrolla en el gimnasio \u201cCochocho\u201d Vargas.<\/p>\n<p><a href=\"http:\/\/labestiadeportiva.com\/lbd\/wp-content\/uploads\/2013\/03\/Imagen-1533.jpg\"><img loading=\"lazy\" class=\"aligncenter size-medium wp-image-3363\" title=\"Imagen 1533\" src=\"http:\/\/labestiadeportiva.com\/lbd\/wp-content\/uploads\/2013\/03\/Imagen-1533-300x171.jpg\" alt=\"\" width=\"300\" height=\"171\" srcset=\"https:\/\/labestiadeportiva.com\/lbd\/wp-content\/uploads\/2013\/03\/Imagen-1533-300x171.jpg 300w, https:\/\/labestiadeportiva.com\/lbd\/wp-content\/uploads\/2013\/03\/Imagen-1533.jpg 640w\" sizes=\"(max-width: 300px) 100vw, 300px\" \/><\/a><span style=\"color: #0000ff;\">F\u00fatbol 11 Torneo Oficial 2012\/2013 \u201cFeliciano Genes\u201d<\/span><br \/>\nCancha c\u00e9sped sint\u00e9tico \u201cHugo Lumbreras\u201d<br \/>\nViernes\u00a0 8<br \/>\n21.30 1\u00b0 B El Duende\/Lasserre<br \/>\nS\u00e1bado 9<br \/>\n14.00 1\u00b0 B\u00a0 Andes Sur\/La UOM<br \/>\n16.00 1\u00b0 B\u00a0 Lago Escondido\/CAEF<br \/>\n18.00 1\u00b0 B\u00a0 El Fort\u00edn\/Campolter<br \/>\n20.00 1\u00b0 A\u00a0 Centro Galicia\/Mutual BTF<br \/>\nDomingo\u00a0 10<br \/>\n12.00 1\u00b0 B\u00a0 Les Eclaireurs\/G\u00fcemes<br \/>\n14.00 1\u00b0 A \u00a0Camioneros\/Arturo Prat<br \/>\n16.00 1\u00b0 A\u00a0 Juventud del Sur\/El Porvenir<br \/>\n18.00 1\u00b0 A\u00a0 Los Andes Jrs.\/Libertad<br \/>\n20.00 1\u00b0 A\u00a0 Los Cuervos FDM\/Mercantil<\/p>\n<p><a href=\"http:\/\/labestiadeportiva.com\/lbd\/wp-content\/uploads\/2013\/03\/MG_1612.jpg\"><img loading=\"lazy\" class=\"aligncenter size-medium wp-image-3365\" title=\"_MG_1612\" src=\"http:\/\/labestiadeportiva.com\/lbd\/wp-content\/uploads\/2013\/03\/MG_1612-300x134.jpg\" alt=\"\" width=\"300\" height=\"134\" srcset=\"https:\/\/labestiadeportiva.com\/lbd\/wp-content\/uploads\/2013\/03\/MG_1612-300x134.jpg 300w, https:\/\/labestiadeportiva.com\/lbd\/wp-content\/uploads\/2013\/03\/MG_1612.jpg 640w\" sizes=\"(max-width: 300px) 100vw, 300px\" \/><\/a><\/p>\n<p>&nbsp;<\/p>\n<div class='epvc-post-count'><span class='epvc-eye'><\/span>  <span class=\"epvc-count\"> 981<\/span><span class='epvc-label'> veces le\u00edda<\/span><\/div>\n<div class=\"jwsharethis\">\nShare this: \n<br \/>\n<a href=\"mailto:?subject=Agenda%20Deportiva&amp;body=https%3A%2F%2Flabestiadeportiva.com%2Flbd%2Fagenda-deportiva-14%2F\">\n<img src=\"https:\/\/labestiadeportiva.com\/lbd\/wp-content\/plugins\/jw-share-this\/email.png\" alt=\"Share this page via Email\" \/>\n<\/a>\n<a target=\"_blank\" href=\"http:\/\/www.stumbleupon.com\/submit?url=https%3A%2F%2Flabestiadeportiva.com%2Flbd%2Fagenda-deportiva-14%2F&amp;title=Agenda+Deportiva\">\n<img src=\"https:\/\/labestiadeportiva.com\/lbd\/wp-content\/plugins\/jw-share-this\/su.png\" alt=\"Share this page via Stumble Upon\" \/>\n<\/a>\n<a target=\"_blank\" href=\"http:\/\/digg.com\/submit?url=https%3A%2F%2Flabestiadeportiva.com%2Flbd%2Fagenda-deportiva-14%2F&amp;title=Agenda+Deportiva\">\n<img src=\"https:\/\/labestiadeportiva.com\/lbd\/wp-content\/plugins\/jw-share-this\/digg.png\" alt=\"Share this page via Digg this\" \/>\n<\/a>\n<a target=\"_blank\" href=\"http:\/\/www.facebook.com\/sharer.php?u=https%3A%2F%2Flabestiadeportiva.com%2Flbd%2Fagenda-deportiva-14%2F&amp;t=Agenda+Deportiva\">\n<img src=\"https:\/\/labestiadeportiva.com\/lbd\/wp-content\/plugins\/jw-share-this\/fb.png\" alt=\"Share this page via Facebook\" \/>\n<\/a>\n<a target=\"_blank\" href=\"http:\/\/twitter.com\/intent\/tweet?text=I+like+https%3A%2F%2Flabestiadeportiva.com%2Flbd%2Fagenda-deportiva-14%2F&amp;title=Agenda+Deportiva\">\n<img src=\"https:\/\/labestiadeportiva.com\/lbd\/wp-content\/plugins\/jw-share-this\/twitter.png\" alt=\"Share this page via Twitter\" \/>\n<\/a>\n<\/div>\n","protected":false},"excerpt":{"rendered":"<p>A partir de este viernes se pondr\u00e1 en marcha el mejor fin de semana deportivo en lo que va del 2013. Se presentar\u00e1n Karting, golf, f\u00fatbol 11, bicicletas de descenso, bochas, rugby y handball. Desde LBD te brindamos todos los detalles. Karting El domingo por la ma\u00f1ana en el kart\u00f3dromo capitalino se pondr\u00e1 en marcha &hellip; <a href=\"https:\/\/labestiadeportiva.com\/lbd\/agenda-deportiva-14\/\" class=\"more-link\">Seguir leyendo <span class=\"screen-reader-text\">Agenda Deportiva<\/span> <span class=\"meta-nav\">&rarr;<\/span><\/a><\/p>\n","protected":false},"author":1,"featured_media":3359,"comment_status":"open","ping_status":"open","sticky":false,"template":"","format":"standard","meta":[],"categories":[5,1],"tags":[62,83],"_links":{"self":[{"href":"https:\/\/labestiadeportiva.com\/lbd\/wp-json\/wp\/v2\/posts\/3358"}],"collection":[{"href":"https:\/\/labestiadeportiva.com\/lbd\/wp-json\/wp\/v2\/posts"}],"about":[{"href":"https:\/\/labestiadeportiva.com\/lbd\/wp-json\/wp\/v2\/types\/post"}],"author":[{"embeddable":true,"href":"https:\/\/labestiadeportiva.com\/lbd\/wp-json\/wp\/v2\/users\/1"}],"replies":[{"embeddable":true,"href":"https:\/\/labestiadeportiva.com\/lbd\/wp-json\/wp\/v2\/comments?post=3358"}],"version-history":[{"count":2,"href":"https:\/\/labestiadeportiva.com\/lbd\/wp-json\/wp\/v2\/posts\/3358\/revisions"}],"predecessor-version":[{"id":3368,"href":"https:\/\/labestiadeportiva.com\/lbd\/wp-json\/wp\/v2\/posts\/3358\/revisions\/3368"}],"wp:featuredmedia":[{"embeddable":true,"href":"https:\/\/labestiadeportiva.com\/lbd\/wp-json\/wp\/v2\/media\/3359"}],"wp:attachment":[{"href":"https:\/\/labestiadeportiva.com\/lbd\/wp-json\/wp\/v2\/media?parent=3358"}],"wp:term":[{"taxonomy":"category","embeddable":true,"href":"https:\/\/labestiadeportiva.com\/lbd\/wp-json\/wp\/v2\/categories?post=3358"},{"taxonomy":"post_tag","embeddable":true,"href":"https:\/\/labestiadeportiva.com\/lbd\/wp-json\/wp\/v2\/tags?post=3358"}],"curies":[{"name":"wp","href":"https:\/\/api.w.org\/{rel}","templated":true}]}}