{"id":33584,"date":"2019-09-21T09:46:36","date_gmt":"2019-09-21T12:46:36","guid":{"rendered":"http:\/\/labestiadeportiva.com\/lbd\/?p=33584"},"modified":"2019-09-21T12:49:24","modified_gmt":"2019-09-21T15:49:24","slug":"viernes-de-biatlon-sabado-para-el-esqui-de-fondo","status":"publish","type":"post","link":"https:\/\/labestiadeportiva.com\/lbd\/viernes-de-biatlon-sabado-para-el-esqui-de-fondo\/","title":{"rendered":"Viernes de biatl\u00f3n, s\u00e1bado para el esqu\u00ed de fondo"},"content":{"rendered":"<p>Por Mart\u00edn Bianchi (Especial para LBD desde Neuqu\u00e9n)<\/p>\n<p><a href=\"http:\/\/labestiadeportiva.com\/lbd\/wp-content\/uploads\/2019\/09\/IMG-20190920-WA0079.jpg\"><img loading=\"lazy\" class=\"alignnone size-medium wp-image-33585 aligncenter\" src=\"http:\/\/labestiadeportiva.com\/lbd\/wp-content\/uploads\/2019\/09\/IMG-20190920-WA0079-251x300.jpg\" alt=\"IMG-20190920-WA0079\" width=\"251\" height=\"300\" srcset=\"https:\/\/labestiadeportiva.com\/lbd\/wp-content\/uploads\/2019\/09\/IMG-20190920-WA0079-251x300.jpg 251w, https:\/\/labestiadeportiva.com\/lbd\/wp-content\/uploads\/2019\/09\/IMG-20190920-WA0079-855x1024.jpg 855w, https:\/\/labestiadeportiva.com\/lbd\/wp-content\/uploads\/2019\/09\/IMG-20190920-WA0079.jpg 977w\" sizes=\"(max-width: 251px) 100vw, 251px\" \/><\/a><\/p>\n<p>Luego de las acreditaciones del pasado jueves comenz\u00f3 la acci\u00f3n de los Juegos Nacionales de Invierno. El Ol\u00edmpico y amigo profesor Mart\u00edn Bianchi nos hace una cr\u00f3nica del debut para el esqu\u00ed de fondo. Las fotos son gentileza de la \u00abLeyenda\u00bb Luis Argel.<!--more--><\/p>\n<p>En el d\u00eda de hoy, viernes, iniciaron las competencias de los IV Juegos Argentinos de Invierno en San Mart\u00edn de los Andes, Provincia de Neuqu\u00e9n.<\/p>\n<p>El equipo fueguino comenz\u00f3 su participaci\u00f3n con una destacada labor en la disciplina del Biatl\u00f3n (modalidad que conjuga la destreza del esquiador con la punter\u00eda del tirador con carabina 22).<\/p>\n<p>El terceto Fueguino comandado por \u00abFede\u00bb Moyano ocup\u00f3 el 5\u00b0, 6\u00b0 y 7\u00b0 lugar por detr\u00e1s de los tres integrantes del equipo de Rio negro.<\/p>\n<p>Al comienzo de la competencia Moyano acert\u00f3 todos los tiros de la posici\u00f3n de tendido (acostado) lo que levant\u00f3 la tribuna fueguina y encendi\u00f3 la ilusi\u00f3n para TDF.<\/p>\n<p><a href=\"http:\/\/labestiadeportiva.com\/lbd\/wp-content\/uploads\/2019\/09\/IMG-20190920-WA0052.jpg\"><img loading=\"lazy\" class=\"alignnone size-medium wp-image-33586 aligncenter\" src=\"http:\/\/labestiadeportiva.com\/lbd\/wp-content\/uploads\/2019\/09\/IMG-20190920-WA0052-300x297.jpg\" alt=\"IMG-20190920-WA0052\" width=\"300\" height=\"297\" srcset=\"https:\/\/labestiadeportiva.com\/lbd\/wp-content\/uploads\/2019\/09\/IMG-20190920-WA0052-300x297.jpg 300w, https:\/\/labestiadeportiva.com\/lbd\/wp-content\/uploads\/2019\/09\/IMG-20190920-WA0052-150x150.jpg 150w, https:\/\/labestiadeportiva.com\/lbd\/wp-content\/uploads\/2019\/09\/IMG-20190920-WA0052-1024x1012.jpg 1024w, https:\/\/labestiadeportiva.com\/lbd\/wp-content\/uploads\/2019\/09\/IMG-20190920-WA0052-60x60.jpg 60w, https:\/\/labestiadeportiva.com\/lbd\/wp-content\/uploads\/2019\/09\/IMG-20190920-WA0052.jpg 1201w\" sizes=\"(max-width: 300px) 100vw, 300px\" \/><\/a><\/p>\n<p>Desafortunadamente en la segunda manga al tirar de pie, no pudo mantener la efectividad y tuvo que completar cinco vueltas de penalidad, situaci\u00f3n que lo alej\u00f3 de la punta de la competencia, logrando un importante quinto puesto para la Provincia.<\/p>\n<p>La joven promesa Thomas Contreras (20 a\u00f1os) realiz\u00f3 una carrera pareja y consistente en donde demostr\u00f3 su efectividad en el tiro y el esqu\u00ed de fondo para completar el 6 puesto de la general.<\/p>\n<p>Santiago Burgos por su parte logr\u00f3 afianzarse a medida que transcurr\u00eda la prueba y con un excelente desempe\u00f1o en el esqu\u00ed de fondo termin\u00f3 7\u00b0, sumando importantes puntos para la Provincia.<\/p>\n<p>La prueba fue comandada en todo momento por el r\u00edonegrino Javier Gim\u00e9nez quien acert\u00f3 los diez tiros y completo el recorrido en un tiempo r\u00e9cord de 33&#8242; 22\u00bb, Lo secund\u00f3 en el podio Axel Ciuffo y el tercer lugar fue para Gabriel Fernandez, los tres integrantes del equipo militar de Biatlon que tiene sede en Bariloche.<\/p>\n<p><a href=\"http:\/\/labestiadeportiva.com\/lbd\/wp-content\/uploads\/2019\/09\/IMG-20190920-WA0048.jpg\"><img loading=\"lazy\" class=\"alignnone size-medium wp-image-33587 aligncenter\" src=\"http:\/\/labestiadeportiva.com\/lbd\/wp-content\/uploads\/2019\/09\/IMG-20190920-WA0048-300x235.jpg\" alt=\"IMG-20190920-WA0048\" width=\"300\" height=\"235\" srcset=\"https:\/\/labestiadeportiva.com\/lbd\/wp-content\/uploads\/2019\/09\/IMG-20190920-WA0048-300x235.jpg 300w, https:\/\/labestiadeportiva.com\/lbd\/wp-content\/uploads\/2019\/09\/IMG-20190920-WA0048-1024x802.jpg 1024w, https:\/\/labestiadeportiva.com\/lbd\/wp-content\/uploads\/2019\/09\/IMG-20190920-WA0048.jpg 1280w\" sizes=\"(max-width: 300px) 100vw, 300px\" \/><\/a><\/p>\n<p>Cabe destacar que pr\u00f3ximamente se unir\u00e1 al equipo el joven Contreras quien presenta condiciones para destacarse en un futuro cercano. Contreras demostr\u00f3 solvencia y profesionalismo en esta carrera situaci\u00f3n que lo coloca como un futuro exponente de este deporte a nivel internacional.<\/p>\n<p>Ma\u00f1ana s\u00e1bado ser\u00e1 el turno del esqu\u00ed de fondo en donde \u00abMati\u00bb Zuloaga defender\u00e1 su t\u00edtulo en los 10 kil\u00f3metros cl\u00e1sicos.<br \/>\n<a href=\"http:\/\/labestiadeportiva.com\/lbd\/wp-content\/uploads\/2019\/09\/IMG-20190920-WA00772.jpg\"><img loading=\"lazy\" class=\"alignnone size-medium wp-image-33588 aligncenter\" src=\"http:\/\/labestiadeportiva.com\/lbd\/wp-content\/uploads\/2019\/09\/IMG-20190920-WA00772-225x300.jpg\" alt=\"IMG-20190920-WA0077~2\" width=\"225\" height=\"300\" srcset=\"https:\/\/labestiadeportiva.com\/lbd\/wp-content\/uploads\/2019\/09\/IMG-20190920-WA00772-225x300.jpg 225w, https:\/\/labestiadeportiva.com\/lbd\/wp-content\/uploads\/2019\/09\/IMG-20190920-WA00772-768x1024.jpg 768w, https:\/\/labestiadeportiva.com\/lbd\/wp-content\/uploads\/2019\/09\/IMG-20190920-WA00772.jpg 774w\" sizes=\"(max-width: 225px) 100vw, 225px\" \/><\/a><\/p>\n<div class='epvc-post-count'><span class='epvc-eye'><\/span>  <span class=\"epvc-count\"> 1.236<\/span><span class='epvc-label'> veces le\u00edda<\/span><\/div>\n<div class=\"jwsharethis\">\nShare this: \n<br \/>\n<a href=\"mailto:?subject=Viernes%20de%20biatl%C3%B3n%2C%20s%C3%A1bado%20para%20el%20esqu%C3%AD%20de%20fondo&amp;body=https%3A%2F%2Flabestiadeportiva.com%2Flbd%2Fviernes-de-biatlon-sabado-para-el-esqui-de-fondo%2F\">\n<img src=\"https:\/\/labestiadeportiva.com\/lbd\/wp-content\/plugins\/jw-share-this\/email.png\" alt=\"Share this page via Email\" \/>\n<\/a>\n<a target=\"_blank\" href=\"http:\/\/www.stumbleupon.com\/submit?url=https%3A%2F%2Flabestiadeportiva.com%2Flbd%2Fviernes-de-biatlon-sabado-para-el-esqui-de-fondo%2F&amp;title=Viernes+de+biatl%C3%B3n%2C+s%C3%A1bado+para+el+esqu%C3%AD+de+fondo\">\n<img src=\"https:\/\/labestiadeportiva.com\/lbd\/wp-content\/plugins\/jw-share-this\/su.png\" alt=\"Share this page via Stumble Upon\" \/>\n<\/a>\n<a target=\"_blank\" href=\"http:\/\/digg.com\/submit?url=https%3A%2F%2Flabestiadeportiva.com%2Flbd%2Fviernes-de-biatlon-sabado-para-el-esqui-de-fondo%2F&amp;title=Viernes+de+biatl%C3%B3n%2C+s%C3%A1bado+para+el+esqu%C3%AD+de+fondo\">\n<img src=\"https:\/\/labestiadeportiva.com\/lbd\/wp-content\/plugins\/jw-share-this\/digg.png\" alt=\"Share this page via Digg this\" \/>\n<\/a>\n<a target=\"_blank\" href=\"http:\/\/www.facebook.com\/sharer.php?u=https%3A%2F%2Flabestiadeportiva.com%2Flbd%2Fviernes-de-biatlon-sabado-para-el-esqui-de-fondo%2F&amp;t=Viernes+de+biatl%C3%B3n%2C+s%C3%A1bado+para+el+esqu%C3%AD+de+fondo\">\n<img src=\"https:\/\/labestiadeportiva.com\/lbd\/wp-content\/plugins\/jw-share-this\/fb.png\" alt=\"Share this page via Facebook\" \/>\n<\/a>\n<a target=\"_blank\" href=\"http:\/\/twitter.com\/intent\/tweet?text=I+like+https%3A%2F%2Flabestiadeportiva.com%2Flbd%2Fviernes-de-biatlon-sabado-para-el-esqui-de-fondo%2F&amp;title=Viernes+de+biatl%C3%B3n%2C+s%C3%A1bado+para+el+esqu%C3%AD+de+fondo\">\n<img src=\"https:\/\/labestiadeportiva.com\/lbd\/wp-content\/plugins\/jw-share-this\/twitter.png\" alt=\"Share this page via Twitter\" \/>\n<\/a>\n<\/div>\n","protected":false},"excerpt":{"rendered":"<p>Por Mart\u00edn Bianchi (Especial para LBD desde Neuqu\u00e9n) Luego de las acreditaciones del pasado jueves comenz\u00f3 la acci\u00f3n de los Juegos Nacionales de Invierno. El Ol\u00edmpico y amigo profesor Mart\u00edn Bianchi nos hace una cr\u00f3nica del debut para el esqu\u00ed de fondo. Las fotos son gentileza de la \u00abLeyenda\u00bb Luis Argel. 1.236 veces le\u00edda Share &hellip; <a href=\"https:\/\/labestiadeportiva.com\/lbd\/viernes-de-biatlon-sabado-para-el-esqui-de-fondo\/\" class=\"more-link\">Seguir leyendo <span class=\"screen-reader-text\">Viernes de biatl\u00f3n, s\u00e1bado para el esqu\u00ed de fondo<\/span> <span class=\"meta-nav\">&rarr;<\/span><\/a><\/p>\n","protected":false},"author":1,"featured_media":33585,"comment_status":"open","ping_status":"open","sticky":false,"template":"","format":"standard","meta":[],"categories":[4033,5,6,41,4032,1],"tags":[4034,3686,3864,3866],"_links":{"self":[{"href":"https:\/\/labestiadeportiva.com\/lbd\/wp-json\/wp\/v2\/posts\/33584"}],"collection":[{"href":"https:\/\/labestiadeportiva.com\/lbd\/wp-json\/wp\/v2\/posts"}],"about":[{"href":"https:\/\/labestiadeportiva.com\/lbd\/wp-json\/wp\/v2\/types\/post"}],"author":[{"embeddable":true,"href":"https:\/\/labestiadeportiva.com\/lbd\/wp-json\/wp\/v2\/users\/1"}],"replies":[{"embeddable":true,"href":"https:\/\/labestiadeportiva.com\/lbd\/wp-json\/wp\/v2\/comments?post=33584"}],"version-history":[{"count":2,"href":"https:\/\/labestiadeportiva.com\/lbd\/wp-json\/wp\/v2\/posts\/33584\/revisions"}],"predecessor-version":[{"id":33591,"href":"https:\/\/labestiadeportiva.com\/lbd\/wp-json\/wp\/v2\/posts\/33584\/revisions\/33591"}],"wp:featuredmedia":[{"embeddable":true,"href":"https:\/\/labestiadeportiva.com\/lbd\/wp-json\/wp\/v2\/media\/33585"}],"wp:attachment":[{"href":"https:\/\/labestiadeportiva.com\/lbd\/wp-json\/wp\/v2\/media?parent=33584"}],"wp:term":[{"taxonomy":"category","embeddable":true,"href":"https:\/\/labestiadeportiva.com\/lbd\/wp-json\/wp\/v2\/categories?post=33584"},{"taxonomy":"post_tag","embeddable":true,"href":"https:\/\/labestiadeportiva.com\/lbd\/wp-json\/wp\/v2\/tags?post=33584"}],"curies":[{"name":"wp","href":"https:\/\/api.w.org\/{rel}","templated":true}]}}