{"id":33625,"date":"2019-09-22T18:20:43","date_gmt":"2019-09-22T21:20:43","guid":{"rendered":"http:\/\/labestiadeportiva.com\/lbd\/?p=33625"},"modified":"2019-09-22T18:28:25","modified_gmt":"2019-09-22T21:28:25","slug":"el-biatlon-se-despidio-de-los-juegos","status":"publish","type":"post","link":"https:\/\/labestiadeportiva.com\/lbd\/el-biatlon-se-despidio-de-los-juegos\/","title":{"rendered":"El biatl\u00f3n se despidi\u00f3 de Los Juegos"},"content":{"rendered":"<p>Por Mart\u00edn Bianchi (Especial para LBD desde Neuqu\u00e9n)<\/p>\n<p><a href=\"http:\/\/labestiadeportiva.com\/lbd\/wp-content\/uploads\/2019\/09\/IMG-20190922-WA0043.jpg\"><img loading=\"lazy\" src=\"http:\/\/labestiadeportiva.com\/lbd\/wp-content\/uploads\/2019\/09\/IMG-20190922-WA0043-300x271.jpg\" alt=\"IMG-20190922-WA0043\" width=\"300\" height=\"271\" class=\"aligncenter size-medium wp-image-33627\" srcset=\"https:\/\/labestiadeportiva.com\/lbd\/wp-content\/uploads\/2019\/09\/IMG-20190922-WA0043-300x271.jpg 300w, https:\/\/labestiadeportiva.com\/lbd\/wp-content\/uploads\/2019\/09\/IMG-20190922-WA0043.jpg 1014w\" sizes=\"(max-width: 300px) 100vw, 300px\" \/><\/a><\/p>\n<p>Compartimos la tercera cr\u00f3nica del profesor Mart\u00edn Bianchi desde la sede de los Juegos Nacionales de Invierno 2019 con las novedades de los atletas de las tablas y las carabinas. Las fotos son gentileza de Luis Argel.<!--more--><\/p>\n<p>\u00daltima Jornada para el Biatlon en Chapelco. El equipo rionegrino se destac\u00f3 nuevamente ocupando los tres primeros puestos del podio en la rama masculina y lo mismo logr\u00f3 en la rama femenina. <\/p>\n<p>Nuevamente Javier Gim\u00e9nez se impuso con gran autoridad desde el principio de la competencia al igual que lo hizo Cecilia Dom\u00ednguez en las mujeres. <\/p>\n<p>La prueba de hoy consisti\u00f3 en la Persecuci\u00f3n en masa en donde los esquiadores parten todos juntos y deben realizar cuatro entradas al pol\u00edgono dos de tendido (acostado) y dos de pie. <\/p>\n<p>Las condiciones del circuito no eran las mejores, ya que el mismo se encontraba muy duro y congelado debido al cambio de temperaturas que hubo desde el d\u00eda de ayer al de hoy. <\/p>\n<p>Por esta raz\u00f3n se tuvo que demorar la partida una media hora para que el sol pueda aflojar un poco el piso y evitar accidentes. <\/p>\n<p><a href=\"http:\/\/labestiadeportiva.com\/lbd\/wp-content\/uploads\/2019\/09\/IMG-20190922-WA0041.jpg\"><img loading=\"lazy\" src=\"http:\/\/labestiadeportiva.com\/lbd\/wp-content\/uploads\/2019\/09\/IMG-20190922-WA0041-300x225.jpg\" alt=\"IMG-20190922-WA0041\" width=\"300\" height=\"225\" class=\"aligncenter size-medium wp-image-33628\" srcset=\"https:\/\/labestiadeportiva.com\/lbd\/wp-content\/uploads\/2019\/09\/IMG-20190922-WA0041-300x225.jpg 300w, https:\/\/labestiadeportiva.com\/lbd\/wp-content\/uploads\/2019\/09\/IMG-20190922-WA0041-1024x768.jpg 1024w, https:\/\/labestiadeportiva.com\/lbd\/wp-content\/uploads\/2019\/09\/IMG-20190922-WA0041.jpg 1280w\" sizes=\"(max-width: 300px) 100vw, 300px\" \/><\/a><\/p>\n<p>Asimismo por ser este un evento en donde participan corredores en formaci\u00f3n se opt\u00f3 por realizar el circuito esquiando sin carabina a los efectos de facilitarles el dominio sobre los esqu\u00eds a los participantes. <\/p>\n<p>Una vez ingresados al pol\u00edgono personal del equipo militar de Biatlon realizaba la entrega de las carabinas para efectuar los disparos correspondientes. <\/p>\n<p>Con respecto a la participaci\u00f3n fueguina \u00abFede\u00bb Moyano hizo un excelente desempe\u00f1o llegando \u00abpalo y palo\u00bb con Mart\u00edn Trumpio (representante de la Provincia de Buenos Aires, tambi\u00e9n integrante del equipo militar de Biatlon), al \u00faltimo pol\u00edgono peleando por el cuarto puesto. <\/p>\n<p>Todos los presentes estaban a la expectativa del desenlace de esta lucha ya que los tres primeros puestos estaban marcados con una considerable diferencia. <\/p>\n<p><a href=\"http:\/\/labestiadeportiva.com\/lbd\/wp-content\/uploads\/2019\/09\/IMG-20190922-WA0042.jpg\"><img loading=\"lazy\" src=\"http:\/\/labestiadeportiva.com\/lbd\/wp-content\/uploads\/2019\/09\/IMG-20190922-WA0042-300x220.jpg\" alt=\"IMG-20190922-WA0042\" width=\"300\" height=\"220\" class=\"alignnone size-medium wp-image-33629\" srcset=\"https:\/\/labestiadeportiva.com\/lbd\/wp-content\/uploads\/2019\/09\/IMG-20190922-WA0042-300x220.jpg 300w, https:\/\/labestiadeportiva.com\/lbd\/wp-content\/uploads\/2019\/09\/IMG-20190922-WA0042.jpg 1011w\" sizes=\"(max-width: 300px) 100vw, 300px\" \/><\/a><\/p>\n<p>Hasta el ante\u00faltimo tiro ven\u00edan parejos con tres aciertos cada uno y fue el quinto y \u00faltimo disparo que acert\u00f3 trumpio y err\u00f3 Moyano lo que lo penaliz\u00f3 con una vuelta m\u00e1s dificultando al fueguino la posibilidad de alcanzar el cuarto puesto.<\/p>\n<p>De esta manera el tercero de Tierra del Fuego obtuvo el 5\u00b0, 6\u00b0 (Santiago Burgos) y 7\u00b0 (Thomas Contreras) sumando la misma cantidad de puntos que en la primera jornada.<\/p>\n<p>Ma\u00f1ana lunes se realizar\u00e1 el Sprint de Skating para el esqu\u00ed de fondo. En donde el equipo provincial se ilusiona con posibilidad de podios para Tierra del Fuego.<br \/>\n<a href=\"http:\/\/labestiadeportiva.com\/lbd\/wp-content\/uploads\/2019\/09\/Screenshot_20190922-1730402.png\"><img loading=\"lazy\" src=\"http:\/\/labestiadeportiva.com\/lbd\/wp-content\/uploads\/2019\/09\/Screenshot_20190922-1730402-234x300.png\" alt=\"Screenshot_20190922-173040~2\" width=\"234\" height=\"300\" class=\"aligncenter size-medium wp-image-33630\" srcset=\"https:\/\/labestiadeportiva.com\/lbd\/wp-content\/uploads\/2019\/09\/Screenshot_20190922-1730402-234x300.png 234w, https:\/\/labestiadeportiva.com\/lbd\/wp-content\/uploads\/2019\/09\/Screenshot_20190922-1730402-798x1024.png 798w, https:\/\/labestiadeportiva.com\/lbd\/wp-content\/uploads\/2019\/09\/Screenshot_20190922-1730402.png 942w\" sizes=\"(max-width: 234px) 100vw, 234px\" \/><\/a><\/p>\n<div class='epvc-post-count'><span class='epvc-eye'><\/span>  <span class=\"epvc-count\"> 1.255<\/span><span class='epvc-label'> veces le\u00edda<\/span><\/div>\n<div class=\"jwsharethis\">\nShare this: \n<br \/>\n<a href=\"mailto:?subject=El%20biatl%C3%B3n%20se%20despidi%C3%B3%20de%20Los%20Juegos&amp;body=https%3A%2F%2Flabestiadeportiva.com%2Flbd%2Fel-biatlon-se-despidio-de-los-juegos%2F\">\n<img src=\"https:\/\/labestiadeportiva.com\/lbd\/wp-content\/plugins\/jw-share-this\/email.png\" alt=\"Share this page via Email\" \/>\n<\/a>\n<a target=\"_blank\" href=\"http:\/\/www.stumbleupon.com\/submit?url=https%3A%2F%2Flabestiadeportiva.com%2Flbd%2Fel-biatlon-se-despidio-de-los-juegos%2F&amp;title=El+biatl%C3%B3n+se+despidi%C3%B3+de+Los+Juegos\">\n<img src=\"https:\/\/labestiadeportiva.com\/lbd\/wp-content\/plugins\/jw-share-this\/su.png\" alt=\"Share this page via Stumble Upon\" \/>\n<\/a>\n<a target=\"_blank\" href=\"http:\/\/digg.com\/submit?url=https%3A%2F%2Flabestiadeportiva.com%2Flbd%2Fel-biatlon-se-despidio-de-los-juegos%2F&amp;title=El+biatl%C3%B3n+se+despidi%C3%B3+de+Los+Juegos\">\n<img src=\"https:\/\/labestiadeportiva.com\/lbd\/wp-content\/plugins\/jw-share-this\/digg.png\" alt=\"Share this page via Digg this\" \/>\n<\/a>\n<a target=\"_blank\" href=\"http:\/\/www.facebook.com\/sharer.php?u=https%3A%2F%2Flabestiadeportiva.com%2Flbd%2Fel-biatlon-se-despidio-de-los-juegos%2F&amp;t=El+biatl%C3%B3n+se+despidi%C3%B3+de+Los+Juegos\">\n<img src=\"https:\/\/labestiadeportiva.com\/lbd\/wp-content\/plugins\/jw-share-this\/fb.png\" alt=\"Share this page via Facebook\" \/>\n<\/a>\n<a target=\"_blank\" href=\"http:\/\/twitter.com\/intent\/tweet?text=I+like+https%3A%2F%2Flabestiadeportiva.com%2Flbd%2Fel-biatlon-se-despidio-de-los-juegos%2F&amp;title=El+biatl%C3%B3n+se+despidi%C3%B3+de+Los+Juegos\">\n<img src=\"https:\/\/labestiadeportiva.com\/lbd\/wp-content\/plugins\/jw-share-this\/twitter.png\" alt=\"Share this page via Twitter\" \/>\n<\/a>\n<\/div>\n","protected":false},"excerpt":{"rendered":"<p>Por Mart\u00edn Bianchi (Especial para LBD desde Neuqu\u00e9n) Compartimos la tercera cr\u00f3nica del profesor Mart\u00edn Bianchi desde la sede de los Juegos Nacionales de Invierno 2019 con las novedades de los atletas de las tablas y las carabinas. Las fotos son gentileza de Luis Argel. 1.255 veces le\u00edda Share this:<\/p>\n","protected":false},"author":1,"featured_media":33627,"comment_status":"open","ping_status":"open","sticky":false,"template":"","format":"standard","meta":[],"categories":[4033,5,6,41,4032,1],"tags":[1833,3686,3864],"_links":{"self":[{"href":"https:\/\/labestiadeportiva.com\/lbd\/wp-json\/wp\/v2\/posts\/33625"}],"collection":[{"href":"https:\/\/labestiadeportiva.com\/lbd\/wp-json\/wp\/v2\/posts"}],"about":[{"href":"https:\/\/labestiadeportiva.com\/lbd\/wp-json\/wp\/v2\/types\/post"}],"author":[{"embeddable":true,"href":"https:\/\/labestiadeportiva.com\/lbd\/wp-json\/wp\/v2\/users\/1"}],"replies":[{"embeddable":true,"href":"https:\/\/labestiadeportiva.com\/lbd\/wp-json\/wp\/v2\/comments?post=33625"}],"version-history":[{"count":2,"href":"https:\/\/labestiadeportiva.com\/lbd\/wp-json\/wp\/v2\/posts\/33625\/revisions"}],"predecessor-version":[{"id":33633,"href":"https:\/\/labestiadeportiva.com\/lbd\/wp-json\/wp\/v2\/posts\/33625\/revisions\/33633"}],"wp:featuredmedia":[{"embeddable":true,"href":"https:\/\/labestiadeportiva.com\/lbd\/wp-json\/wp\/v2\/media\/33627"}],"wp:attachment":[{"href":"https:\/\/labestiadeportiva.com\/lbd\/wp-json\/wp\/v2\/media?parent=33625"}],"wp:term":[{"taxonomy":"category","embeddable":true,"href":"https:\/\/labestiadeportiva.com\/lbd\/wp-json\/wp\/v2\/categories?post=33625"},{"taxonomy":"post_tag","embeddable":true,"href":"https:\/\/labestiadeportiva.com\/lbd\/wp-json\/wp\/v2\/tags?post=33625"}],"curies":[{"name":"wp","href":"https:\/\/api.w.org\/{rel}","templated":true}]}}