{"id":33682,"date":"2019-09-25T15:48:03","date_gmt":"2019-09-25T18:48:03","guid":{"rendered":"http:\/\/labestiadeportiva.com\/lbd\/?p=33682"},"modified":"2019-09-25T15:48:03","modified_gmt":"2019-09-25T18:48:03","slug":"solo-falta-la-firma","status":"publish","type":"post","link":"https:\/\/labestiadeportiva.com\/lbd\/solo-falta-la-firma\/","title":{"rendered":"Solo falta la firma"},"content":{"rendered":"<p><a href=\"http:\/\/labestiadeportiva.com\/lbd\/wp-content\/uploads\/2019\/09\/IMG-20190925-WA0030.jpg\"><img loading=\"lazy\" src=\"http:\/\/labestiadeportiva.com\/lbd\/wp-content\/uploads\/2019\/09\/IMG-20190925-WA0030-300x169.jpg\" alt=\"IMG-20190925-WA0030\" width=\"300\" height=\"169\" class=\"aligncenter size-medium wp-image-33683\" srcset=\"https:\/\/labestiadeportiva.com\/lbd\/wp-content\/uploads\/2019\/09\/IMG-20190925-WA0030-300x169.jpg 300w, https:\/\/labestiadeportiva.com\/lbd\/wp-content\/uploads\/2019\/09\/IMG-20190925-WA0030-1024x576.jpg 1024w, https:\/\/labestiadeportiva.com\/lbd\/wp-content\/uploads\/2019\/09\/IMG-20190925-WA0030.jpg 1280w\" sizes=\"(max-width: 300px) 100vw, 300px\" \/><\/a><\/p>\n<p>Este martes por la tarde noche en la sede de la Liga Ushuaiense se realiz\u00f3 la reuni\u00f3n entre dirigentes y las asociaciones de \u00e1rbitros. Hubo contrapropuesta arbitral que fue aceptada. Este mi\u00e9rcoles la dirigencia inform\u00f3 los costos a los clubes y solo resta firmar el acta final el jueves. El pr\u00f3ximo fin de semana volver\u00e1 la acci\u00f3n oficial a las canchas. Desde LBD los detalles.<!--more--><\/p>\n<p>Luego de dos horas de reuni\u00f3n en la sede futbolera de la 640 Viviendas todos contentos. En cuanto a las presencias Gonz\u00e1lez, Silva y Gal\u00edndez representaron a la Liga mientras que entre los principales hombres de negro podemos citar a Juan Covacich y Ezequiel Almada entre otros.<\/p>\n<p>L\u00f3gico y pagable aumento para los \u00e1rbitros de 400 pesos, los equipos abonaban 1100 y ahora ser\u00e1n 1300, quedando el costo del partido de primera divisi\u00f3n en el sint\u00e9tico en $2.600.<\/p>\n<p>Durante este mi\u00e9rcoles se termin\u00f3 de informar la novedad a los clubes y en la reuni\u00f3n de los jueves, donde se confirma el fixture, se firmar\u00e1 el acta final donde quedar\u00e1n fijados los valores hasta fin de a\u00f1o.<\/p>\n<p>Buena noticia de cara a lo que vendr\u00e1 en cuanto a la competencia de futsal y f\u00fatbol 11 local, regional y nacional que involucrar\u00e1 a jugadores, clubes y \u00e1rbitros.  <\/p>\n<div class='epvc-post-count'><span class='epvc-eye'><\/span>  <span class=\"epvc-count\"> 1.033<\/span><span class='epvc-label'> veces le\u00edda<\/span><\/div>\n<div class=\"jwsharethis\">\nShare this: \n<br \/>\n<a href=\"mailto:?subject=Solo%20falta%20la%20firma&amp;body=https%3A%2F%2Flabestiadeportiva.com%2Flbd%2Fsolo-falta-la-firma%2F\">\n<img src=\"https:\/\/labestiadeportiva.com\/lbd\/wp-content\/plugins\/jw-share-this\/email.png\" alt=\"Share this page via Email\" \/>\n<\/a>\n<a target=\"_blank\" href=\"http:\/\/www.stumbleupon.com\/submit?url=https%3A%2F%2Flabestiadeportiva.com%2Flbd%2Fsolo-falta-la-firma%2F&amp;title=Solo+falta+la+firma\">\n<img src=\"https:\/\/labestiadeportiva.com\/lbd\/wp-content\/plugins\/jw-share-this\/su.png\" alt=\"Share this page via Stumble Upon\" \/>\n<\/a>\n<a target=\"_blank\" href=\"http:\/\/digg.com\/submit?url=https%3A%2F%2Flabestiadeportiva.com%2Flbd%2Fsolo-falta-la-firma%2F&amp;title=Solo+falta+la+firma\">\n<img src=\"https:\/\/labestiadeportiva.com\/lbd\/wp-content\/plugins\/jw-share-this\/digg.png\" alt=\"Share this page via Digg this\" \/>\n<\/a>\n<a target=\"_blank\" href=\"http:\/\/www.facebook.com\/sharer.php?u=https%3A%2F%2Flabestiadeportiva.com%2Flbd%2Fsolo-falta-la-firma%2F&amp;t=Solo+falta+la+firma\">\n<img src=\"https:\/\/labestiadeportiva.com\/lbd\/wp-content\/plugins\/jw-share-this\/fb.png\" alt=\"Share this page via Facebook\" \/>\n<\/a>\n<a target=\"_blank\" href=\"http:\/\/twitter.com\/intent\/tweet?text=I+like+https%3A%2F%2Flabestiadeportiva.com%2Flbd%2Fsolo-falta-la-firma%2F&amp;title=Solo+falta+la+firma\">\n<img src=\"https:\/\/labestiadeportiva.com\/lbd\/wp-content\/plugins\/jw-share-this\/twitter.png\" alt=\"Share this page via Twitter\" \/>\n<\/a>\n<\/div>\n","protected":false},"excerpt":{"rendered":"<p>Este martes por la tarde noche en la sede de la Liga Ushuaiense se realiz\u00f3 la reuni\u00f3n entre dirigentes y las asociaciones de \u00e1rbitros. Hubo contrapropuesta arbitral que fue aceptada. Este mi\u00e9rcoles la dirigencia inform\u00f3 los costos a los clubes y solo resta firmar el acta final el jueves. El pr\u00f3ximo fin de semana volver\u00e1 &hellip; <a href=\"https:\/\/labestiadeportiva.com\/lbd\/solo-falta-la-firma\/\" class=\"more-link\">Seguir leyendo <span class=\"screen-reader-text\">Solo falta la firma<\/span> <span class=\"meta-nav\">&rarr;<\/span><\/a><\/p>\n","protected":false},"author":1,"featured_media":33683,"comment_status":"open","ping_status":"open","sticky":false,"template":"","format":"standard","meta":[],"categories":[5,2439,47,1],"tags":[4039,17,48,3660],"_links":{"self":[{"href":"https:\/\/labestiadeportiva.com\/lbd\/wp-json\/wp\/v2\/posts\/33682"}],"collection":[{"href":"https:\/\/labestiadeportiva.com\/lbd\/wp-json\/wp\/v2\/posts"}],"about":[{"href":"https:\/\/labestiadeportiva.com\/lbd\/wp-json\/wp\/v2\/types\/post"}],"author":[{"embeddable":true,"href":"https:\/\/labestiadeportiva.com\/lbd\/wp-json\/wp\/v2\/users\/1"}],"replies":[{"embeddable":true,"href":"https:\/\/labestiadeportiva.com\/lbd\/wp-json\/wp\/v2\/comments?post=33682"}],"version-history":[{"count":1,"href":"https:\/\/labestiadeportiva.com\/lbd\/wp-json\/wp\/v2\/posts\/33682\/revisions"}],"predecessor-version":[{"id":33685,"href":"https:\/\/labestiadeportiva.com\/lbd\/wp-json\/wp\/v2\/posts\/33682\/revisions\/33685"}],"wp:featuredmedia":[{"embeddable":true,"href":"https:\/\/labestiadeportiva.com\/lbd\/wp-json\/wp\/v2\/media\/33683"}],"wp:attachment":[{"href":"https:\/\/labestiadeportiva.com\/lbd\/wp-json\/wp\/v2\/media?parent=33682"}],"wp:term":[{"taxonomy":"category","embeddable":true,"href":"https:\/\/labestiadeportiva.com\/lbd\/wp-json\/wp\/v2\/categories?post=33682"},{"taxonomy":"post_tag","embeddable":true,"href":"https:\/\/labestiadeportiva.com\/lbd\/wp-json\/wp\/v2\/tags?post=33682"}],"curies":[{"name":"wp","href":"https:\/\/api.w.org\/{rel}","templated":true}]}}