{"id":33686,"date":"2019-09-26T17:34:07","date_gmt":"2019-09-26T20:34:07","guid":{"rendered":"http:\/\/labestiadeportiva.com\/lbd\/?p=33686"},"modified":"2019-09-26T17:35:03","modified_gmt":"2019-09-26T20:35:03","slug":"a-los-tres-anos-mis-juguetes-eran-los-guantes-y-los-tibiales-audio","status":"publish","type":"post","link":"https:\/\/labestiadeportiva.com\/lbd\/a-los-tres-anos-mis-juguetes-eran-los-guantes-y-los-tibiales-audio\/","title":{"rendered":"\u00abA los tres a\u00f1os mis juguetes eran guantes y tibiales\u00bb (Audio)"},"content":{"rendered":"<p><a href=\"http:\/\/labestiadeportiva.com\/lbd\/wp-content\/uploads\/2019\/09\/Screenshot_20190926-1729512.png\"><img loading=\"lazy\" class=\"aligncenter size-medium wp-image-33687\" src=\"http:\/\/labestiadeportiva.com\/lbd\/wp-content\/uploads\/2019\/09\/Screenshot_20190926-1729512-298x300.png\" alt=\"Screenshot_20190926-172951~2\" width=\"298\" height=\"300\" srcset=\"https:\/\/labestiadeportiva.com\/lbd\/wp-content\/uploads\/2019\/09\/Screenshot_20190926-1729512-298x300.png 298w, https:\/\/labestiadeportiva.com\/lbd\/wp-content\/uploads\/2019\/09\/Screenshot_20190926-1729512-150x150.png 150w, https:\/\/labestiadeportiva.com\/lbd\/wp-content\/uploads\/2019\/09\/Screenshot_20190926-1729512-1017x1024.png 1017w, https:\/\/labestiadeportiva.com\/lbd\/wp-content\/uploads\/2019\/09\/Screenshot_20190926-1729512-160x160.png 160w, https:\/\/labestiadeportiva.com\/lbd\/wp-content\/uploads\/2019\/09\/Screenshot_20190926-1729512-60x60.png 60w, https:\/\/labestiadeportiva.com\/lbd\/wp-content\/uploads\/2019\/09\/Screenshot_20190926-1729512.png 1080w\" sizes=\"(max-width: 298px) 100vw, 298px\" \/><\/a>El joven peleador bonaerense, Tom\u00e1s \u00abChacal\u00bb Aguirre, se encuentran en nuestra ciudad realizando un seminario de Kick Boxing. Con tan solo 20 a\u00f1os cuenta en su haber con 180 peleas amateur, semi profesionales y profesionales. En la faz profesional su r\u00e9cord es de 18 combates ganados, 16 de ellos por KO, y 2 derrotas. Desde LBD charlamos con \u00e9l. Sus comienzos, carrera, proyecci\u00f3n y rol de capacitador, los principales temas de la entrevista.<!--more--><\/p>\n<p>https:\/\/youtu.be\/pMEM6LDXCSw<\/p>\n<div class='epvc-post-count'><span class='epvc-eye'><\/span>  <span class=\"epvc-count\"> 1.172<\/span><span class='epvc-label'> veces le\u00edda<\/span><\/div>\n<div class=\"jwsharethis\">\nShare this: \n<br \/>\n<a href=\"mailto:?subject=%C2%ABA%20los%20tres%20a%C3%B1os%20mis%20juguetes%20eran%20guantes%20y%20tibiales%C2%BB%20%28Audio%29&amp;body=https%3A%2F%2Flabestiadeportiva.com%2Flbd%2Fa-los-tres-anos-mis-juguetes-eran-los-guantes-y-los-tibiales-audio%2F\">\n<img src=\"https:\/\/labestiadeportiva.com\/lbd\/wp-content\/plugins\/jw-share-this\/email.png\" alt=\"Share this page via Email\" \/>\n<\/a>\n<a target=\"_blank\" href=\"http:\/\/www.stumbleupon.com\/submit?url=https%3A%2F%2Flabestiadeportiva.com%2Flbd%2Fa-los-tres-anos-mis-juguetes-eran-los-guantes-y-los-tibiales-audio%2F&amp;title=%C2%ABA+los+tres+a%C3%B1os+mis+juguetes+eran+guantes+y+tibiales%C2%BB+%28Audio%29\">\n<img src=\"https:\/\/labestiadeportiva.com\/lbd\/wp-content\/plugins\/jw-share-this\/su.png\" alt=\"Share this page via Stumble Upon\" \/>\n<\/a>\n<a target=\"_blank\" href=\"http:\/\/digg.com\/submit?url=https%3A%2F%2Flabestiadeportiva.com%2Flbd%2Fa-los-tres-anos-mis-juguetes-eran-los-guantes-y-los-tibiales-audio%2F&amp;title=%C2%ABA+los+tres+a%C3%B1os+mis+juguetes+eran+guantes+y+tibiales%C2%BB+%28Audio%29\">\n<img src=\"https:\/\/labestiadeportiva.com\/lbd\/wp-content\/plugins\/jw-share-this\/digg.png\" alt=\"Share this page via Digg this\" \/>\n<\/a>\n<a target=\"_blank\" href=\"http:\/\/www.facebook.com\/sharer.php?u=https%3A%2F%2Flabestiadeportiva.com%2Flbd%2Fa-los-tres-anos-mis-juguetes-eran-los-guantes-y-los-tibiales-audio%2F&amp;t=%C2%ABA+los+tres+a%C3%B1os+mis+juguetes+eran+guantes+y+tibiales%C2%BB+%28Audio%29\">\n<img src=\"https:\/\/labestiadeportiva.com\/lbd\/wp-content\/plugins\/jw-share-this\/fb.png\" alt=\"Share this page via Facebook\" \/>\n<\/a>\n<a target=\"_blank\" href=\"http:\/\/twitter.com\/intent\/tweet?text=I+like+https%3A%2F%2Flabestiadeportiva.com%2Flbd%2Fa-los-tres-anos-mis-juguetes-eran-los-guantes-y-los-tibiales-audio%2F&amp;title=%C2%ABA+los+tres+a%C3%B1os+mis+juguetes+eran+guantes+y+tibiales%C2%BB+%28Audio%29\">\n<img src=\"https:\/\/labestiadeportiva.com\/lbd\/wp-content\/plugins\/jw-share-this\/twitter.png\" alt=\"Share this page via Twitter\" \/>\n<\/a>\n<\/div>\n","protected":false},"excerpt":{"rendered":"<p>El joven peleador bonaerense, Tom\u00e1s \u00abChacal\u00bb Aguirre, se encuentran en nuestra ciudad realizando un seminario de Kick Boxing. Con tan solo 20 a\u00f1os cuenta en su haber con 180 peleas amateur, semi profesionales y profesionales. En la faz profesional su r\u00e9cord es de 18 combates ganados, 16 de ellos por KO, y 2 derrotas. Desde &hellip; <a href=\"https:\/\/labestiadeportiva.com\/lbd\/a-los-tres-anos-mis-juguetes-eran-los-guantes-y-los-tibiales-audio\/\" class=\"more-link\">Seguir leyendo <span class=\"screen-reader-text\">\u00abA los tres a\u00f1os mis juguetes eran guantes y tibiales\u00bb (Audio)<\/span> <span class=\"meta-nav\">&rarr;<\/span><\/a><\/p>\n","protected":false},"author":1,"featured_media":33687,"comment_status":"open","ping_status":"open","sticky":false,"template":"","format":"standard","meta":[],"categories":[2237,5,4,6,60,1],"tags":[4040,4838,1443,3660],"_links":{"self":[{"href":"https:\/\/labestiadeportiva.com\/lbd\/wp-json\/wp\/v2\/posts\/33686"}],"collection":[{"href":"https:\/\/labestiadeportiva.com\/lbd\/wp-json\/wp\/v2\/posts"}],"about":[{"href":"https:\/\/labestiadeportiva.com\/lbd\/wp-json\/wp\/v2\/types\/post"}],"author":[{"embeddable":true,"href":"https:\/\/labestiadeportiva.com\/lbd\/wp-json\/wp\/v2\/users\/1"}],"replies":[{"embeddable":true,"href":"https:\/\/labestiadeportiva.com\/lbd\/wp-json\/wp\/v2\/comments?post=33686"}],"version-history":[{"count":2,"href":"https:\/\/labestiadeportiva.com\/lbd\/wp-json\/wp\/v2\/posts\/33686\/revisions"}],"predecessor-version":[{"id":33690,"href":"https:\/\/labestiadeportiva.com\/lbd\/wp-json\/wp\/v2\/posts\/33686\/revisions\/33690"}],"wp:featuredmedia":[{"embeddable":true,"href":"https:\/\/labestiadeportiva.com\/lbd\/wp-json\/wp\/v2\/media\/33687"}],"wp:attachment":[{"href":"https:\/\/labestiadeportiva.com\/lbd\/wp-json\/wp\/v2\/media?parent=33686"}],"wp:term":[{"taxonomy":"category","embeddable":true,"href":"https:\/\/labestiadeportiva.com\/lbd\/wp-json\/wp\/v2\/categories?post=33686"},{"taxonomy":"post_tag","embeddable":true,"href":"https:\/\/labestiadeportiva.com\/lbd\/wp-json\/wp\/v2\/tags?post=33686"}],"curies":[{"name":"wp","href":"https:\/\/api.w.org\/{rel}","templated":true}]}}