{"id":33691,"date":"2019-09-27T00:11:05","date_gmt":"2019-09-27T03:11:05","guid":{"rendered":"http:\/\/labestiadeportiva.com\/lbd\/?p=33691"},"modified":"2019-09-27T11:18:08","modified_gmt":"2019-09-27T14:18:08","slug":"colon-finalista","status":"publish","type":"post","link":"https:\/\/labestiadeportiva.com\/lbd\/colon-finalista\/","title":{"rendered":"\u00a1Col\u00f3n finalista!"},"content":{"rendered":"<p>Por Javier Nicol\u00e1s Baroli (Corresponsal LBD en R\u00edo Gallegos)<\/p>\n<p><a href=\"http:\/\/labestiadeportiva.com\/lbd\/wp-content\/uploads\/2019\/09\/IMG-20190927-WA0000.jpg\"><img loading=\"lazy\" class=\"aligncenter size-medium wp-image-33693\" src=\"http:\/\/labestiadeportiva.com\/lbd\/wp-content\/uploads\/2019\/09\/IMG-20190927-WA0000-300x200.jpg\" alt=\"IMG-20190927-WA0000\" width=\"300\" height=\"200\" srcset=\"https:\/\/labestiadeportiva.com\/lbd\/wp-content\/uploads\/2019\/09\/IMG-20190927-WA0000-300x200.jpg 300w, https:\/\/labestiadeportiva.com\/lbd\/wp-content\/uploads\/2019\/09\/IMG-20190927-WA0000-1024x682.jpg 1024w, https:\/\/labestiadeportiva.com\/lbd\/wp-content\/uploads\/2019\/09\/IMG-20190927-WA0000.jpg 1280w\" sizes=\"(max-width: 300px) 100vw, 300px\" \/><\/a><\/p>\n<p>\u00c9pica y memorable victoria del Sabalero en tierras Brasileras. Fue victoria en los penales por 4 a 3 y de esta manera buscar\u00e1 el m\u00e1ximo logro de su historia ante Independiente del Valle.<!--more--><\/p>\n<p>Y un d\u00eda la fiesta negra se traslado a Brasil. Pasaron muchos a\u00f1os, muchos kil\u00f3metros para que la gloria toque a su puerta. Sonar\u00e1n Los Palmeras y su gente querr\u00e1 que est\u00e1 noche nunca termine.<\/p>\n<p>Lo cierto es cuando nadie cre\u00eda en ellos, este pu\u00f1ado de h\u00e9roes se hicieron m\u00e1s fuertes que nunca para seguir so\u00f1ando a lo grande.<\/p>\n<p>El partido hab\u00eda comenzado chivo, muy cuesta arriba. El Negro se vio dos goles abajo y el coraz\u00f3n empez\u00f3 a latir m\u00e1s fuerte que nunca. Fue ah\u00ed, que con dos abanderados de lujo, la Pulga Rodr\u00edguez y el uruguayo Burian, lograron el gol que llevaba la serie a los penales.<\/p>\n<p>Ah\u00ed todo fue distinto. Y pese a que err\u00f3 su primer disparo, nunca dej\u00f3 de so\u00f1ar. Las voces del estadio de a poco fueron cambiando el portugu\u00e9s por un estruendoso espa\u00f1ol.<\/p>\n<p>Y es que Col\u00f3n estaba por conquistar una vez m\u00e1s una parte de Am\u00e9rica. En el \u00faltimo penal Burian vol\u00f3 y el Sabalero se meti\u00f3 en una final internacional. Salud Negro, salud Col\u00f3n, a tu gloriosa historia y al coraz\u00f3n de tu gente.<\/p>\n<div class='epvc-post-count'><span class='epvc-eye'><\/span>  <span class=\"epvc-count\"> 1.149<\/span><span class='epvc-label'> veces le\u00edda<\/span><\/div>\n<div class=\"jwsharethis\">\nShare this: \n<br \/>\n<a href=\"mailto:?subject=%C2%A1Col%C3%B3n%20finalista%21&amp;body=https%3A%2F%2Flabestiadeportiva.com%2Flbd%2Fcolon-finalista%2F\">\n<img src=\"https:\/\/labestiadeportiva.com\/lbd\/wp-content\/plugins\/jw-share-this\/email.png\" alt=\"Share this page via Email\" \/>\n<\/a>\n<a target=\"_blank\" href=\"http:\/\/www.stumbleupon.com\/submit?url=https%3A%2F%2Flabestiadeportiva.com%2Flbd%2Fcolon-finalista%2F&amp;title=%C2%A1Col%C3%B3n+finalista%21\">\n<img src=\"https:\/\/labestiadeportiva.com\/lbd\/wp-content\/plugins\/jw-share-this\/su.png\" alt=\"Share this page via Stumble Upon\" \/>\n<\/a>\n<a target=\"_blank\" href=\"http:\/\/digg.com\/submit?url=https%3A%2F%2Flabestiadeportiva.com%2Flbd%2Fcolon-finalista%2F&amp;title=%C2%A1Col%C3%B3n+finalista%21\">\n<img src=\"https:\/\/labestiadeportiva.com\/lbd\/wp-content\/plugins\/jw-share-this\/digg.png\" alt=\"Share this page via Digg this\" \/>\n<\/a>\n<a target=\"_blank\" href=\"http:\/\/www.facebook.com\/sharer.php?u=https%3A%2F%2Flabestiadeportiva.com%2Flbd%2Fcolon-finalista%2F&amp;t=%C2%A1Col%C3%B3n+finalista%21\">\n<img src=\"https:\/\/labestiadeportiva.com\/lbd\/wp-content\/plugins\/jw-share-this\/fb.png\" alt=\"Share this page via Facebook\" \/>\n<\/a>\n<a target=\"_blank\" href=\"http:\/\/twitter.com\/intent\/tweet?text=I+like+https%3A%2F%2Flabestiadeportiva.com%2Flbd%2Fcolon-finalista%2F&amp;title=%C2%A1Col%C3%B3n+finalista%21\">\n<img src=\"https:\/\/labestiadeportiva.com\/lbd\/wp-content\/plugins\/jw-share-this\/twitter.png\" alt=\"Share this page via Twitter\" \/>\n<\/a>\n<\/div>\n","protected":false},"excerpt":{"rendered":"<p>Por Javier Nicol\u00e1s Baroli (Corresponsal LBD en R\u00edo Gallegos) \u00c9pica y memorable victoria del Sabalero en tierras Brasileras. Fue victoria en los penales por 4 a 3 y de esta manera buscar\u00e1 el m\u00e1ximo logro de su historia ante Independiente del Valle. 1.149 veces le\u00edda Share this:<\/p>\n","protected":false},"author":1,"featured_media":33693,"comment_status":"open","ping_status":"open","sticky":false,"template":"","format":"standard","meta":[],"categories":[4,6,750,1],"tags":[199,122,97,2626],"_links":{"self":[{"href":"https:\/\/labestiadeportiva.com\/lbd\/wp-json\/wp\/v2\/posts\/33691"}],"collection":[{"href":"https:\/\/labestiadeportiva.com\/lbd\/wp-json\/wp\/v2\/posts"}],"about":[{"href":"https:\/\/labestiadeportiva.com\/lbd\/wp-json\/wp\/v2\/types\/post"}],"author":[{"embeddable":true,"href":"https:\/\/labestiadeportiva.com\/lbd\/wp-json\/wp\/v2\/users\/1"}],"replies":[{"embeddable":true,"href":"https:\/\/labestiadeportiva.com\/lbd\/wp-json\/wp\/v2\/comments?post=33691"}],"version-history":[{"count":2,"href":"https:\/\/labestiadeportiva.com\/lbd\/wp-json\/wp\/v2\/posts\/33691\/revisions"}],"predecessor-version":[{"id":33696,"href":"https:\/\/labestiadeportiva.com\/lbd\/wp-json\/wp\/v2\/posts\/33691\/revisions\/33696"}],"wp:featuredmedia":[{"embeddable":true,"href":"https:\/\/labestiadeportiva.com\/lbd\/wp-json\/wp\/v2\/media\/33693"}],"wp:attachment":[{"href":"https:\/\/labestiadeportiva.com\/lbd\/wp-json\/wp\/v2\/media?parent=33691"}],"wp:term":[{"taxonomy":"category","embeddable":true,"href":"https:\/\/labestiadeportiva.com\/lbd\/wp-json\/wp\/v2\/categories?post=33691"},{"taxonomy":"post_tag","embeddable":true,"href":"https:\/\/labestiadeportiva.com\/lbd\/wp-json\/wp\/v2\/tags?post=33691"}],"curies":[{"name":"wp","href":"https:\/\/api.w.org\/{rel}","templated":true}]}}