{"id":33761,"date":"2019-10-01T15:09:02","date_gmt":"2019-10-01T18:09:02","guid":{"rendered":"http:\/\/labestiadeportiva.com\/lbd\/?p=33761"},"modified":"2019-10-01T16:17:20","modified_gmt":"2019-10-01T19:17:20","slug":"hay-equipo-3","status":"publish","type":"post","link":"https:\/\/labestiadeportiva.com\/lbd\/hay-equipo-3\/","title":{"rendered":"\u00a1Hay equipo!"},"content":{"rendered":"<p><a href=\"http:\/\/labestiadeportiva.com\/lbd\/wp-content\/uploads\/2019\/10\/IMG-20191001-WA00032.jpg\"><img loading=\"lazy\" class=\"aligncenter size-medium wp-image-33762\" src=\"http:\/\/labestiadeportiva.com\/lbd\/wp-content\/uploads\/2019\/10\/IMG-20191001-WA00032-300x225.jpg\" alt=\"IMG-20191001-WA0003~2\" width=\"300\" height=\"225\" srcset=\"https:\/\/labestiadeportiva.com\/lbd\/wp-content\/uploads\/2019\/10\/IMG-20191001-WA00032-300x225.jpg 300w, https:\/\/labestiadeportiva.com\/lbd\/wp-content\/uploads\/2019\/10\/IMG-20191001-WA00032-1024x768.jpg 1024w, https:\/\/labestiadeportiva.com\/lbd\/wp-content\/uploads\/2019\/10\/IMG-20191001-WA00032.jpg 1280w\" sizes=\"(max-width: 300px) 100vw, 300px\" \/><\/a><\/p>\n<p>El pasado jueves y viernes se realiz\u00f3 la eliminatoria provincial de atletismo clasificatoria a los nacionales del Evita. Alrededor de 200 j\u00f3venes presentes en la pista municipal Oscar \u00abCabez\u00f3n\u00bb Oyarz\u00fan. La delegaci\u00f3n fueguina tendr\u00e1 48 integrantes.<!--more--><\/p>\n<p>Finalmente la fase provincial\u00a0 para el atletismo se realiz\u00f3\u00a0 en\u00a0 la capital sin inconvenientes.<\/p>\n<p>Buen clima, gran rendimiento de los atletas fueguinos y dos jornadas que definieron los nombres que integrar\u00e1n la delegaci\u00f3n\u00a0 que estar\u00e1 presente en Mar del Plata desde el s\u00e1bado 5 al s\u00e1bado 12 de Octubre.<\/p>\n<p><a href=\"http:\/\/labestiadeportiva.com\/lbd\/wp-content\/uploads\/2019\/10\/IMG-20190930-WA01282.jpg\"><img loading=\"lazy\" class=\"aligncenter size-medium wp-image-33763\" src=\"http:\/\/labestiadeportiva.com\/lbd\/wp-content\/uploads\/2019\/10\/IMG-20190930-WA01282-300x207.jpg\" alt=\"IMG-20190930-WA0128~2\" width=\"300\" height=\"207\" srcset=\"https:\/\/labestiadeportiva.com\/lbd\/wp-content\/uploads\/2019\/10\/IMG-20190930-WA01282-300x207.jpg 300w, https:\/\/labestiadeportiva.com\/lbd\/wp-content\/uploads\/2019\/10\/IMG-20190930-WA01282.jpg 552w\" sizes=\"(max-width: 300px) 100vw, 300px\" \/><\/a>Finalmente los j\u00f3venes ser\u00e1n 48 en total , 40 de Ushuaia , 1 de Tolhuin, integrante de la Escuela N\u00b0 6 Entre R\u00edos donde la profesora Iv\u00f3n S\u00e1nchez lleva adelante la escuela deportiva, completando 7 deportistas de la ciudad de\u00a0 R\u00edo Grande .<\/p>\n<p>Desde LBD dialogamos brevemente con el profesor Lucas Doffo quien nos adelant\u00f3 que pr\u00e1cticamente los nuestros se presentar\u00e1n en todas las pruebas posibles. Asimismo nos aclar\u00f3 que la merma durante esta temporada se produjo en el Sub 14 femenino donde no se pudo realizar la tradicionald detecci\u00f3n de talentos.<\/p>\n<p><a href=\"http:\/\/labestiadeportiva.com\/lbd\/wp-content\/uploads\/2019\/10\/IMG-20191001-WA00102.jpg\"><img loading=\"lazy\" class=\"aligncenter size-medium wp-image-33764\" src=\"http:\/\/labestiadeportiva.com\/lbd\/wp-content\/uploads\/2019\/10\/IMG-20191001-WA00102-274x300.jpg\" alt=\"IMG-20191001-WA0010~2\" width=\"274\" height=\"300\" srcset=\"https:\/\/labestiadeportiva.com\/lbd\/wp-content\/uploads\/2019\/10\/IMG-20191001-WA00102-274x300.jpg 274w, https:\/\/labestiadeportiva.com\/lbd\/wp-content\/uploads\/2019\/10\/IMG-20191001-WA00102.jpg 661w\" sizes=\"(max-width: 274px) 100vw, 274px\" \/><\/a>En cuanto a los formadores viajar\u00e1n a La Feliz\u00a0 Elibana L\u00f3pez,\u00a0 Ail\u00e9n Cornejo , Al\u00e1n Iturri , Gabriel Baz\u00e1n, Gustavo Guti\u00e9rrez, Richard G\u00f3mez y Lucas Doffo.<\/p>\n<p>La disciplina madre pasa por un momento de plenitud, producto del trabajo y compromiso de todo sus actores.<\/p>\n<p>Positivo presente\u00a0 y\u00a0 gran proyecci\u00f3n\u00a0 a futuro que pide a gritos la tan ansiada pista de Tart\u00e1n.<\/p>\n<p><a href=\"http:\/\/labestiadeportiva.com\/lbd\/wp-content\/uploads\/2019\/10\/IMG-20190930-WA01212.jpg\"><img loading=\"lazy\" class=\"aligncenter size-medium wp-image-33765\" src=\"http:\/\/labestiadeportiva.com\/lbd\/wp-content\/uploads\/2019\/10\/IMG-20190930-WA01212-300x192.jpg\" alt=\"IMG-20190930-WA0121~2\" width=\"300\" height=\"192\" srcset=\"https:\/\/labestiadeportiva.com\/lbd\/wp-content\/uploads\/2019\/10\/IMG-20190930-WA01212-300x192.jpg 300w, https:\/\/labestiadeportiva.com\/lbd\/wp-content\/uploads\/2019\/10\/IMG-20190930-WA01212.jpg 901w\" sizes=\"(max-width: 300px) 100vw, 300px\" \/><\/a><\/p>\n<p>Los clasificados<\/p>\n<p><a href=\"http:\/\/labestiadeportiva.com\/lbd\/wp-content\/uploads\/2019\/10\/IMG-20190930-WA01142.jpg\"><img loading=\"lazy\" class=\"aligncenter size-medium wp-image-33766\" src=\"http:\/\/labestiadeportiva.com\/lbd\/wp-content\/uploads\/2019\/10\/IMG-20190930-WA01142-300x115.jpg\" alt=\"IMG-20190930-WA0114~2\" width=\"300\" height=\"115\" srcset=\"https:\/\/labestiadeportiva.com\/lbd\/wp-content\/uploads\/2019\/10\/IMG-20190930-WA01142-300x115.jpg 300w, https:\/\/labestiadeportiva.com\/lbd\/wp-content\/uploads\/2019\/10\/IMG-20190930-WA01142-1024x392.jpg 1024w, https:\/\/labestiadeportiva.com\/lbd\/wp-content\/uploads\/2019\/10\/IMG-20190930-WA01142.jpg 1169w\" sizes=\"(max-width: 300px) 100vw, 300px\" \/><\/a><\/p>\n<p><a href=\"http:\/\/labestiadeportiva.com\/lbd\/wp-content\/uploads\/2019\/10\/IMG-20190930-WA01152.jpg\"><img loading=\"lazy\" class=\"aligncenter size-medium wp-image-33767\" src=\"http:\/\/labestiadeportiva.com\/lbd\/wp-content\/uploads\/2019\/10\/IMG-20190930-WA01152-300x101.jpg\" alt=\"IMG-20190930-WA0115~2\" width=\"300\" height=\"101\" srcset=\"https:\/\/labestiadeportiva.com\/lbd\/wp-content\/uploads\/2019\/10\/IMG-20190930-WA01152-300x101.jpg 300w, https:\/\/labestiadeportiva.com\/lbd\/wp-content\/uploads\/2019\/10\/IMG-20190930-WA01152.jpg 987w\" sizes=\"(max-width: 300px) 100vw, 300px\" \/><\/a><\/p>\n<p><a href=\"http:\/\/labestiadeportiva.com\/lbd\/wp-content\/uploads\/2019\/10\/IMG-20190930-WA01172.jpg\"><img loading=\"lazy\" class=\"alignnone size-medium wp-image-33768\" src=\"http:\/\/labestiadeportiva.com\/lbd\/wp-content\/uploads\/2019\/10\/IMG-20190930-WA01172-300x106.jpg\" alt=\"IMG-20190930-WA0117~2\" width=\"300\" height=\"106\" srcset=\"https:\/\/labestiadeportiva.com\/lbd\/wp-content\/uploads\/2019\/10\/IMG-20190930-WA01172-300x106.jpg 300w, https:\/\/labestiadeportiva.com\/lbd\/wp-content\/uploads\/2019\/10\/IMG-20190930-WA01172-1024x361.jpg 1024w, https:\/\/labestiadeportiva.com\/lbd\/wp-content\/uploads\/2019\/10\/IMG-20190930-WA01172.jpg 1147w\" sizes=\"(max-width: 300px) 100vw, 300px\" \/><\/a><\/p>\n<p><a href=\"http:\/\/labestiadeportiva.com\/lbd\/wp-content\/uploads\/2019\/10\/IMG-20190930-WA01162.jpg\"><img loading=\"lazy\" class=\"aligncenter size-medium wp-image-33769\" src=\"http:\/\/labestiadeportiva.com\/lbd\/wp-content\/uploads\/2019\/10\/IMG-20190930-WA01162-300x148.jpg\" alt=\"IMG-20190930-WA0116~2\" width=\"300\" height=\"148\" srcset=\"https:\/\/labestiadeportiva.com\/lbd\/wp-content\/uploads\/2019\/10\/IMG-20190930-WA01162-300x148.jpg 300w, https:\/\/labestiadeportiva.com\/lbd\/wp-content\/uploads\/2019\/10\/IMG-20190930-WA01162-1024x504.jpg 1024w, https:\/\/labestiadeportiva.com\/lbd\/wp-content\/uploads\/2019\/10\/IMG-20190930-WA01162.jpg 1078w\" sizes=\"(max-width: 300px) 100vw, 300px\" \/><\/a><\/p>\n<p>&nbsp;<\/p>\n<div class='epvc-post-count'><span class='epvc-eye'><\/span>  <span class=\"epvc-count\"> 1.212<\/span><span class='epvc-label'> veces le\u00edda<\/span><\/div>\n<div class=\"jwsharethis\">\nShare this: \n<br \/>\n<a href=\"mailto:?subject=%C2%A1Hay%20equipo%21&amp;body=https%3A%2F%2Flabestiadeportiva.com%2Flbd%2Fhay-equipo-3%2F\">\n<img src=\"https:\/\/labestiadeportiva.com\/lbd\/wp-content\/plugins\/jw-share-this\/email.png\" alt=\"Share this page via Email\" \/>\n<\/a>\n<a target=\"_blank\" href=\"http:\/\/www.stumbleupon.com\/submit?url=https%3A%2F%2Flabestiadeportiva.com%2Flbd%2Fhay-equipo-3%2F&amp;title=%C2%A1Hay+equipo%21\">\n<img src=\"https:\/\/labestiadeportiva.com\/lbd\/wp-content\/plugins\/jw-share-this\/su.png\" alt=\"Share this page via Stumble Upon\" \/>\n<\/a>\n<a target=\"_blank\" href=\"http:\/\/digg.com\/submit?url=https%3A%2F%2Flabestiadeportiva.com%2Flbd%2Fhay-equipo-3%2F&amp;title=%C2%A1Hay+equipo%21\">\n<img src=\"https:\/\/labestiadeportiva.com\/lbd\/wp-content\/plugins\/jw-share-this\/digg.png\" alt=\"Share this page via Digg this\" \/>\n<\/a>\n<a target=\"_blank\" href=\"http:\/\/www.facebook.com\/sharer.php?u=https%3A%2F%2Flabestiadeportiva.com%2Flbd%2Fhay-equipo-3%2F&amp;t=%C2%A1Hay+equipo%21\">\n<img src=\"https:\/\/labestiadeportiva.com\/lbd\/wp-content\/plugins\/jw-share-this\/fb.png\" alt=\"Share this page via Facebook\" \/>\n<\/a>\n<a target=\"_blank\" href=\"http:\/\/twitter.com\/intent\/tweet?text=I+like+https%3A%2F%2Flabestiadeportiva.com%2Flbd%2Fhay-equipo-3%2F&amp;title=%C2%A1Hay+equipo%21\">\n<img src=\"https:\/\/labestiadeportiva.com\/lbd\/wp-content\/plugins\/jw-share-this\/twitter.png\" alt=\"Share this page via Twitter\" \/>\n<\/a>\n<\/div>\n","protected":false},"excerpt":{"rendered":"<p>El pasado jueves y viernes se realiz\u00f3 la eliminatoria provincial de atletismo clasificatoria a los nacionales del Evita. Alrededor de 200 j\u00f3venes presentes en la pista municipal Oscar \u00abCabez\u00f3n\u00bb Oyarz\u00fan. La delegaci\u00f3n fueguina tendr\u00e1 48 integrantes. 1.212 veces le\u00edda Share this:<\/p>\n","protected":false},"author":1,"featured_media":33762,"comment_status":"open","ping_status":"open","sticky":false,"template":"","format":"standard","meta":[],"categories":[22,5,3249,1],"tags":[4831,111,2816],"_links":{"self":[{"href":"https:\/\/labestiadeportiva.com\/lbd\/wp-json\/wp\/v2\/posts\/33761"}],"collection":[{"href":"https:\/\/labestiadeportiva.com\/lbd\/wp-json\/wp\/v2\/posts"}],"about":[{"href":"https:\/\/labestiadeportiva.com\/lbd\/wp-json\/wp\/v2\/types\/post"}],"author":[{"embeddable":true,"href":"https:\/\/labestiadeportiva.com\/lbd\/wp-json\/wp\/v2\/users\/1"}],"replies":[{"embeddable":true,"href":"https:\/\/labestiadeportiva.com\/lbd\/wp-json\/wp\/v2\/comments?post=33761"}],"version-history":[{"count":3,"href":"https:\/\/labestiadeportiva.com\/lbd\/wp-json\/wp\/v2\/posts\/33761\/revisions"}],"predecessor-version":[{"id":33774,"href":"https:\/\/labestiadeportiva.com\/lbd\/wp-json\/wp\/v2\/posts\/33761\/revisions\/33774"}],"wp:featuredmedia":[{"embeddable":true,"href":"https:\/\/labestiadeportiva.com\/lbd\/wp-json\/wp\/v2\/media\/33762"}],"wp:attachment":[{"href":"https:\/\/labestiadeportiva.com\/lbd\/wp-json\/wp\/v2\/media?parent=33761"}],"wp:term":[{"taxonomy":"category","embeddable":true,"href":"https:\/\/labestiadeportiva.com\/lbd\/wp-json\/wp\/v2\/categories?post=33761"},{"taxonomy":"post_tag","embeddable":true,"href":"https:\/\/labestiadeportiva.com\/lbd\/wp-json\/wp\/v2\/tags?post=33761"}],"curies":[{"name":"wp","href":"https:\/\/api.w.org\/{rel}","templated":true}]}}