{"id":33775,"date":"2019-10-01T17:45:12","date_gmt":"2019-10-01T20:45:12","guid":{"rendered":"http:\/\/labestiadeportiva.com\/lbd\/?p=33775"},"modified":"2019-10-01T17:45:12","modified_gmt":"2019-10-01T20:45:12","slug":"volvio-el-futbol-grande","status":"publish","type":"post","link":"https:\/\/labestiadeportiva.com\/lbd\/volvio-el-futbol-grande\/","title":{"rendered":"Volvi\u00f3 el f\u00fatbol grande"},"content":{"rendered":"<p><a href=\"http:\/\/labestiadeportiva.com\/lbd\/wp-content\/uploads\/2019\/10\/FB_IMG_1569802613104.jpg\"><img loading=\"lazy\" class=\"aligncenter size-medium wp-image-33776\" src=\"http:\/\/labestiadeportiva.com\/lbd\/wp-content\/uploads\/2019\/10\/FB_IMG_1569802613104-300x168.jpg\" alt=\"FB_IMG_1569802613104\" width=\"300\" height=\"168\" srcset=\"https:\/\/labestiadeportiva.com\/lbd\/wp-content\/uploads\/2019\/10\/FB_IMG_1569802613104-300x168.jpg 300w, https:\/\/labestiadeportiva.com\/lbd\/wp-content\/uploads\/2019\/10\/FB_IMG_1569802613104-1024x572.jpg 1024w, https:\/\/labestiadeportiva.com\/lbd\/wp-content\/uploads\/2019\/10\/FB_IMG_1569802613104.jpg 1070w\" sizes=\"(max-width: 300px) 100vw, 300px\" \/><\/a>El fin de semana comenz\u00f3 una nueva competencia oficial de primera divisi\u00f3n organizada por la Liga Ushuaiense. El torneo clasificatorio 2019\/2020 se denomina Enrique \u00abQuique\u00bb Vera. Golearon CAEF y Camioneros. No hubo empates. El \u00faltimo partido de la jornada fue suspendido a los pocos minutos de iniciado porque la intensa nevada hizo imposible distinguir los l\u00edmites del campo de juego.<!--more--><\/p>\n<p>S\u00e1bado veraniego, domingo invernal, bienvenidos a la primavera en el Fin del Mundo.<\/p>\n<p>La primera jornada en el sint\u00e9tico fue a pleno sol y con tres encuentros. Minutos despu\u00e9s de las dos de la tarde comenz\u00f3 el primer duelo donde Mercantil se impondr\u00eda a Andes del Sur por tres a 1.<\/p>\n<p>Ya con luz artificial, desde las 19, G\u00fcemes har\u00eda lo propio con Arturo Prat por 2 a 1. Los gendarmes arrancaron con el pie derecha al superar ajustadamente al elenco de la colectividad chilena.<\/p>\n<p>El cierre de la jornada sabatina fue para La UOM y Los Andes con victoria del primero con el mismo resultado del partido anterior.<\/p>\n<p><a href=\"http:\/\/labestiadeportiva.com\/lbd\/wp-content\/uploads\/2019\/10\/IMG_20190929_185244378.jpg\"><img loading=\"lazy\" class=\"aligncenter size-medium wp-image-33777\" src=\"http:\/\/labestiadeportiva.com\/lbd\/wp-content\/uploads\/2019\/10\/IMG_20190929_185244378-300x225.jpg\" alt=\"IMG_20190929_185244378\" width=\"300\" height=\"225\" srcset=\"https:\/\/labestiadeportiva.com\/lbd\/wp-content\/uploads\/2019\/10\/IMG_20190929_185244378-300x225.jpg 300w, https:\/\/labestiadeportiva.com\/lbd\/wp-content\/uploads\/2019\/10\/IMG_20190929_185244378-1024x768.jpg 1024w\" sizes=\"(max-width: 300px) 100vw, 300px\" \/><\/a><\/p>\n<p>En lo clim\u00e1tico el domingo sufri\u00f3 un cambio radical. Cielo encapotado, lluvia, granizo, agua nieve y finalmente nieve.<\/p>\n<p>Desde las 13 se present\u00f3 el \u00faltimo campe\u00f3n, Los Cuervos FDM, quien lejos de presentaciones con juego y goles tan solo super\u00f3 a Centro Galicia por 2 a 1.<\/p>\n<p>Media hora despu\u00e9s de lo previsto, estaba pautado para las 15, Camioneros y Campolter saltaron al sint\u00e9tico.<\/p>\n<p>R\u00e1pida ventaja de dos goles para el \u00abCami\u00f3n\u00bb que manej\u00f3 las acciones de principio a fin. A tal punto que pudo aumentar las cifras dos veces m\u00e1s cerrando con un 4 a 0 lapidario a favor.<\/p>\n<p>Despu\u00e9s de las cinco de la tarde lleg\u00f3 el turno de CAEF y Mutual BTF, choque que fue transmitido en vivo por la 94.1 FM del Sur y 109.1 Radio Provincia.<\/p>\n<p>Partido equilibrado en los primeros minutos aunque los j\u00f3venes del Club Atl\u00e9tico de la Educaci\u00f3n Fueguina abrir\u00edan el marcador.<\/p>\n<p>A partir de all\u00ed todo ser\u00eda para los conducidos por el \u00abprofe\u00bb Pablo Rodr\u00edguez quienes comenzar\u00edan a transformar en figura al \u00abFlaco\u00bb Otonello, arquero bancario.<\/p>\n<p>Lo de Mutual solo lucha, ganas y pocas ideas. Para colmo de males se ir\u00eda por doble amarilla su gladiador del medio campo \u00abNico\u00bb Zapata.<\/p>\n<p>Un par de conquistas m\u00e1s en el comienzo del complemento, 3 a 0 y sensaci\u00f3n de partido liquidado.<\/p>\n<p>Llegar\u00eda el gol del honor para Mutual y antes del cierre el 4 a 1 final para los chicos de la camiseta negra y blanca.<\/p>\n<p><a href=\"http:\/\/labestiadeportiva.com\/lbd\/wp-content\/uploads\/2019\/10\/IMG_20190929_185254241.jpg\"><img loading=\"lazy\" class=\"aligncenter size-medium wp-image-33778\" src=\"http:\/\/labestiadeportiva.com\/lbd\/wp-content\/uploads\/2019\/10\/IMG_20190929_185254241-300x225.jpg\" alt=\"IMG_20190929_185254241\" width=\"300\" height=\"225\" srcset=\"https:\/\/labestiadeportiva.com\/lbd\/wp-content\/uploads\/2019\/10\/IMG_20190929_185254241-300x225.jpg 300w, https:\/\/labestiadeportiva.com\/lbd\/wp-content\/uploads\/2019\/10\/IMG_20190929_185254241-1024x768.jpg 1024w\" sizes=\"(max-width: 300px) 100vw, 300px\" \/><\/a><\/p>\n<p>El cierre de la fecha entre AATEDYC y Lasserre FC tan solo dur\u00f3 12 minutos. La nieve comenz\u00f3 a quedarse sobre el sint\u00e9tico imposibilitando divisar con certeza los l\u00edmites del campo de juego.<\/p>\n<p>Fecha trunca que seguramente la dirigencia intentar\u00e1 completar entre semana.<\/p>\n<p>La nueva competencia est\u00e1 en marcha, si bien es cierto que es muy prematuro hablar de candidatos tenemos la sensaci\u00f3n que al actual campe\u00f3n se le har\u00e1 sumamente dif\u00edcil revalidar el t\u00edtulo.<\/p>\n<p>Torneo Clasificatorio \u00abEnrique Quique Vera\u00bb<\/p>\n<p>Resultados 1\u00b0 Fecha<\/p>\n<p>Mercantil 3 Andes del Sur 1<\/p>\n<p>G\u00fcemes 2 Arturo Prat 1<\/p>\n<p>La UOM 2 Los Andes 1<\/p>\n<p>Los Cuervos FDM 2 Centro Galicia 1<\/p>\n<p>Camioneros 4 Campolter 0<\/p>\n<p>CAEF 4 Mutual BTF 1<\/p>\n<p>AATEDYC 0 Lasserre FC 0* (suspendido a los 12&#8242; del PT)<\/p>\n<p><a href=\"http:\/\/labestiadeportiva.com\/lbd\/wp-content\/uploads\/2019\/10\/IMG_20190929_185230113.jpg\"><img loading=\"lazy\" class=\"aligncenter size-medium wp-image-33779\" src=\"http:\/\/labestiadeportiva.com\/lbd\/wp-content\/uploads\/2019\/10\/IMG_20190929_185230113-300x225.jpg\" alt=\"IMG_20190929_185230113\" width=\"300\" height=\"225\" srcset=\"https:\/\/labestiadeportiva.com\/lbd\/wp-content\/uploads\/2019\/10\/IMG_20190929_185230113-300x225.jpg 300w, https:\/\/labestiadeportiva.com\/lbd\/wp-content\/uploads\/2019\/10\/IMG_20190929_185230113-1024x768.jpg 1024w\" sizes=\"(max-width: 300px) 100vw, 300px\" \/><\/a><\/p>\n<div class='epvc-post-count'><span class='epvc-eye'><\/span>  <span class=\"epvc-count\"> 1.205<\/span><span class='epvc-label'> veces le\u00edda<\/span><\/div>\n<div class=\"jwsharethis\">\nShare this: \n<br \/>\n<a href=\"mailto:?subject=Volvi%C3%B3%20el%20f%C3%BAtbol%20grande&amp;body=https%3A%2F%2Flabestiadeportiva.com%2Flbd%2Fvolvio-el-futbol-grande%2F\">\n<img src=\"https:\/\/labestiadeportiva.com\/lbd\/wp-content\/plugins\/jw-share-this\/email.png\" alt=\"Share this page via Email\" \/>\n<\/a>\n<a target=\"_blank\" href=\"http:\/\/www.stumbleupon.com\/submit?url=https%3A%2F%2Flabestiadeportiva.com%2Flbd%2Fvolvio-el-futbol-grande%2F&amp;title=Volvi%C3%B3+el+f%C3%BAtbol+grande\">\n<img src=\"https:\/\/labestiadeportiva.com\/lbd\/wp-content\/plugins\/jw-share-this\/su.png\" alt=\"Share this page via Stumble Upon\" \/>\n<\/a>\n<a target=\"_blank\" href=\"http:\/\/digg.com\/submit?url=https%3A%2F%2Flabestiadeportiva.com%2Flbd%2Fvolvio-el-futbol-grande%2F&amp;title=Volvi%C3%B3+el+f%C3%BAtbol+grande\">\n<img src=\"https:\/\/labestiadeportiva.com\/lbd\/wp-content\/plugins\/jw-share-this\/digg.png\" alt=\"Share this page via Digg this\" \/>\n<\/a>\n<a target=\"_blank\" href=\"http:\/\/www.facebook.com\/sharer.php?u=https%3A%2F%2Flabestiadeportiva.com%2Flbd%2Fvolvio-el-futbol-grande%2F&amp;t=Volvi%C3%B3+el+f%C3%BAtbol+grande\">\n<img src=\"https:\/\/labestiadeportiva.com\/lbd\/wp-content\/plugins\/jw-share-this\/fb.png\" alt=\"Share this page via Facebook\" \/>\n<\/a>\n<a target=\"_blank\" href=\"http:\/\/twitter.com\/intent\/tweet?text=I+like+https%3A%2F%2Flabestiadeportiva.com%2Flbd%2Fvolvio-el-futbol-grande%2F&amp;title=Volvi%C3%B3+el+f%C3%BAtbol+grande\">\n<img src=\"https:\/\/labestiadeportiva.com\/lbd\/wp-content\/plugins\/jw-share-this\/twitter.png\" alt=\"Share this page via Twitter\" \/>\n<\/a>\n<\/div>\n","protected":false},"excerpt":{"rendered":"<p>El fin de semana comenz\u00f3 una nueva competencia oficial de primera divisi\u00f3n organizada por la Liga Ushuaiense. El torneo clasificatorio 2019\/2020 se denomina Enrique \u00abQuique\u00bb Vera. Golearon CAEF y Camioneros. No hubo empates. El \u00faltimo partido de la jornada fue suspendido a los pocos minutos de iniciado porque la intensa nevada hizo imposible distinguir los &hellip; <a href=\"https:\/\/labestiadeportiva.com\/lbd\/volvio-el-futbol-grande\/\" class=\"more-link\">Seguir leyendo <span class=\"screen-reader-text\">Volvi\u00f3 el f\u00fatbol grande<\/span> <span class=\"meta-nav\">&rarr;<\/span><\/a><\/p>\n","protected":false},"author":1,"featured_media":33776,"comment_status":"open","ping_status":"open","sticky":false,"template":"","format":"standard","meta":[],"categories":[5,2439,1],"tags":[161,389,17,4044],"_links":{"self":[{"href":"https:\/\/labestiadeportiva.com\/lbd\/wp-json\/wp\/v2\/posts\/33775"}],"collection":[{"href":"https:\/\/labestiadeportiva.com\/lbd\/wp-json\/wp\/v2\/posts"}],"about":[{"href":"https:\/\/labestiadeportiva.com\/lbd\/wp-json\/wp\/v2\/types\/post"}],"author":[{"embeddable":true,"href":"https:\/\/labestiadeportiva.com\/lbd\/wp-json\/wp\/v2\/users\/1"}],"replies":[{"embeddable":true,"href":"https:\/\/labestiadeportiva.com\/lbd\/wp-json\/wp\/v2\/comments?post=33775"}],"version-history":[{"count":1,"href":"https:\/\/labestiadeportiva.com\/lbd\/wp-json\/wp\/v2\/posts\/33775\/revisions"}],"predecessor-version":[{"id":33781,"href":"https:\/\/labestiadeportiva.com\/lbd\/wp-json\/wp\/v2\/posts\/33775\/revisions\/33781"}],"wp:featuredmedia":[{"embeddable":true,"href":"https:\/\/labestiadeportiva.com\/lbd\/wp-json\/wp\/v2\/media\/33776"}],"wp:attachment":[{"href":"https:\/\/labestiadeportiva.com\/lbd\/wp-json\/wp\/v2\/media?parent=33775"}],"wp:term":[{"taxonomy":"category","embeddable":true,"href":"https:\/\/labestiadeportiva.com\/lbd\/wp-json\/wp\/v2\/categories?post=33775"},{"taxonomy":"post_tag","embeddable":true,"href":"https:\/\/labestiadeportiva.com\/lbd\/wp-json\/wp\/v2\/tags?post=33775"}],"curies":[{"name":"wp","href":"https:\/\/api.w.org\/{rel}","templated":true}]}}