{"id":33808,"date":"2019-10-04T17:57:10","date_gmt":"2019-10-04T20:57:10","guid":{"rendered":"http:\/\/labestiadeportiva.com\/lbd\/?p=33808"},"modified":"2019-10-04T18:02:27","modified_gmt":"2019-10-04T21:02:27","slug":"es-una-situacion-que-nos-excede-tarde-o-temprano-estaremos-en-mar-del-plata","status":"publish","type":"post","link":"https:\/\/labestiadeportiva.com\/lbd\/es-una-situacion-que-nos-excede-tarde-o-temprano-estaremos-en-mar-del-plata\/","title":{"rendered":"\u00abEs una situaci\u00f3n que nos excede, tarde o temprano estaremos en Mar del Plata\u00bb"},"content":{"rendered":"<p><a href=\"http:\/\/labestiadeportiva.com\/lbd\/wp-content\/uploads\/2019\/10\/home18.jpg\"><img loading=\"lazy\" class=\"aligncenter size-medium wp-image-33810\" src=\"http:\/\/labestiadeportiva.com\/lbd\/wp-content\/uploads\/2019\/10\/home18-300x204.jpg\" alt=\"home18\" width=\"300\" height=\"204\" srcset=\"https:\/\/labestiadeportiva.com\/lbd\/wp-content\/uploads\/2019\/10\/home18-300x204.jpg 300w, https:\/\/labestiadeportiva.com\/lbd\/wp-content\/uploads\/2019\/10\/home18.jpg 764w\" sizes=\"(max-width: 300px) 100vw, 300px\" \/><\/a><\/p>\n<p>Como es de conocimiento p\u00fablico en tan solo algunas horas comenzar\u00e1 el paro de pilotos aeron\u00e1uticos que tendr\u00e1 una duraci\u00f3n de 48 horas. S\u00e1bado y domingo que utilizar\u00eda la delegaci\u00f3n fueguina para trasladarse a la sede de los Juegos Nacionales Evita. Desde la Secretar\u00eda de Deportes Provincial se consigui\u00f3 adelantar el viaje a Mar del Plata de algo m\u00e1s de 120 integrantes. El resto de los participantes, siempre y cuando la aerol\u00ednea disponga de lugares, embarcar\u00e1 rumbo al continente en las primeras horas del lunes. Desde LBD fuimos en busca de la palabra del Profesor Ramiro Bravo por novedades de \u00faltimo momento.<!--more--><\/p>\n<p>https:\/\/youtu.be\/H_H03XTvn9w<\/p>\n<div class='epvc-post-count'><span class='epvc-eye'><\/span>  <span class=\"epvc-count\"> 1.179<\/span><span class='epvc-label'> veces le\u00edda<\/span><\/div>\n<div class=\"jwsharethis\">\nShare this: \n<br \/>\n<a href=\"mailto:?subject=%C2%ABEs%20una%20situaci%C3%B3n%20que%20nos%20excede%2C%20tarde%20o%20temprano%20estaremos%20en%20Mar%20del%20Plata%C2%BB&amp;body=https%3A%2F%2Flabestiadeportiva.com%2Flbd%2Fes-una-situacion-que-nos-excede-tarde-o-temprano-estaremos-en-mar-del-plata%2F\">\n<img src=\"https:\/\/labestiadeportiva.com\/lbd\/wp-content\/plugins\/jw-share-this\/email.png\" alt=\"Share this page via Email\" \/>\n<\/a>\n<a target=\"_blank\" href=\"http:\/\/www.stumbleupon.com\/submit?url=https%3A%2F%2Flabestiadeportiva.com%2Flbd%2Fes-una-situacion-que-nos-excede-tarde-o-temprano-estaremos-en-mar-del-plata%2F&amp;title=%C2%ABEs+una+situaci%C3%B3n+que+nos+excede%2C+tarde+o+temprano+estaremos+en+Mar+del+Plata%C2%BB\">\n<img src=\"https:\/\/labestiadeportiva.com\/lbd\/wp-content\/plugins\/jw-share-this\/su.png\" alt=\"Share this page via Stumble Upon\" \/>\n<\/a>\n<a target=\"_blank\" href=\"http:\/\/digg.com\/submit?url=https%3A%2F%2Flabestiadeportiva.com%2Flbd%2Fes-una-situacion-que-nos-excede-tarde-o-temprano-estaremos-en-mar-del-plata%2F&amp;title=%C2%ABEs+una+situaci%C3%B3n+que+nos+excede%2C+tarde+o+temprano+estaremos+en+Mar+del+Plata%C2%BB\">\n<img src=\"https:\/\/labestiadeportiva.com\/lbd\/wp-content\/plugins\/jw-share-this\/digg.png\" alt=\"Share this page via Digg this\" \/>\n<\/a>\n<a target=\"_blank\" href=\"http:\/\/www.facebook.com\/sharer.php?u=https%3A%2F%2Flabestiadeportiva.com%2Flbd%2Fes-una-situacion-que-nos-excede-tarde-o-temprano-estaremos-en-mar-del-plata%2F&amp;t=%C2%ABEs+una+situaci%C3%B3n+que+nos+excede%2C+tarde+o+temprano+estaremos+en+Mar+del+Plata%C2%BB\">\n<img src=\"https:\/\/labestiadeportiva.com\/lbd\/wp-content\/plugins\/jw-share-this\/fb.png\" alt=\"Share this page via Facebook\" \/>\n<\/a>\n<a target=\"_blank\" href=\"http:\/\/twitter.com\/intent\/tweet?text=I+like+https%3A%2F%2Flabestiadeportiva.com%2Flbd%2Fes-una-situacion-que-nos-excede-tarde-o-temprano-estaremos-en-mar-del-plata%2F&amp;title=%C2%ABEs+una+situaci%C3%B3n+que+nos+excede%2C+tarde+o+temprano+estaremos+en+Mar+del+Plata%C2%BB\">\n<img src=\"https:\/\/labestiadeportiva.com\/lbd\/wp-content\/plugins\/jw-share-this\/twitter.png\" alt=\"Share this page via Twitter\" \/>\n<\/a>\n<\/div>\n","protected":false},"excerpt":{"rendered":"<p>Como es de conocimiento p\u00fablico en tan solo algunas horas comenzar\u00e1 el paro de pilotos aeron\u00e1uticos que tendr\u00e1 una duraci\u00f3n de 48 horas. S\u00e1bado y domingo que utilizar\u00eda la delegaci\u00f3n fueguina para trasladarse a la sede de los Juegos Nacionales Evita. Desde la Secretar\u00eda de Deportes Provincial se consigui\u00f3 adelantar el viaje a Mar del &hellip; <a href=\"https:\/\/labestiadeportiva.com\/lbd\/es-una-situacion-que-nos-excede-tarde-o-temprano-estaremos-en-mar-del-plata\/\" class=\"more-link\">Seguir leyendo <span class=\"screen-reader-text\">\u00abEs una situaci\u00f3n que nos excede, tarde o temprano estaremos en Mar del Plata\u00bb<\/span> <span class=\"meta-nav\">&rarr;<\/span><\/a><\/p>\n","protected":false},"author":1,"featured_media":33810,"comment_status":"open","ping_status":"open","sticky":false,"template":"","format":"standard","meta":[],"categories":[5,6,60,2382,1],"tags":[3802,1100,612],"_links":{"self":[{"href":"https:\/\/labestiadeportiva.com\/lbd\/wp-json\/wp\/v2\/posts\/33808"}],"collection":[{"href":"https:\/\/labestiadeportiva.com\/lbd\/wp-json\/wp\/v2\/posts"}],"about":[{"href":"https:\/\/labestiadeportiva.com\/lbd\/wp-json\/wp\/v2\/types\/post"}],"author":[{"embeddable":true,"href":"https:\/\/labestiadeportiva.com\/lbd\/wp-json\/wp\/v2\/users\/1"}],"replies":[{"embeddable":true,"href":"https:\/\/labestiadeportiva.com\/lbd\/wp-json\/wp\/v2\/comments?post=33808"}],"version-history":[{"count":2,"href":"https:\/\/labestiadeportiva.com\/lbd\/wp-json\/wp\/v2\/posts\/33808\/revisions"}],"predecessor-version":[{"id":33813,"href":"https:\/\/labestiadeportiva.com\/lbd\/wp-json\/wp\/v2\/posts\/33808\/revisions\/33813"}],"wp:featuredmedia":[{"embeddable":true,"href":"https:\/\/labestiadeportiva.com\/lbd\/wp-json\/wp\/v2\/media\/33810"}],"wp:attachment":[{"href":"https:\/\/labestiadeportiva.com\/lbd\/wp-json\/wp\/v2\/media?parent=33808"}],"wp:term":[{"taxonomy":"category","embeddable":true,"href":"https:\/\/labestiadeportiva.com\/lbd\/wp-json\/wp\/v2\/categories?post=33808"},{"taxonomy":"post_tag","embeddable":true,"href":"https:\/\/labestiadeportiva.com\/lbd\/wp-json\/wp\/v2\/tags?post=33808"}],"curies":[{"name":"wp","href":"https:\/\/api.w.org\/{rel}","templated":true}]}}