{"id":33932,"date":"2019-10-10T17:28:44","date_gmt":"2019-10-10T20:28:44","guid":{"rendered":"http:\/\/labestiadeportiva.com\/lbd\/?p=33932"},"modified":"2019-10-10T17:28:44","modified_gmt":"2019-10-10T20:28:44","slug":"la-escuela-municipal-de-judo-en-corrientes","status":"publish","type":"post","link":"https:\/\/labestiadeportiva.com\/lbd\/la-escuela-municipal-de-judo-en-corrientes\/","title":{"rendered":"La Escuela Municipal de Judo en Corrientes"},"content":{"rendered":"<p><a href=\"http:\/\/labestiadeportiva.com\/lbd\/wp-content\/uploads\/2019\/10\/IMG-20191010-WA00402.jpg\"><img loading=\"lazy\" class=\"aligncenter size-medium wp-image-33933\" src=\"http:\/\/labestiadeportiva.com\/lbd\/wp-content\/uploads\/2019\/10\/IMG-20191010-WA00402-300x191.jpg\" alt=\"IMG-20191010-WA0040~2\" width=\"300\" height=\"191\" srcset=\"https:\/\/labestiadeportiva.com\/lbd\/wp-content\/uploads\/2019\/10\/IMG-20191010-WA00402-300x191.jpg 300w, https:\/\/labestiadeportiva.com\/lbd\/wp-content\/uploads\/2019\/10\/IMG-20191010-WA00402-1024x654.jpg 1024w, https:\/\/labestiadeportiva.com\/lbd\/wp-content\/uploads\/2019\/10\/IMG-20191010-WA00402.jpg 1280w\" sizes=\"(max-width: 300px) 100vw, 300px\" \/><\/a>La delegaci\u00f3n ushuaiense, compuesta por 10 judocas, entrenador, \u00e1rbitro y acompa\u00f1antes, parti\u00f3 ayer por la tarde v\u00eda a\u00e9rea realizando los trayectos Ushuaia\/CABA\/Resistencia para luego unir por tierra los poco m\u00e1s de 20 kil\u00f3metros entre la capital chaque\u00f1a con Corrientes. Los fueguinos formar\u00e1n parte del Campeonato Nacional Clausura.<\/p>\n<p><!--more--><\/p>\n<p>Nuestros representantes que competir\u00e1n en los segmentos sub 13, sub 15, sub 17 y sub 21 son Santiago Avellaneda, Emiliano Su\u00e1rez, Luis C\u00eda, Agustina Vera, Nahir Insaurralde, M\u00e1ximo Rizzuti, Ramiro Camisa, Diego C\u00eda, Agust\u00edn Torrez y Demi\u00e1n Pa\u00eds.<\/p>\n<p>Asimismo la delegaci\u00f3n de completa con el \u00e1rbitro nacional Yanina Vilte, el entrenador Juan Arcos y las acompa\u00f1antes Laura Villarreal, Lucia Ca\u00f1etez\u00a0 y Andrea Garin.<\/p>\n<p>El torneo se pondr\u00e1 en marcha este jueves en instalaciones del Club Regatas siendo organizado por la Federaci\u00f3n Correntina y fiscalizado por la Confederaci\u00f3n Argentina de Judo extendi\u00e9ndose hasta el domingo 13 de Octubre.<\/p>\n<div class='epvc-post-count'><span class='epvc-eye'><\/span>  <span class=\"epvc-count\"> 1.540<\/span><span class='epvc-label'> veces le\u00edda<\/span><\/div>\n<div class=\"jwsharethis\">\nShare this: \n<br \/>\n<a href=\"mailto:?subject=La%20Escuela%20Municipal%20de%20Judo%20en%20Corrientes&amp;body=https%3A%2F%2Flabestiadeportiva.com%2Flbd%2Fla-escuela-municipal-de-judo-en-corrientes%2F\">\n<img src=\"https:\/\/labestiadeportiva.com\/lbd\/wp-content\/plugins\/jw-share-this\/email.png\" alt=\"Share this page via Email\" \/>\n<\/a>\n<a target=\"_blank\" href=\"http:\/\/www.stumbleupon.com\/submit?url=https%3A%2F%2Flabestiadeportiva.com%2Flbd%2Fla-escuela-municipal-de-judo-en-corrientes%2F&amp;title=La+Escuela+Municipal+de+Judo+en+Corrientes\">\n<img src=\"https:\/\/labestiadeportiva.com\/lbd\/wp-content\/plugins\/jw-share-this\/su.png\" alt=\"Share this page via Stumble Upon\" \/>\n<\/a>\n<a target=\"_blank\" href=\"http:\/\/digg.com\/submit?url=https%3A%2F%2Flabestiadeportiva.com%2Flbd%2Fla-escuela-municipal-de-judo-en-corrientes%2F&amp;title=La+Escuela+Municipal+de+Judo+en+Corrientes\">\n<img src=\"https:\/\/labestiadeportiva.com\/lbd\/wp-content\/plugins\/jw-share-this\/digg.png\" alt=\"Share this page via Digg this\" \/>\n<\/a>\n<a target=\"_blank\" href=\"http:\/\/www.facebook.com\/sharer.php?u=https%3A%2F%2Flabestiadeportiva.com%2Flbd%2Fla-escuela-municipal-de-judo-en-corrientes%2F&amp;t=La+Escuela+Municipal+de+Judo+en+Corrientes\">\n<img src=\"https:\/\/labestiadeportiva.com\/lbd\/wp-content\/plugins\/jw-share-this\/fb.png\" alt=\"Share this page via Facebook\" \/>\n<\/a>\n<a target=\"_blank\" href=\"http:\/\/twitter.com\/intent\/tweet?text=I+like+https%3A%2F%2Flabestiadeportiva.com%2Flbd%2Fla-escuela-municipal-de-judo-en-corrientes%2F&amp;title=La+Escuela+Municipal+de+Judo+en+Corrientes\">\n<img src=\"https:\/\/labestiadeportiva.com\/lbd\/wp-content\/plugins\/jw-share-this\/twitter.png\" alt=\"Share this page via Twitter\" \/>\n<\/a>\n<\/div>\n","protected":false},"excerpt":{"rendered":"<p>La delegaci\u00f3n ushuaiense, compuesta por 10 judocas, entrenador, \u00e1rbitro y acompa\u00f1antes, parti\u00f3 ayer por la tarde v\u00eda a\u00e9rea realizando los trayectos Ushuaia\/CABA\/Resistencia para luego unir por tierra los poco m\u00e1s de 20 kil\u00f3metros entre la capital chaque\u00f1a con Corrientes. Los fueguinos formar\u00e1n parte del Campeonato Nacional Clausura. 1.540 veces le\u00edda Share this:<\/p>\n","protected":false},"author":1,"featured_media":33933,"comment_status":"open","ping_status":"open","sticky":false,"template":"","format":"standard","meta":[],"categories":[2092,5,6,1],"tags":[2880,1530,23],"_links":{"self":[{"href":"https:\/\/labestiadeportiva.com\/lbd\/wp-json\/wp\/v2\/posts\/33932"}],"collection":[{"href":"https:\/\/labestiadeportiva.com\/lbd\/wp-json\/wp\/v2\/posts"}],"about":[{"href":"https:\/\/labestiadeportiva.com\/lbd\/wp-json\/wp\/v2\/types\/post"}],"author":[{"embeddable":true,"href":"https:\/\/labestiadeportiva.com\/lbd\/wp-json\/wp\/v2\/users\/1"}],"replies":[{"embeddable":true,"href":"https:\/\/labestiadeportiva.com\/lbd\/wp-json\/wp\/v2\/comments?post=33932"}],"version-history":[{"count":1,"href":"https:\/\/labestiadeportiva.com\/lbd\/wp-json\/wp\/v2\/posts\/33932\/revisions"}],"predecessor-version":[{"id":33935,"href":"https:\/\/labestiadeportiva.com\/lbd\/wp-json\/wp\/v2\/posts\/33932\/revisions\/33935"}],"wp:featuredmedia":[{"embeddable":true,"href":"https:\/\/labestiadeportiva.com\/lbd\/wp-json\/wp\/v2\/media\/33933"}],"wp:attachment":[{"href":"https:\/\/labestiadeportiva.com\/lbd\/wp-json\/wp\/v2\/media?parent=33932"}],"wp:term":[{"taxonomy":"category","embeddable":true,"href":"https:\/\/labestiadeportiva.com\/lbd\/wp-json\/wp\/v2\/categories?post=33932"},{"taxonomy":"post_tag","embeddable":true,"href":"https:\/\/labestiadeportiva.com\/lbd\/wp-json\/wp\/v2\/tags?post=33932"}],"curies":[{"name":"wp","href":"https:\/\/api.w.org\/{rel}","templated":true}]}}