{"id":33986,"date":"2019-10-15T17:46:25","date_gmt":"2019-10-15T20:46:25","guid":{"rendered":"http:\/\/labestiadeportiva.com\/lbd\/?p=33986"},"modified":"2019-10-15T17:46:25","modified_gmt":"2019-10-15T20:46:25","slug":"bottas-mete-presion","status":"publish","type":"post","link":"https:\/\/labestiadeportiva.com\/lbd\/bottas-mete-presion\/","title":{"rendered":"Bottas mete presi\u00f3n"},"content":{"rendered":"<p>Por Daniel Campos (Corresponsal LBD en Palma de Mallorca, Espa\u00f1a)<\/p>\n<p><a href=\"http:\/\/labestiadeportiva.com\/lbd\/wp-content\/uploads\/2019\/10\/Bottas.jpeg\"><img loading=\"lazy\" class=\"aligncenter size-full wp-image-33987\" src=\"http:\/\/labestiadeportiva.com\/lbd\/wp-content\/uploads\/2019\/10\/Bottas.jpeg\" alt=\"Bottas\" width=\"299\" height=\"169\" \/><\/a>El finland\u00e9s Valteri Bottas venci\u00f3 este domingo en el Gran Premio de Jap\u00f3n, en el circuito de Suzuka. Suma as\u00ed su tercera victoria de la temporada, y junto al tercer puesto en el podio de Lewis Hamilton, le han dado el t\u00edtulo de campe\u00f3n de Constructores a la escuder\u00eda Mercedes Benz.<!--more--><\/p>\n<p>En un fin de semana, donde el paso del tif\u00f3n Hagibis, por tierras japonesas condicion\u00f3 el gran premio nip\u00f3n, tambi\u00e9n sirvi\u00f3 para poner un poco emoci\u00f3n el mismo d\u00eda de la carrera.<\/p>\n<p>En los libres del viernes, Mercedes Benz dominaba claramente las acciones hasta que lleg\u00f3 la suspensi\u00f3n de la jornada sabatina de clasificaci\u00f3n.<\/p>\n<p>El domingo, temprano por la ma\u00f1ana, la sorpresa la daban los dos Ferrari con un registro de 1:27,064, Vettel se quedaba por delante de su compa\u00f1ero de equipo y de los dos Mercedes.<\/p>\n<p>Pero el sue\u00f1o ferrarista de luchar por el triunfo se diluy\u00f3 apenas se apagaron los sem\u00e1foros. Vettel se qued\u00f3 clavado por fallos con el embrague, Leclerc tampoco estuvo acertado y Bottas por el interior de la recta principal les adelant\u00f3 r\u00e1pidamente.<\/p>\n<p>Hamilton vio c\u00f3mo el n\u00f3rdico se escapaba y se puso cuarto, mientras Verstappen atacaba por fuera, y en la curva dos Leclerc, sin empacho, le sac\u00f3 de pista.<\/p>\n<p>M\u00e1s tarde, el monegasco fue sancionado y acab\u00f3 s\u00e9ptimo. El ritmo impuesto por Bottas era muy fuerte, mientras la lucha por el segundo lugar entre Vettel y Hamilton acaparaba la atenci\u00f3n de la realizaci\u00f3n televisiva.<\/p>\n<p>En la vuelta 15 Verstappen debi\u00f3 abandonar por da\u00f1os en su monoplaza producto de su toque con el Ferrari n\u00famero 16. Mientras, Hamilton se pon\u00eda a tiro de DRS con Vettel pero dos giros m\u00e1s tarde el de Ferrari paraba para calzar neum\u00e1ticos blandos y apostar por una estrategia a dos paradas.<\/p>\n<p>Mercedes tambi\u00e9n reaccion\u00f3 y mand\u00f3 parar al l\u00edder, Bottas entr\u00f3 y puso compuesto medio y regres\u00f3 por detr\u00e1s de Hamilton. El turno del brit\u00e1nico lleg\u00f3 cinco giros m\u00e1s tarde y copi\u00f3 la estrategia de Bottas, pero no estaba muy convencido de por qu\u00e9 su equipo no lo calz\u00f3 con duros.<\/p>\n<p>Luego por radio ped\u00eda explicaciones, no estaba en sus planes ser segundo. \u201c\u00bfMe pueden decir c\u00f3mo puedo ganar esta carrera\u2026\u201d reclamaba el campe\u00f3n, pero lleg\u00f3 otra parada y la victoria era para Bottas.<\/p>\n<p>Hamilton sigui\u00f3 pisando el acelerador y se puso nuevamente\u00a0 muy cerca del Ferrari de Vettel e intent\u00f3 adelantarlo, pero el tetracampe\u00f3n tir\u00f3 de oficio y se defendi\u00f3 muy bien en los \u00faltimos giros.<\/p>\n<p>La bandera a cuadros lleg\u00f3 tras 53 giros. En dos semanas tal vez, si Bottas quiere, Hamilton podr\u00eda coronarse campe\u00f3n en el Hermanos Rodr\u00edguez.<\/p>\n<p><span style=\"font-weight: 400;\">As\u00ed llegaron:<\/span><\/p>\n<p><span style=\"font-weight: 400;\">1\u00b0 V. Bottas-Mercedes Benz en 1:21:46,755<\/span><\/p>\n<p><span style=\"font-weight: 400;\">2\u00b0 S. Vettel-Ferrari a 13,343<\/span><\/p>\n<p><span style=\"font-weight: 400;\">3\u00b0 L. Hamilton-Mercedes Benz a 13,858<\/span><br \/>\nEl Mundial de pilotos<\/p>\n<p><span style=\"font-weight: 400;\">1\u00b0 L. Hamilton (GB) 338 pts.<\/span><\/p>\n<p><span style=\"font-weight: 400;\">2\u00b0 V. Bottas (FIN) 274 pts.<\/span><\/p>\n<p><span style=\"font-weight: 400;\">3\u00b0 C. Leclerc (MON) 221 pts.<\/span><\/p>\n<p>El Mundial de Constructores<\/p>\n<p><span style=\"font-weight: 400;\">1\u00b0 Mercedes Benz\u00a0 612 pts. Campe\u00f3n.<\/span><\/p>\n<p><span style=\"font-weight: 400;\">2\u00b0 Ferrari 433 pts.<\/span><\/p>\n<p><span style=\"font-weight: 400;\">3\u00b0 Red Bull 323 pts.<\/span><\/p>\n<p><span style=\"font-weight: 400;\">La pr\u00f3xima competencia, GP de M\u00e9xico, el 27 de octubre, Hermanos\u00a0 Rodr\u00edguez.\u00a0<\/span><\/p>\n<p><a href=\"http:\/\/labestiadeportiva.com\/lbd\/wp-content\/uploads\/2019\/10\/Mercedes-camp.jpeg\"><img loading=\"lazy\" class=\"aligncenter size-full wp-image-33988\" src=\"http:\/\/labestiadeportiva.com\/lbd\/wp-content\/uploads\/2019\/10\/Mercedes-camp.jpeg\" alt=\"Mercedes camp\" width=\"269\" height=\"187\" \/><\/a><\/p>\n<div class='epvc-post-count'><span class='epvc-eye'><\/span>  <span class=\"epvc-count\"> 1.368<\/span><span class='epvc-label'> veces le\u00edda<\/span><\/div>\n<div class=\"jwsharethis\">\nShare this: \n<br \/>\n<a href=\"mailto:?subject=Bottas%20mete%20presi%C3%B3n&amp;body=https%3A%2F%2Flabestiadeportiva.com%2Flbd%2Fbottas-mete-presion%2F\">\n<img src=\"https:\/\/labestiadeportiva.com\/lbd\/wp-content\/plugins\/jw-share-this\/email.png\" alt=\"Share this page via Email\" \/>\n<\/a>\n<a target=\"_blank\" href=\"http:\/\/www.stumbleupon.com\/submit?url=https%3A%2F%2Flabestiadeportiva.com%2Flbd%2Fbottas-mete-presion%2F&amp;title=Bottas+mete+presi%C3%B3n\">\n<img src=\"https:\/\/labestiadeportiva.com\/lbd\/wp-content\/plugins\/jw-share-this\/su.png\" alt=\"Share this page via Stumble Upon\" \/>\n<\/a>\n<a target=\"_blank\" href=\"http:\/\/digg.com\/submit?url=https%3A%2F%2Flabestiadeportiva.com%2Flbd%2Fbottas-mete-presion%2F&amp;title=Bottas+mete+presi%C3%B3n\">\n<img src=\"https:\/\/labestiadeportiva.com\/lbd\/wp-content\/plugins\/jw-share-this\/digg.png\" alt=\"Share this page via Digg this\" \/>\n<\/a>\n<a target=\"_blank\" href=\"http:\/\/www.facebook.com\/sharer.php?u=https%3A%2F%2Flabestiadeportiva.com%2Flbd%2Fbottas-mete-presion%2F&amp;t=Bottas+mete+presi%C3%B3n\">\n<img src=\"https:\/\/labestiadeportiva.com\/lbd\/wp-content\/plugins\/jw-share-this\/fb.png\" alt=\"Share this page via Facebook\" \/>\n<\/a>\n<a target=\"_blank\" href=\"http:\/\/twitter.com\/intent\/tweet?text=I+like+https%3A%2F%2Flabestiadeportiva.com%2Flbd%2Fbottas-mete-presion%2F&amp;title=Bottas+mete+presi%C3%B3n\">\n<img src=\"https:\/\/labestiadeportiva.com\/lbd\/wp-content\/plugins\/jw-share-this\/twitter.png\" alt=\"Share this page via Twitter\" \/>\n<\/a>\n<\/div>\n","protected":false},"excerpt":{"rendered":"<p>Por Daniel Campos (Corresponsal LBD en Palma de Mallorca, Espa\u00f1a) El finland\u00e9s Valteri Bottas venci\u00f3 este domingo en el Gran Premio de Jap\u00f3n, en el circuito de Suzuka. Suma as\u00ed su tercera victoria de la temporada, y junto al tercer puesto en el podio de Lewis Hamilton, le han dado el t\u00edtulo de campe\u00f3n de &hellip; <a href=\"https:\/\/labestiadeportiva.com\/lbd\/bottas-mete-presion\/\" class=\"more-link\">Seguir leyendo <span class=\"screen-reader-text\">Bottas mete presi\u00f3n<\/span> <span class=\"meta-nav\">&rarr;<\/span><\/a><\/p>\n","protected":false},"author":1,"featured_media":33987,"comment_status":"open","ping_status":"open","sticky":false,"template":"","format":"standard","meta":[],"categories":[2176,4,3824,1],"tags":[86,3825,149],"_links":{"self":[{"href":"https:\/\/labestiadeportiva.com\/lbd\/wp-json\/wp\/v2\/posts\/33986"}],"collection":[{"href":"https:\/\/labestiadeportiva.com\/lbd\/wp-json\/wp\/v2\/posts"}],"about":[{"href":"https:\/\/labestiadeportiva.com\/lbd\/wp-json\/wp\/v2\/types\/post"}],"author":[{"embeddable":true,"href":"https:\/\/labestiadeportiva.com\/lbd\/wp-json\/wp\/v2\/users\/1"}],"replies":[{"embeddable":true,"href":"https:\/\/labestiadeportiva.com\/lbd\/wp-json\/wp\/v2\/comments?post=33986"}],"version-history":[{"count":1,"href":"https:\/\/labestiadeportiva.com\/lbd\/wp-json\/wp\/v2\/posts\/33986\/revisions"}],"predecessor-version":[{"id":33990,"href":"https:\/\/labestiadeportiva.com\/lbd\/wp-json\/wp\/v2\/posts\/33986\/revisions\/33990"}],"wp:featuredmedia":[{"embeddable":true,"href":"https:\/\/labestiadeportiva.com\/lbd\/wp-json\/wp\/v2\/media\/33987"}],"wp:attachment":[{"href":"https:\/\/labestiadeportiva.com\/lbd\/wp-json\/wp\/v2\/media?parent=33986"}],"wp:term":[{"taxonomy":"category","embeddable":true,"href":"https:\/\/labestiadeportiva.com\/lbd\/wp-json\/wp\/v2\/categories?post=33986"},{"taxonomy":"post_tag","embeddable":true,"href":"https:\/\/labestiadeportiva.com\/lbd\/wp-json\/wp\/v2\/tags?post=33986"}],"curies":[{"name":"wp","href":"https:\/\/api.w.org\/{rel}","templated":true}]}}