{"id":34122,"date":"2019-10-29T14:46:06","date_gmt":"2019-10-29T17:46:06","guid":{"rendered":"http:\/\/labestiadeportiva.com\/lbd\/?p=34122"},"modified":"2019-10-29T14:52:28","modified_gmt":"2019-10-29T17:52:28","slug":"fueron-casi-treinta-anos-en-el-club-llego-el-momento-de-apoyar-desde-afuera-audio","status":"publish","type":"post","link":"https:\/\/labestiadeportiva.com\/lbd\/fueron-casi-treinta-anos-en-el-club-llego-el-momento-de-apoyar-desde-afuera-audio\/","title":{"rendered":"\u00abFueron casi treinta a\u00f1os en el club, lleg\u00f3 el momento de apoyar desde afuera\u00bb (Audio)"},"content":{"rendered":"<p><a href=\"http:\/\/labestiadeportiva.com\/lbd\/wp-content\/uploads\/2019\/10\/IMG-20191025-WA00362.jpg\"><img loading=\"lazy\" class=\"aligncenter size-medium wp-image-34124\" src=\"http:\/\/labestiadeportiva.com\/lbd\/wp-content\/uploads\/2019\/10\/IMG-20191025-WA00362-191x300.jpg\" alt=\"IMG-20191025-WA0036~2\" width=\"191\" height=\"300\" srcset=\"https:\/\/labestiadeportiva.com\/lbd\/wp-content\/uploads\/2019\/10\/IMG-20191025-WA00362-191x300.jpg 191w, https:\/\/labestiadeportiva.com\/lbd\/wp-content\/uploads\/2019\/10\/IMG-20191025-WA00362.jpg 544w\" sizes=\"(max-width: 191px) 100vw, 191px\" \/><\/a><br \/>\nEl pasado fin de semana se produjo el cierre de carrera salonera para Diego Grigera. El hist\u00f3rico arquero de Casa Magallanes, con 42 a\u00f1os, se despidi\u00f3 de la pr\u00e1ctica activa. El debut en 1996 reemplazando a un gigante como Sergio Santos. En 1999 llegar\u00eda el primer t\u00edtulo, a los 20 la selecci\u00f3n de Ushuaia durante varios a\u00f1os. En 2013 el premio de la Selecci\u00f3n Argentina en los Juegos Mundiales de Colombia. Si bien \u00abMaga\u00bb es su club m\u00e1s importante tambi\u00e9n defendi\u00f3 los colores de \u00d3ptica Social y Ateneo FC. Abandon\u00f3 la actividad del 2015 al 2017 para volver a mediados de 2018. Due\u00f1o de un estilo audaz y arriesgado, de buen manejo con el pie, anticipo y visi\u00f3n. El \u00abHueso\u00bb dej\u00f3 una marca en el futsal fueguino. Las fotos son gentileza de MZL.com<!--more--><\/p>\n<p>https:\/\/youtu.be\/HLPZgYbP6Ec<\/p>\n<div class='epvc-post-count'><span class='epvc-eye'><\/span>  <span class=\"epvc-count\"> 1.126<\/span><span class='epvc-label'> veces le\u00edda<\/span><\/div>\n<div class=\"jwsharethis\">\nShare this: \n<br \/>\n<a href=\"mailto:?subject=%C2%ABFueron%20casi%20treinta%20a%C3%B1os%20en%20el%20club%2C%20lleg%C3%B3%20el%20momento%20de%20apoyar%20desde%20afuera%C2%BB%20%28Audio%29&amp;body=https%3A%2F%2Flabestiadeportiva.com%2Flbd%2Ffueron-casi-treinta-anos-en-el-club-llego-el-momento-de-apoyar-desde-afuera-audio%2F\">\n<img src=\"https:\/\/labestiadeportiva.com\/lbd\/wp-content\/plugins\/jw-share-this\/email.png\" alt=\"Share this page via Email\" \/>\n<\/a>\n<a target=\"_blank\" href=\"http:\/\/www.stumbleupon.com\/submit?url=https%3A%2F%2Flabestiadeportiva.com%2Flbd%2Ffueron-casi-treinta-anos-en-el-club-llego-el-momento-de-apoyar-desde-afuera-audio%2F&amp;title=%C2%ABFueron+casi+treinta+a%C3%B1os+en+el+club%2C+lleg%C3%B3+el+momento+de+apoyar+desde+afuera%C2%BB+%28Audio%29\">\n<img src=\"https:\/\/labestiadeportiva.com\/lbd\/wp-content\/plugins\/jw-share-this\/su.png\" alt=\"Share this page via Stumble Upon\" \/>\n<\/a>\n<a target=\"_blank\" href=\"http:\/\/digg.com\/submit?url=https%3A%2F%2Flabestiadeportiva.com%2Flbd%2Ffueron-casi-treinta-anos-en-el-club-llego-el-momento-de-apoyar-desde-afuera-audio%2F&amp;title=%C2%ABFueron+casi+treinta+a%C3%B1os+en+el+club%2C+lleg%C3%B3+el+momento+de+apoyar+desde+afuera%C2%BB+%28Audio%29\">\n<img src=\"https:\/\/labestiadeportiva.com\/lbd\/wp-content\/plugins\/jw-share-this\/digg.png\" alt=\"Share this page via Digg this\" \/>\n<\/a>\n<a target=\"_blank\" href=\"http:\/\/www.facebook.com\/sharer.php?u=https%3A%2F%2Flabestiadeportiva.com%2Flbd%2Ffueron-casi-treinta-anos-en-el-club-llego-el-momento-de-apoyar-desde-afuera-audio%2F&amp;t=%C2%ABFueron+casi+treinta+a%C3%B1os+en+el+club%2C+lleg%C3%B3+el+momento+de+apoyar+desde+afuera%C2%BB+%28Audio%29\">\n<img src=\"https:\/\/labestiadeportiva.com\/lbd\/wp-content\/plugins\/jw-share-this\/fb.png\" alt=\"Share this page via Facebook\" \/>\n<\/a>\n<a target=\"_blank\" href=\"http:\/\/twitter.com\/intent\/tweet?text=I+like+https%3A%2F%2Flabestiadeportiva.com%2Flbd%2Ffueron-casi-treinta-anos-en-el-club-llego-el-momento-de-apoyar-desde-afuera-audio%2F&amp;title=%C2%ABFueron+casi+treinta+a%C3%B1os+en+el+club%2C+lleg%C3%B3+el+momento+de+apoyar+desde+afuera%C2%BB+%28Audio%29\">\n<img src=\"https:\/\/labestiadeportiva.com\/lbd\/wp-content\/plugins\/jw-share-this\/twitter.png\" alt=\"Share this page via Twitter\" \/>\n<\/a>\n<\/div>\n","protected":false},"excerpt":{"rendered":"<p>El pasado fin de semana se produjo el cierre de carrera salonera para Diego Grigera. El hist\u00f3rico arquero de Casa Magallanes, con 42 a\u00f1os, se despidi\u00f3 de la pr\u00e1ctica activa. El debut en 1996 reemplazando a un gigante como Sergio Santos. En 1999 llegar\u00eda el primer t\u00edtulo, a los 20 la selecci\u00f3n de Ushuaia durante &hellip; <a href=\"https:\/\/labestiadeportiva.com\/lbd\/fueron-casi-treinta-anos-en-el-club-llego-el-momento-de-apoyar-desde-afuera-audio\/\" class=\"more-link\">Seguir leyendo <span class=\"screen-reader-text\">\u00abFueron casi treinta a\u00f1os en el club, lleg\u00f3 el momento de apoyar desde afuera\u00bb (Audio)<\/span> <span class=\"meta-nav\">&rarr;<\/span><\/a><\/p>\n","protected":false},"author":1,"featured_media":34124,"comment_status":"open","ping_status":"open","sticky":false,"template":"","format":"standard","meta":[],"categories":[5,4,6,60,31,1],"tags":[2291,117,4070,3660],"_links":{"self":[{"href":"https:\/\/labestiadeportiva.com\/lbd\/wp-json\/wp\/v2\/posts\/34122"}],"collection":[{"href":"https:\/\/labestiadeportiva.com\/lbd\/wp-json\/wp\/v2\/posts"}],"about":[{"href":"https:\/\/labestiadeportiva.com\/lbd\/wp-json\/wp\/v2\/types\/post"}],"author":[{"embeddable":true,"href":"https:\/\/labestiadeportiva.com\/lbd\/wp-json\/wp\/v2\/users\/1"}],"replies":[{"embeddable":true,"href":"https:\/\/labestiadeportiva.com\/lbd\/wp-json\/wp\/v2\/comments?post=34122"}],"version-history":[{"count":3,"href":"https:\/\/labestiadeportiva.com\/lbd\/wp-json\/wp\/v2\/posts\/34122\/revisions"}],"predecessor-version":[{"id":34128,"href":"https:\/\/labestiadeportiva.com\/lbd\/wp-json\/wp\/v2\/posts\/34122\/revisions\/34128"}],"wp:featuredmedia":[{"embeddable":true,"href":"https:\/\/labestiadeportiva.com\/lbd\/wp-json\/wp\/v2\/media\/34124"}],"wp:attachment":[{"href":"https:\/\/labestiadeportiva.com\/lbd\/wp-json\/wp\/v2\/media?parent=34122"}],"wp:term":[{"taxonomy":"category","embeddable":true,"href":"https:\/\/labestiadeportiva.com\/lbd\/wp-json\/wp\/v2\/categories?post=34122"},{"taxonomy":"post_tag","embeddable":true,"href":"https:\/\/labestiadeportiva.com\/lbd\/wp-json\/wp\/v2\/tags?post=34122"}],"curies":[{"name":"wp","href":"https:\/\/api.w.org\/{rel}","templated":true}]}}