{"id":34144,"date":"2019-10-30T13:36:24","date_gmt":"2019-10-30T16:36:24","guid":{"rendered":"http:\/\/labestiadeportiva.com\/lbd\/?p=34144"},"modified":"2019-10-30T13:36:24","modified_gmt":"2019-10-30T16:36:24","slug":"esperamos-una-definicion-oficial-de-chile-para-este-viernes-audio","status":"publish","type":"post","link":"https:\/\/labestiadeportiva.com\/lbd\/esperamos-una-definicion-oficial-de-chile-para-este-viernes-audio\/","title":{"rendered":"\u00abEsperamos una definici\u00f3n oficial de Chile para este viernes\u00bb (Audio)"},"content":{"rendered":"<p><a href=\"http:\/\/labestiadeportiva.com\/lbd\/wp-content\/uploads\/2019\/10\/20191029_222343-COLLAGE.jpg\"><img loading=\"lazy\" src=\"http:\/\/labestiadeportiva.com\/lbd\/wp-content\/uploads\/2019\/10\/20191029_222343-COLLAGE-300x300.jpg\" alt=\"20191029_222343-COLLAGE\" width=\"300\" height=\"300\" class=\"aligncenter size-medium wp-image-34145\" srcset=\"https:\/\/labestiadeportiva.com\/lbd\/wp-content\/uploads\/2019\/10\/20191029_222343-COLLAGE-300x300.jpg 300w, https:\/\/labestiadeportiva.com\/lbd\/wp-content\/uploads\/2019\/10\/20191029_222343-COLLAGE-150x150.jpg 150w, https:\/\/labestiadeportiva.com\/lbd\/wp-content\/uploads\/2019\/10\/20191029_222343-COLLAGE.jpg 1024w, https:\/\/labestiadeportiva.com\/lbd\/wp-content\/uploads\/2019\/10\/20191029_222343-COLLAGE-160x160.jpg 160w, https:\/\/labestiadeportiva.com\/lbd\/wp-content\/uploads\/2019\/10\/20191029_222343-COLLAGE-320x320.jpg 320w, https:\/\/labestiadeportiva.com\/lbd\/wp-content\/uploads\/2019\/10\/20191029_222343-COLLAGE-60x60.jpg 60w\" sizes=\"(max-width: 300px) 100vw, 300px\" \/><\/a><br \/>\nLos Juegos Binacionales de la Araucan\u00eda La Pampa 2019 est\u00e1n a la vuelta de la esquina. La actual situaci\u00f3n social del vecino pa\u00eds preocupa y condiciona. Si bien desde las 7 Regiones dicen no tener novedades, el cambio de autoridades en Santiago abre un manto de dudas. En busca de novedades entrevistamos al Secretario de Deportes Provincial Ramiro Bravo.<!--more--><\/p>\n<p>https:\/\/youtu.be\/CeKImFwjAl0<\/p>\n<div class='epvc-post-count'><span class='epvc-eye'><\/span>  <span class=\"epvc-count\"> 1.247<\/span><span class='epvc-label'> veces le\u00edda<\/span><\/div>\n<div class=\"jwsharethis\">\nShare this: \n<br \/>\n<a href=\"mailto:?subject=%C2%ABEsperamos%20una%20definici%C3%B3n%20oficial%20de%20Chile%20para%20este%20viernes%C2%BB%20%28Audio%29&amp;body=https%3A%2F%2Flabestiadeportiva.com%2Flbd%2Fesperamos-una-definicion-oficial-de-chile-para-este-viernes-audio%2F\">\n<img src=\"https:\/\/labestiadeportiva.com\/lbd\/wp-content\/plugins\/jw-share-this\/email.png\" alt=\"Share this page via Email\" \/>\n<\/a>\n<a target=\"_blank\" href=\"http:\/\/www.stumbleupon.com\/submit?url=https%3A%2F%2Flabestiadeportiva.com%2Flbd%2Fesperamos-una-definicion-oficial-de-chile-para-este-viernes-audio%2F&amp;title=%C2%ABEsperamos+una+definici%C3%B3n+oficial+de+Chile+para+este+viernes%C2%BB+%28Audio%29\">\n<img src=\"https:\/\/labestiadeportiva.com\/lbd\/wp-content\/plugins\/jw-share-this\/su.png\" alt=\"Share this page via Stumble Upon\" \/>\n<\/a>\n<a target=\"_blank\" href=\"http:\/\/digg.com\/submit?url=https%3A%2F%2Flabestiadeportiva.com%2Flbd%2Fesperamos-una-definicion-oficial-de-chile-para-este-viernes-audio%2F&amp;title=%C2%ABEsperamos+una+definici%C3%B3n+oficial+de+Chile+para+este+viernes%C2%BB+%28Audio%29\">\n<img src=\"https:\/\/labestiadeportiva.com\/lbd\/wp-content\/plugins\/jw-share-this\/digg.png\" alt=\"Share this page via Digg this\" \/>\n<\/a>\n<a target=\"_blank\" href=\"http:\/\/www.facebook.com\/sharer.php?u=https%3A%2F%2Flabestiadeportiva.com%2Flbd%2Fesperamos-una-definicion-oficial-de-chile-para-este-viernes-audio%2F&amp;t=%C2%ABEsperamos+una+definici%C3%B3n+oficial+de+Chile+para+este+viernes%C2%BB+%28Audio%29\">\n<img src=\"https:\/\/labestiadeportiva.com\/lbd\/wp-content\/plugins\/jw-share-this\/fb.png\" alt=\"Share this page via Facebook\" \/>\n<\/a>\n<a target=\"_blank\" href=\"http:\/\/twitter.com\/intent\/tweet?text=I+like+https%3A%2F%2Flabestiadeportiva.com%2Flbd%2Fesperamos-una-definicion-oficial-de-chile-para-este-viernes-audio%2F&amp;title=%C2%ABEsperamos+una+definici%C3%B3n+oficial+de+Chile+para+este+viernes%C2%BB+%28Audio%29\">\n<img src=\"https:\/\/labestiadeportiva.com\/lbd\/wp-content\/plugins\/jw-share-this\/twitter.png\" alt=\"Share this page via Twitter\" \/>\n<\/a>\n<\/div>\n","protected":false},"excerpt":{"rendered":"<p>Los Juegos Binacionales de la Araucan\u00eda La Pampa 2019 est\u00e1n a la vuelta de la esquina. La actual situaci\u00f3n social del vecino pa\u00eds preocupa y condiciona. Si bien desde las 7 Regiones dicen no tener novedades, el cambio de autoridades en Santiago abre un manto de dudas. En busca de novedades entrevistamos al Secretario de &hellip; <a href=\"https:\/\/labestiadeportiva.com\/lbd\/esperamos-una-definicion-oficial-de-chile-para-este-viernes-audio\/\" class=\"more-link\">Seguir leyendo <span class=\"screen-reader-text\">\u00abEsperamos una definici\u00f3n oficial de Chile para este viernes\u00bb (Audio)<\/span> <span class=\"meta-nav\">&rarr;<\/span><\/a><\/p>\n","protected":false},"author":1,"featured_media":34145,"comment_status":"open","ping_status":"open","sticky":false,"template":"","format":"standard","meta":[],"categories":[5,4,6,60,2277,1],"tags":[851,3802,4838,3660],"_links":{"self":[{"href":"https:\/\/labestiadeportiva.com\/lbd\/wp-json\/wp\/v2\/posts\/34144"}],"collection":[{"href":"https:\/\/labestiadeportiva.com\/lbd\/wp-json\/wp\/v2\/posts"}],"about":[{"href":"https:\/\/labestiadeportiva.com\/lbd\/wp-json\/wp\/v2\/types\/post"}],"author":[{"embeddable":true,"href":"https:\/\/labestiadeportiva.com\/lbd\/wp-json\/wp\/v2\/users\/1"}],"replies":[{"embeddable":true,"href":"https:\/\/labestiadeportiva.com\/lbd\/wp-json\/wp\/v2\/comments?post=34144"}],"version-history":[{"count":1,"href":"https:\/\/labestiadeportiva.com\/lbd\/wp-json\/wp\/v2\/posts\/34144\/revisions"}],"predecessor-version":[{"id":34147,"href":"https:\/\/labestiadeportiva.com\/lbd\/wp-json\/wp\/v2\/posts\/34144\/revisions\/34147"}],"wp:featuredmedia":[{"embeddable":true,"href":"https:\/\/labestiadeportiva.com\/lbd\/wp-json\/wp\/v2\/media\/34145"}],"wp:attachment":[{"href":"https:\/\/labestiadeportiva.com\/lbd\/wp-json\/wp\/v2\/media?parent=34144"}],"wp:term":[{"taxonomy":"category","embeddable":true,"href":"https:\/\/labestiadeportiva.com\/lbd\/wp-json\/wp\/v2\/categories?post=34144"},{"taxonomy":"post_tag","embeddable":true,"href":"https:\/\/labestiadeportiva.com\/lbd\/wp-json\/wp\/v2\/tags?post=34144"}],"curies":[{"name":"wp","href":"https:\/\/api.w.org\/{rel}","templated":true}]}}