{"id":34370,"date":"2019-11-23T19:30:08","date_gmt":"2019-11-23T22:30:08","guid":{"rendered":"http:\/\/labestiadeportiva.com\/lbd\/?p=34370"},"modified":"2019-11-25T13:29:35","modified_gmt":"2019-11-25T16:29:35","slug":"flamengo-campeon-de-america","status":"publish","type":"post","link":"https:\/\/labestiadeportiva.com\/lbd\/flamengo-campeon-de-america\/","title":{"rendered":"Flamengo Campe\u00f3n de Am\u00e9rica"},"content":{"rendered":"<p>Por Javier Nicol\u00e1s Baroli (Corresponsal LBD en R\u00edo Gallegos)<\/p>\n<p><a href=\"http:\/\/labestiadeportiva.com\/lbd\/wp-content\/uploads\/2019\/11\/IMG-20191123-WA00282.jpg\"><img loading=\"lazy\" class=\"aligncenter size-medium wp-image-34371\" src=\"http:\/\/labestiadeportiva.com\/lbd\/wp-content\/uploads\/2019\/11\/IMG-20191123-WA00282-300x212.jpg\" alt=\"IMG-20191123-WA0028~2\" width=\"300\" height=\"212\" srcset=\"https:\/\/labestiadeportiva.com\/lbd\/wp-content\/uploads\/2019\/11\/IMG-20191123-WA00282-300x212.jpg 300w, https:\/\/labestiadeportiva.com\/lbd\/wp-content\/uploads\/2019\/11\/IMG-20191123-WA00282.jpg 720w\" sizes=\"(max-width: 300px) 100vw, 300px\" \/><\/a>En un cierre incre\u00edble, el equipo Brasilero se qued\u00f3 con la primera final \u00fanica del certamen continental. En apenas 5 minutos dio vuelta el partido\u00a0 \u00a0por 2 a 1 transformando a Gobigol en el nuevo superh\u00e9roe carioca.<\/p>\n<p>Todavia no salimos del asombro en la redacci\u00f3n de LBD. River perdi\u00f3 una final de pel\u00edcula.<\/p>\n<p>Y decimos que el Millonario la perdi\u00f3 ya que estuvo arriba 85 de 90 minutos y dos errores tiraron por la borda la ilusi\u00f3n del equipo argentino.<\/p>\n<p>Ganaba y dominaba las acciones y ganaba con gol de Santos Borre. Pero una p\u00e9rdida en 3\/4 de cancha de Pratto y un despeje en falso de Pinola le dieron la victoria a Flamengo con dos goles de Gabigol. Incre\u00edble.<\/p>\n<p>Pocas veces nos cost\u00f3 explicar futbolistico. Nos cuesta encontrar las palabras. En un abrir y cerrar de ojos River dej\u00f3 pasar una oportunidad hist\u00f3rica de ser bicampeon de Am\u00e9rica.<\/p>\n<p>La realidad nos rob\u00f3 las palabras. El f\u00fatbol, deporte que amamos, nos dej\u00f3 mudos ante una final hist\u00f3rica.<\/p>\n<div class='epvc-post-count'><span class='epvc-eye'><\/span>  <span class=\"epvc-count\"> 1.178<\/span><span class='epvc-label'> veces le\u00edda<\/span><\/div>\n<div class=\"jwsharethis\">\nShare this: \n<br \/>\n<a href=\"mailto:?subject=Flamengo%20Campe%C3%B3n%20de%20Am%C3%A9rica&amp;body=https%3A%2F%2Flabestiadeportiva.com%2Flbd%2Fflamengo-campeon-de-america%2F\">\n<img src=\"https:\/\/labestiadeportiva.com\/lbd\/wp-content\/plugins\/jw-share-this\/email.png\" alt=\"Share this page via Email\" \/>\n<\/a>\n<a target=\"_blank\" href=\"http:\/\/www.stumbleupon.com\/submit?url=https%3A%2F%2Flabestiadeportiva.com%2Flbd%2Fflamengo-campeon-de-america%2F&amp;title=Flamengo+Campe%C3%B3n+de+Am%C3%A9rica\">\n<img src=\"https:\/\/labestiadeportiva.com\/lbd\/wp-content\/plugins\/jw-share-this\/su.png\" alt=\"Share this page via Stumble Upon\" \/>\n<\/a>\n<a target=\"_blank\" href=\"http:\/\/digg.com\/submit?url=https%3A%2F%2Flabestiadeportiva.com%2Flbd%2Fflamengo-campeon-de-america%2F&amp;title=Flamengo+Campe%C3%B3n+de+Am%C3%A9rica\">\n<img src=\"https:\/\/labestiadeportiva.com\/lbd\/wp-content\/plugins\/jw-share-this\/digg.png\" alt=\"Share this page via Digg this\" \/>\n<\/a>\n<a target=\"_blank\" href=\"http:\/\/www.facebook.com\/sharer.php?u=https%3A%2F%2Flabestiadeportiva.com%2Flbd%2Fflamengo-campeon-de-america%2F&amp;t=Flamengo+Campe%C3%B3n+de+Am%C3%A9rica\">\n<img src=\"https:\/\/labestiadeportiva.com\/lbd\/wp-content\/plugins\/jw-share-this\/fb.png\" alt=\"Share this page via Facebook\" \/>\n<\/a>\n<a target=\"_blank\" href=\"http:\/\/twitter.com\/intent\/tweet?text=I+like+https%3A%2F%2Flabestiadeportiva.com%2Flbd%2Fflamengo-campeon-de-america%2F&amp;title=Flamengo+Campe%C3%B3n+de+Am%C3%A9rica\">\n<img src=\"https:\/\/labestiadeportiva.com\/lbd\/wp-content\/plugins\/jw-share-this\/twitter.png\" alt=\"Share this page via Twitter\" \/>\n<\/a>\n<\/div>\n","protected":false},"excerpt":{"rendered":"<p>Por Javier Nicol\u00e1s Baroli (Corresponsal LBD en R\u00edo Gallegos) En un cierre incre\u00edble, el equipo Brasilero se qued\u00f3 con la primera final \u00fanica del certamen continental. En apenas 5 minutos dio vuelta el partido\u00a0 \u00a0por 2 a 1 transformando a Gobigol en el nuevo superh\u00e9roe carioca. Todavia no salimos del asombro en la redacci\u00f3n de &hellip; <a href=\"https:\/\/labestiadeportiva.com\/lbd\/flamengo-campeon-de-america\/\" class=\"more-link\">Seguir leyendo <span class=\"screen-reader-text\">Flamengo Campe\u00f3n de Am\u00e9rica<\/span> <span class=\"meta-nav\">&rarr;<\/span><\/a><\/p>\n","protected":false},"author":1,"featured_media":34371,"comment_status":"open","ping_status":"open","sticky":false,"template":"","format":"standard","meta":[],"categories":[4,2292,1],"tags":[465,4830],"_links":{"self":[{"href":"https:\/\/labestiadeportiva.com\/lbd\/wp-json\/wp\/v2\/posts\/34370"}],"collection":[{"href":"https:\/\/labestiadeportiva.com\/lbd\/wp-json\/wp\/v2\/posts"}],"about":[{"href":"https:\/\/labestiadeportiva.com\/lbd\/wp-json\/wp\/v2\/types\/post"}],"author":[{"embeddable":true,"href":"https:\/\/labestiadeportiva.com\/lbd\/wp-json\/wp\/v2\/users\/1"}],"replies":[{"embeddable":true,"href":"https:\/\/labestiadeportiva.com\/lbd\/wp-json\/wp\/v2\/comments?post=34370"}],"version-history":[{"count":4,"href":"https:\/\/labestiadeportiva.com\/lbd\/wp-json\/wp\/v2\/posts\/34370\/revisions"}],"predecessor-version":[{"id":34381,"href":"https:\/\/labestiadeportiva.com\/lbd\/wp-json\/wp\/v2\/posts\/34370\/revisions\/34381"}],"wp:featuredmedia":[{"embeddable":true,"href":"https:\/\/labestiadeportiva.com\/lbd\/wp-json\/wp\/v2\/media\/34371"}],"wp:attachment":[{"href":"https:\/\/labestiadeportiva.com\/lbd\/wp-json\/wp\/v2\/media?parent=34370"}],"wp:term":[{"taxonomy":"category","embeddable":true,"href":"https:\/\/labestiadeportiva.com\/lbd\/wp-json\/wp\/v2\/categories?post=34370"},{"taxonomy":"post_tag","embeddable":true,"href":"https:\/\/labestiadeportiva.com\/lbd\/wp-json\/wp\/v2\/tags?post=34370"}],"curies":[{"name":"wp","href":"https:\/\/api.w.org\/{rel}","templated":true}]}}