{"id":34744,"date":"2019-12-30T00:56:15","date_gmt":"2019-12-30T03:56:15","guid":{"rendered":"http:\/\/labestiadeportiva.com\/lbd\/?p=34744"},"modified":"2019-12-30T01:05:12","modified_gmt":"2019-12-30T04:05:12","slug":"despidiendo-un-ano-complejo","status":"publish","type":"post","link":"https:\/\/labestiadeportiva.com\/lbd\/despidiendo-un-ano-complejo\/","title":{"rendered":"Despidiendo un a\u00f1o complejo"},"content":{"rendered":"<p>Por Mart\u00edn P\u00e9rez<\/p>\n<p><a href=\"http:\/\/labestiadeportiva.com\/lbd\/wp-content\/uploads\/2019\/12\/20191230_005021-COLLAGE.jpg\"><img loading=\"lazy\" class=\"aligncenter size-medium wp-image-34746\" src=\"http:\/\/labestiadeportiva.com\/lbd\/wp-content\/uploads\/2019\/12\/20191230_005021-COLLAGE-300x300.jpg\" alt=\"20191230_005021-COLLAGE\" width=\"300\" height=\"300\" srcset=\"https:\/\/labestiadeportiva.com\/lbd\/wp-content\/uploads\/2019\/12\/20191230_005021-COLLAGE-300x300.jpg 300w, https:\/\/labestiadeportiva.com\/lbd\/wp-content\/uploads\/2019\/12\/20191230_005021-COLLAGE-150x150.jpg 150w, https:\/\/labestiadeportiva.com\/lbd\/wp-content\/uploads\/2019\/12\/20191230_005021-COLLAGE.jpg 1024w, https:\/\/labestiadeportiva.com\/lbd\/wp-content\/uploads\/2019\/12\/20191230_005021-COLLAGE-160x160.jpg 160w, https:\/\/labestiadeportiva.com\/lbd\/wp-content\/uploads\/2019\/12\/20191230_005021-COLLAGE-320x320.jpg 320w, https:\/\/labestiadeportiva.com\/lbd\/wp-content\/uploads\/2019\/12\/20191230_005021-COLLAGE-60x60.jpg 60w\" sizes=\"(max-width: 300px) 100vw, 300px\" \/><\/a>Cuando solo quedan algo m\u00e1s de 24 horas para despedir el 2019 nos animamos a reflexionar sobre los \u00faltimos doce meses. Mirada personal del deporte fueguino en un a\u00f1o donde la pol\u00edtica se llev\u00f3 la principal atenci\u00f3n. A pesar de esto la actividad mantuvo su nivel en cantidad y calidad gracias a deportistas, formadores, asociaciones, federaciones e instituciones.<!--more--><\/p>\n<p>Las miradas parciales siempre son injustas. Es por ello que tratar\u00e9 de hacer un ejercicio de memoria lo m\u00e1s ajustado a la realidad posible, siempre aclarando que es tan solo eso un peque\u00f1o an\u00e1lisis personal.<\/p>\n<p>Algo que venimos observando en el crecimiento de las disciplinas no tradicionales tanto individuales como de conjunto. Esto nos parece positivo pues abre el juego a j\u00f3venes que tienen una oferta mayor a la hora de acercarse a la pr\u00e1ctica.<\/p>\n<p>Si bien cada deporte vive su realidad nuestra funci\u00f3n de acompa\u00f1arlos, en la medida de nuestras posibilidades, nos permite observar problem\u00e1ticas comunes.<\/p>\n<p>Es cierto que en los \u00faltimos tiempos los fueguinos en muchos casos compiten\u00a0 provincialmente, con el 2020 a la vuelta de la esquina todav\u00eda quedan deportes que solo act\u00faan por ciudades.<\/p>\n<p>Sabemos que el factor econ\u00f3mico es determinante pero quedar\u00e1 en la inventiva e iniciativa de los dirigentes intentar hacerlo.<\/p>\n<p>Tan solo 220 kil\u00f3metros entre Ushuaia y R\u00edo Grande con Tolhuin a mitad de camino no parece imposible.<\/p>\n<p>No es descabellado pensar en algunos casos con un primer semestre local y otro de cruces entre deportistas de las tres ciudades.<\/p>\n<p>Tampoco estar\u00eda mal proyectar a Tolhuin como lugar de juego neutral para ushuaienses y riograndenses.<\/p>\n<p>Varias disciplinas han entendido que la regionalizaci\u00f3n es una importante opci\u00f3n de crecimiento deportivo realizando intercambios con Punta Arenas, R\u00edo Gallegos y algunas otras localidades santacruce\u00f1as, creemos que esto debe mantenerse y de ser posible potenciarse.<\/p>\n<p>Un tema no menor son los roles de las carteras deportivas tanto municipales como del Gobierno Provincial.<\/p>\n<p>Creemos que deben estar conectadas entre s\u00ed m\u00e1s all\u00e1 de su color pol\u00edtico para no superponerse en cuanto a las tareas a realizar.<\/p>\n<p>El deporte provincial deber\u00eda tener como principal funci\u00f3n el intentar ordenar los cronogramas anuales de competencia a Federaciones, Asociaciones y Uniones ayudando desde la log\u00edstica con espacios de albergue, competencia y transporte.<\/p>\n<p>Una de la preguntas que nos hacemos es por qu\u00e9 las instancias locales de los Juegos Evita no est\u00e1n en manos de los municipios que son los que tienen el contacto con los ni\u00f1os y j\u00f3venes de los barrios.<\/p>\n<p>Muchas instituciones han entendido que a la hora de encarar compromisos la ayuda oficial debe ser el plan \u00abB\u00bb. Apoyos privados e iniciativas propias, a la hora de juntar recursos, son fundamentales.<\/p>\n<p>A modo de cierre voy a caer en nombres propios, atletas, equipos y disciplinas que me han llamado la atenci\u00f3n en forma positiva (esto no quiere decir que sean los \u00fanicos para destacar pero la lista ser\u00eda interminable)<\/p>\n<p>Consolidaci\u00f3n de Valent\u00edn Garay en el tenis con un a\u00f1o pleno de participaci\u00f3n nacional. Francisco \u00abDelf\u00edn\u00bb Picatto ratific\u00f3 todo lo realizado en 2018 con un 2019 excelente con el techo bien lejos y proyect\u00e1ndose como uno de los mejores nadadores de la Patagonia, Renata Godoy con tan solo 14 a\u00f1os fue la aparici\u00f3n m\u00e1s importante para el atletismo, su gran a\u00f1o le permiti\u00f3 cerrar la temporada con una competencia internacional representando al pa\u00eds en Paraguay, Agust\u00edn Jara redobl\u00f3 la apuesta en el kick boxing con otro a\u00f1o estupendo ya lanzado dentro del semi profesionalismo, Julieta Jerez redonde\u00f3 una gran temporada en motociclismo con participaci\u00f3n en la VTDF e importantes presencias nacionales que la llevaron a representar a la Argentina en tierras trasandinas,\u00a0 Facundo \u00abChino\u00bb Di Gennaro de tan solo 17 a\u00f1os tuvo una intensa temporada en el automovilismo con participaciones en el karting Provincial y Nacional, Turismo Pista\u00a0 Fueguino, Top Race Junior y F\u00f3rmula Metropolitana, gran presente del equipo riograndense de Levantamiento Ol\u00edmpico de Pesas con organizaci\u00f3n de torneo nacional en el norte de la isla m\u00e1s importantes presentaciones de sus j\u00f3venes valores, y para cerrar el joven y talentoso equipo de futsal AFA \u00abEstrella Austral\u00bb, multicampe\u00f3n riograndense ganador de los regionales del Consejo Federal y LNFA, una bocanada de aire fresco para la disciplina con una propuesta de talento individual y colectivo que tiene a \u00abNico\u00bb Paredes (no por mucho tiempo) c\u00f3mo su m\u00e1xima figura.<\/p>\n<p>Con todas las dificultades del amateurismo el deporte fueguino crece y avanza. Felicitaciones para todos sus protagonistas. Desde el equipo de LBD nos comprometemos a seguir acompa\u00f1\u00e1ndolos el pr\u00f3ximo a\u00f1o en nuestra temporada radial n\u00famero 17 y 14 en la web. Felices Fiestas.<\/p>\n<p>&nbsp;<\/p>\n<p>&nbsp;<\/p>\n<div class='epvc-post-count'><span class='epvc-eye'><\/span>  <span class=\"epvc-count\"> 1.029<\/span><span class='epvc-label'> veces le\u00edda<\/span><\/div>\n<div class=\"jwsharethis\">\nShare this: \n<br \/>\n<a href=\"mailto:?subject=Despidiendo%20un%20a%C3%B1o%20complejo&amp;body=https%3A%2F%2Flabestiadeportiva.com%2Flbd%2Fdespidiendo-un-ano-complejo%2F\">\n<img src=\"https:\/\/labestiadeportiva.com\/lbd\/wp-content\/plugins\/jw-share-this\/email.png\" alt=\"Share this page via Email\" \/>\n<\/a>\n<a target=\"_blank\" href=\"http:\/\/www.stumbleupon.com\/submit?url=https%3A%2F%2Flabestiadeportiva.com%2Flbd%2Fdespidiendo-un-ano-complejo%2F&amp;title=Despidiendo+un+a%C3%B1o+complejo\">\n<img src=\"https:\/\/labestiadeportiva.com\/lbd\/wp-content\/plugins\/jw-share-this\/su.png\" alt=\"Share this page via Stumble Upon\" \/>\n<\/a>\n<a target=\"_blank\" href=\"http:\/\/digg.com\/submit?url=https%3A%2F%2Flabestiadeportiva.com%2Flbd%2Fdespidiendo-un-ano-complejo%2F&amp;title=Despidiendo+un+a%C3%B1o+complejo\">\n<img src=\"https:\/\/labestiadeportiva.com\/lbd\/wp-content\/plugins\/jw-share-this\/digg.png\" alt=\"Share this page via Digg this\" \/>\n<\/a>\n<a target=\"_blank\" href=\"http:\/\/www.facebook.com\/sharer.php?u=https%3A%2F%2Flabestiadeportiva.com%2Flbd%2Fdespidiendo-un-ano-complejo%2F&amp;t=Despidiendo+un+a%C3%B1o+complejo\">\n<img src=\"https:\/\/labestiadeportiva.com\/lbd\/wp-content\/plugins\/jw-share-this\/fb.png\" alt=\"Share this page via Facebook\" \/>\n<\/a>\n<a target=\"_blank\" href=\"http:\/\/twitter.com\/intent\/tweet?text=I+like+https%3A%2F%2Flabestiadeportiva.com%2Flbd%2Fdespidiendo-un-ano-complejo%2F&amp;title=Despidiendo+un+a%C3%B1o+complejo\">\n<img src=\"https:\/\/labestiadeportiva.com\/lbd\/wp-content\/plugins\/jw-share-this\/twitter.png\" alt=\"Share this page via Twitter\" \/>\n<\/a>\n<\/div>\n","protected":false},"excerpt":{"rendered":"<p>Por Mart\u00edn P\u00e9rez Cuando solo quedan algo m\u00e1s de 24 horas para despedir el 2019 nos animamos a reflexionar sobre los \u00faltimos doce meses. Mirada personal del deporte fueguino en un a\u00f1o donde la pol\u00edtica se llev\u00f3 la principal atenci\u00f3n. A pesar de esto la actividad mantuvo su nivel en cantidad y calidad gracias a &hellip; <a href=\"https:\/\/labestiadeportiva.com\/lbd\/despidiendo-un-ano-complejo\/\" class=\"more-link\">Seguir leyendo <span class=\"screen-reader-text\">Despidiendo un a\u00f1o complejo<\/span> <span class=\"meta-nav\">&rarr;<\/span><\/a><\/p>\n","protected":false},"author":1,"featured_media":34746,"comment_status":"open","ping_status":"open","sticky":false,"template":"","format":"standard","meta":[],"categories":[5,4,6,1],"tags":[296,2013,3660],"_links":{"self":[{"href":"https:\/\/labestiadeportiva.com\/lbd\/wp-json\/wp\/v2\/posts\/34744"}],"collection":[{"href":"https:\/\/labestiadeportiva.com\/lbd\/wp-json\/wp\/v2\/posts"}],"about":[{"href":"https:\/\/labestiadeportiva.com\/lbd\/wp-json\/wp\/v2\/types\/post"}],"author":[{"embeddable":true,"href":"https:\/\/labestiadeportiva.com\/lbd\/wp-json\/wp\/v2\/users\/1"}],"replies":[{"embeddable":true,"href":"https:\/\/labestiadeportiva.com\/lbd\/wp-json\/wp\/v2\/comments?post=34744"}],"version-history":[{"count":2,"href":"https:\/\/labestiadeportiva.com\/lbd\/wp-json\/wp\/v2\/posts\/34744\/revisions"}],"predecessor-version":[{"id":34749,"href":"https:\/\/labestiadeportiva.com\/lbd\/wp-json\/wp\/v2\/posts\/34744\/revisions\/34749"}],"wp:featuredmedia":[{"embeddable":true,"href":"https:\/\/labestiadeportiva.com\/lbd\/wp-json\/wp\/v2\/media\/34746"}],"wp:attachment":[{"href":"https:\/\/labestiadeportiva.com\/lbd\/wp-json\/wp\/v2\/media?parent=34744"}],"wp:term":[{"taxonomy":"category","embeddable":true,"href":"https:\/\/labestiadeportiva.com\/lbd\/wp-json\/wp\/v2\/categories?post=34744"},{"taxonomy":"post_tag","embeddable":true,"href":"https:\/\/labestiadeportiva.com\/lbd\/wp-json\/wp\/v2\/tags?post=34744"}],"curies":[{"name":"wp","href":"https:\/\/api.w.org\/{rel}","templated":true}]}}