{"id":34774,"date":"2020-01-03T14:58:03","date_gmt":"2020-01-03T17:58:03","guid":{"rendered":"http:\/\/labestiadeportiva.com\/lbd\/?p=34774"},"modified":"2020-01-03T15:38:04","modified_gmt":"2020-01-03T18:38:04","slug":"el-2019-fue-el-ano-mas-importante-de-mi-vida","status":"publish","type":"post","link":"https:\/\/labestiadeportiva.com\/lbd\/el-2019-fue-el-ano-mas-importante-de-mi-vida\/","title":{"rendered":"\u00abEl 2019 fue el a\u00f1o m\u00e1s importante de mi vida\u00bb"},"content":{"rendered":"<p><a href=\"http:\/\/labestiadeportiva.com\/lbd\/wp-content\/uploads\/2020\/01\/20200103_140458-COLLAGE.jpg\"><img loading=\"lazy\" class=\"alignnone size-medium wp-image-34775\" src=\"http:\/\/labestiadeportiva.com\/lbd\/wp-content\/uploads\/2020\/01\/20200103_140458-COLLAGE-300x300.jpg\" alt=\"20200103_140458-COLLAGE\" width=\"300\" height=\"300\" srcset=\"https:\/\/labestiadeportiva.com\/lbd\/wp-content\/uploads\/2020\/01\/20200103_140458-COLLAGE-300x300.jpg 300w, https:\/\/labestiadeportiva.com\/lbd\/wp-content\/uploads\/2020\/01\/20200103_140458-COLLAGE-150x150.jpg 150w, https:\/\/labestiadeportiva.com\/lbd\/wp-content\/uploads\/2020\/01\/20200103_140458-COLLAGE.jpg 1024w, https:\/\/labestiadeportiva.com\/lbd\/wp-content\/uploads\/2020\/01\/20200103_140458-COLLAGE-160x160.jpg 160w, https:\/\/labestiadeportiva.com\/lbd\/wp-content\/uploads\/2020\/01\/20200103_140458-COLLAGE-320x320.jpg 320w, https:\/\/labestiadeportiva.com\/lbd\/wp-content\/uploads\/2020\/01\/20200103_140458-COLLAGE-60x60.jpg 60w\" sizes=\"(max-width: 300px) 100vw, 300px\" \/><\/a><br \/>\nBreve paso por nuestra ciudad del defensor Ushuaiense Francisco Mart\u00ednez, actual jugador de Trist\u00e1n Su\u00e1rez, instituci\u00f3n que milita en la Primera \u00abB\u00bb Metropolitana. \u00abFran\u00bb, de actuales 29 a\u00f1os, visti\u00f3 las camisetas de All Boys, Atl\u00e9tico Rafaela, Douglas Haig, Los Andes, Flandria y Defensores de Belgrano. Balance y proyecci\u00f3n para LBD del flamante pap\u00e1 de Luc\u00eda.<!--more--><\/p>\n<p>\u00abCreo que en lo personal fue muy positivo. Fue un a\u00f1o de cambios con la decisi\u00f3n de bajar de categor\u00eda, en lo futbol\u00edstico se dio lo que buscaba tuve el llamado del t\u00e9cnico, yo conoc\u00eda como trabajan, la calidad de gente que son y esto me incentiv\u00f3 para tomar la decisi\u00f3n.<\/p>\n<p>Trist\u00e1n Su\u00e1rez es un club muy lindo que sigue creciendo d\u00eda a d\u00eda y tiene muchas ganas de lograr el ascenso. En 2019 hicimos una buena campa\u00f1a, peleamos el torneo hasta la fecha 11 en los \u00faltimos partidos se nos escapa pero tenemos un gran grupo para volver a intentarlo.<\/p>\n<p>Logr\u00e9 la continuidad que necesitaba, volv\u00ed a jugar, ser titular a sentirme importante dentro del plantel y espero seguir haci\u00e9ndolo en este semestre.<\/p>\n<p>En lo personal fue el a\u00f1o m\u00e1s importante de m\u00ed vida, feliz con el nacimiento de mi hija, es algo impagable no hay nada m\u00e1s lindo que ser pap\u00e1 disfrut\u00e1ndolo en familia.<\/p>\n<p>Tuve la suerte de ir a Ushuaia en estos d\u00edas y poder pasarla con la gente que quiero, estar en la ciudad siempre me hace bien y motiva para seguir luchando en el d\u00eda a d\u00eda.<\/p>\n<p>Le mando un saludo a toda la gente de Ushuaia, mi familia y amigos que me hicieron pasar unos d\u00edas excelente con la suerte de que nos acompa\u00f1o el clima y disfrutamos el doble. Desearles un feliz a\u00f1o a todos.\u00bb<\/p>\n<p>&nbsp;<\/p>\n<div class='epvc-post-count'><span class='epvc-eye'><\/span>  <span class=\"epvc-count\"> 1.199<\/span><span class='epvc-label'> veces le\u00edda<\/span><\/div>\n<div class=\"jwsharethis\">\nShare this: \n<br \/>\n<a href=\"mailto:?subject=%C2%ABEl%202019%20fue%20el%20a%C3%B1o%20m%C3%A1s%20importante%20de%20mi%20vida%C2%BB&amp;body=https%3A%2F%2Flabestiadeportiva.com%2Flbd%2Fel-2019-fue-el-ano-mas-importante-de-mi-vida%2F\">\n<img src=\"https:\/\/labestiadeportiva.com\/lbd\/wp-content\/plugins\/jw-share-this\/email.png\" alt=\"Share this page via Email\" \/>\n<\/a>\n<a target=\"_blank\" href=\"http:\/\/www.stumbleupon.com\/submit?url=https%3A%2F%2Flabestiadeportiva.com%2Flbd%2Fel-2019-fue-el-ano-mas-importante-de-mi-vida%2F&amp;title=%C2%ABEl+2019+fue+el+a%C3%B1o+m%C3%A1s+importante+de+mi+vida%C2%BB\">\n<img src=\"https:\/\/labestiadeportiva.com\/lbd\/wp-content\/plugins\/jw-share-this\/su.png\" alt=\"Share this page via Stumble Upon\" \/>\n<\/a>\n<a target=\"_blank\" href=\"http:\/\/digg.com\/submit?url=https%3A%2F%2Flabestiadeportiva.com%2Flbd%2Fel-2019-fue-el-ano-mas-importante-de-mi-vida%2F&amp;title=%C2%ABEl+2019+fue+el+a%C3%B1o+m%C3%A1s+importante+de+mi+vida%C2%BB\">\n<img src=\"https:\/\/labestiadeportiva.com\/lbd\/wp-content\/plugins\/jw-share-this\/digg.png\" alt=\"Share this page via Digg this\" \/>\n<\/a>\n<a target=\"_blank\" href=\"http:\/\/www.facebook.com\/sharer.php?u=https%3A%2F%2Flabestiadeportiva.com%2Flbd%2Fel-2019-fue-el-ano-mas-importante-de-mi-vida%2F&amp;t=%C2%ABEl+2019+fue+el+a%C3%B1o+m%C3%A1s+importante+de+mi+vida%C2%BB\">\n<img src=\"https:\/\/labestiadeportiva.com\/lbd\/wp-content\/plugins\/jw-share-this\/fb.png\" alt=\"Share this page via Facebook\" \/>\n<\/a>\n<a target=\"_blank\" href=\"http:\/\/twitter.com\/intent\/tweet?text=I+like+https%3A%2F%2Flabestiadeportiva.com%2Flbd%2Fel-2019-fue-el-ano-mas-importante-de-mi-vida%2F&amp;title=%C2%ABEl+2019+fue+el+a%C3%B1o+m%C3%A1s+importante+de+mi+vida%C2%BB\">\n<img src=\"https:\/\/labestiadeportiva.com\/lbd\/wp-content\/plugins\/jw-share-this\/twitter.png\" alt=\"Share this page via Twitter\" \/>\n<\/a>\n<\/div>\n","protected":false},"excerpt":{"rendered":"<p>Breve paso por nuestra ciudad del defensor Ushuaiense Francisco Mart\u00ednez, actual jugador de Trist\u00e1n Su\u00e1rez, instituci\u00f3n que milita en la Primera \u00abB\u00bb Metropolitana. \u00abFran\u00bb, de actuales 29 a\u00f1os, visti\u00f3 las camisetas de All Boys, Atl\u00e9tico Rafaela, Douglas Haig, Los Andes, Flandria y Defensores de Belgrano. Balance y proyecci\u00f3n para LBD del flamante pap\u00e1 de Luc\u00eda. &hellip; <a href=\"https:\/\/labestiadeportiva.com\/lbd\/el-2019-fue-el-ano-mas-importante-de-mi-vida\/\" class=\"more-link\">Seguir leyendo <span class=\"screen-reader-text\">\u00abEl 2019 fue el a\u00f1o m\u00e1s importante de mi vida\u00bb<\/span> <span class=\"meta-nav\">&rarr;<\/span><\/a><\/p>\n","protected":false},"author":1,"featured_media":34775,"comment_status":"open","ping_status":"open","sticky":false,"template":"","format":"standard","meta":[],"categories":[60,2227],"tags":[4838,1126,17,3660],"_links":{"self":[{"href":"https:\/\/labestiadeportiva.com\/lbd\/wp-json\/wp\/v2\/posts\/34774"}],"collection":[{"href":"https:\/\/labestiadeportiva.com\/lbd\/wp-json\/wp\/v2\/posts"}],"about":[{"href":"https:\/\/labestiadeportiva.com\/lbd\/wp-json\/wp\/v2\/types\/post"}],"author":[{"embeddable":true,"href":"https:\/\/labestiadeportiva.com\/lbd\/wp-json\/wp\/v2\/users\/1"}],"replies":[{"embeddable":true,"href":"https:\/\/labestiadeportiva.com\/lbd\/wp-json\/wp\/v2\/comments?post=34774"}],"version-history":[{"count":3,"href":"https:\/\/labestiadeportiva.com\/lbd\/wp-json\/wp\/v2\/posts\/34774\/revisions"}],"predecessor-version":[{"id":34779,"href":"https:\/\/labestiadeportiva.com\/lbd\/wp-json\/wp\/v2\/posts\/34774\/revisions\/34779"}],"wp:featuredmedia":[{"embeddable":true,"href":"https:\/\/labestiadeportiva.com\/lbd\/wp-json\/wp\/v2\/media\/34775"}],"wp:attachment":[{"href":"https:\/\/labestiadeportiva.com\/lbd\/wp-json\/wp\/v2\/media?parent=34774"}],"wp:term":[{"taxonomy":"category","embeddable":true,"href":"https:\/\/labestiadeportiva.com\/lbd\/wp-json\/wp\/v2\/categories?post=34774"},{"taxonomy":"post_tag","embeddable":true,"href":"https:\/\/labestiadeportiva.com\/lbd\/wp-json\/wp\/v2\/tags?post=34774"}],"curies":[{"name":"wp","href":"https:\/\/api.w.org\/{rel}","templated":true}]}}