{"id":34812,"date":"2020-01-06T20:18:49","date_gmt":"2020-01-06T23:18:49","guid":{"rendered":"http:\/\/labestiadeportiva.com\/lbd\/?p=34812"},"modified":"2020-01-06T20:18:49","modified_gmt":"2020-01-06T23:18:49","slug":"orlando-terranova-manda-en-el-desierto","status":"publish","type":"post","link":"https:\/\/labestiadeportiva.com\/lbd\/orlando-terranova-manda-en-el-desierto\/","title":{"rendered":"Orlando Terranova manda en el desierto"},"content":{"rendered":"<p><span style=\"font-weight: 400;\">Por Daniel Campos (Corresponsal LBD en Palma de Mallorca, Espa\u00f1a)<\/span><\/p>\n<p><span style=\"font-weight: 400;\"><a href=\"http:\/\/labestiadeportiva.com\/lbd\/wp-content\/uploads\/2020\/01\/Terranova.jpg\"><img loading=\"lazy\" class=\"aligncenter size-medium wp-image-34813\" src=\"http:\/\/labestiadeportiva.com\/lbd\/wp-content\/uploads\/2020\/01\/Terranova-300x200.jpg\" alt=\"Terranova\" width=\"300\" height=\"200\" srcset=\"https:\/\/labestiadeportiva.com\/lbd\/wp-content\/uploads\/2020\/01\/Terranova-300x200.jpg 300w, https:\/\/labestiadeportiva.com\/lbd\/wp-content\/uploads\/2020\/01\/Terranova.jpg 1000w\" sizes=\"(max-width: 300px) 100vw, 300px\" \/><\/a>El argentino Orlando Terranova con Mini, se pone al frente del Dakar 2020 , junto a su navegante Bernardo Graue, tras llegar apenas tres minutos por detr\u00e1s del ganador de la segunda etapa de hoy, el sudafricano, Giniel de Villiers con Toyota. <!--more--><\/span><\/p>\n<p>En la segunda jornada de competici\u00f3n, los pilotos unieron Al-Wajh y Neom hacia el norte, corriendo en paralelo al Mar Rojo, y la navegaci\u00f3n ha puesto a prueba a las tripulaciones m\u00e1s curtidas en el desierto.<\/p>\n<p><span style=\"font-weight: 400;\">En el segundo tramo del especial, las condiciones del terreno pedregoso castig\u00f3 mucho los neum\u00e1ticos y mec\u00e1nica de veh\u00edculos, como los Toyota de Al-Attiyah o Fernando Alonso. <\/span><\/p>\n<p><span style=\"font-weight: 400;\">En el caso del asturiano, un fuerte choque en el kil\u00f3metro 160, da\u00f1\u00f3 seriamente el tren delantero y rompi\u00f3 una de sus ruedas.\u00a0<\/span>Tras dos horas y media de reparaci\u00f3n, el auto 310 pudo continuar en competici\u00f3n.<\/p>\n<p>En motos, cambio de l\u00edder, el brit\u00e1nico, Sam Suderland, en gran remontada, ha dejado por detr\u00e1s a Toby Price que perdi\u00f3 m\u00e1s de 12 minutos en esta etapa. Complicada jornada para el australiano de KTM, mientras suma y sigue el chileno Casale en el apartado de quads.<\/p>\n<p>En camiones, el bielorrusso Siarhei Viazovich, a bordo de un Maz,\u00a0 ha plantado cara al dominio de Kamaz en esta carrera, y se ubica primero en clasificaci\u00f3n general.<\/p>\n<p>Tambi\u00e9n hubo novedades en la categor\u00eda SSV, donde en gran trabajo, el piloto trasandino \u201cChaleco\u201d L\u00f3pez a los mandos de su Can Am, es el nuevo l\u00edder.<\/p>\n<p>Ma\u00f1ana en el tercer d\u00eda de competici\u00f3n, la etapa Neom-Neom, un bucle camino de la frontera con Jordania, con 489 kil\u00f3metros de distancia, un enlace de 77 y un especial de 427 k.<\/p>\n<p><a href=\"http:\/\/labestiadeportiva.com\/lbd\/wp-content\/uploads\/2020\/01\/alonso_coma.jpg\"><img loading=\"lazy\" class=\"aligncenter size-medium wp-image-34814\" src=\"http:\/\/labestiadeportiva.com\/lbd\/wp-content\/uploads\/2020\/01\/alonso_coma-300x200.jpg\" alt=\"alonso_coma\" width=\"300\" height=\"200\" srcset=\"https:\/\/labestiadeportiva.com\/lbd\/wp-content\/uploads\/2020\/01\/alonso_coma-300x200.jpg 300w, https:\/\/labestiadeportiva.com\/lbd\/wp-content\/uploads\/2020\/01\/alonso_coma.jpg 600w\" sizes=\"(max-width: 300px) 100vw, 300px\" \/><\/a><\/p>\n<div class='epvc-post-count'><span class='epvc-eye'><\/span>  <span class=\"epvc-count\"> 1.125<\/span><span class='epvc-label'> veces le\u00edda<\/span><\/div>\n<div class=\"jwsharethis\">\nShare this: \n<br \/>\n<a href=\"mailto:?subject=Orlando%20Terranova%20manda%20en%20el%20desierto&amp;body=https%3A%2F%2Flabestiadeportiva.com%2Flbd%2Forlando-terranova-manda-en-el-desierto%2F\">\n<img src=\"https:\/\/labestiadeportiva.com\/lbd\/wp-content\/plugins\/jw-share-this\/email.png\" alt=\"Share this page via Email\" \/>\n<\/a>\n<a target=\"_blank\" href=\"http:\/\/www.stumbleupon.com\/submit?url=https%3A%2F%2Flabestiadeportiva.com%2Flbd%2Forlando-terranova-manda-en-el-desierto%2F&amp;title=Orlando+Terranova+manda+en+el+desierto\">\n<img src=\"https:\/\/labestiadeportiva.com\/lbd\/wp-content\/plugins\/jw-share-this\/su.png\" alt=\"Share this page via Stumble Upon\" \/>\n<\/a>\n<a target=\"_blank\" href=\"http:\/\/digg.com\/submit?url=https%3A%2F%2Flabestiadeportiva.com%2Flbd%2Forlando-terranova-manda-en-el-desierto%2F&amp;title=Orlando+Terranova+manda+en+el+desierto\">\n<img src=\"https:\/\/labestiadeportiva.com\/lbd\/wp-content\/plugins\/jw-share-this\/digg.png\" alt=\"Share this page via Digg this\" \/>\n<\/a>\n<a target=\"_blank\" href=\"http:\/\/www.facebook.com\/sharer.php?u=https%3A%2F%2Flabestiadeportiva.com%2Flbd%2Forlando-terranova-manda-en-el-desierto%2F&amp;t=Orlando+Terranova+manda+en+el+desierto\">\n<img src=\"https:\/\/labestiadeportiva.com\/lbd\/wp-content\/plugins\/jw-share-this\/fb.png\" alt=\"Share this page via Facebook\" \/>\n<\/a>\n<a target=\"_blank\" href=\"http:\/\/twitter.com\/intent\/tweet?text=I+like+https%3A%2F%2Flabestiadeportiva.com%2Flbd%2Forlando-terranova-manda-en-el-desierto%2F&amp;title=Orlando+Terranova+manda+en+el+desierto\">\n<img src=\"https:\/\/labestiadeportiva.com\/lbd\/wp-content\/plugins\/jw-share-this\/twitter.png\" alt=\"Share this page via Twitter\" \/>\n<\/a>\n<\/div>\n","protected":false},"excerpt":{"rendered":"<p>Por Daniel Campos (Corresponsal LBD en Palma de Mallorca, Espa\u00f1a) El argentino Orlando Terranova con Mini, se pone al frente del Dakar 2020 , junto a su navegante Bernardo Graue, tras llegar apenas tres minutos por detr\u00e1s del ganador de la segunda etapa de hoy, el sudafricano, Giniel de Villiers con Toyota. 1.125 veces le\u00edda &hellip; <a href=\"https:\/\/labestiadeportiva.com\/lbd\/orlando-terranova-manda-en-el-desierto\/\" class=\"more-link\">Seguir leyendo <span class=\"screen-reader-text\">Orlando Terranova manda en el desierto<\/span> <span class=\"meta-nav\">&rarr;<\/span><\/a><\/p>\n","protected":false},"author":1,"featured_media":34813,"comment_status":"open","ping_status":"open","sticky":false,"template":"","format":"standard","meta":[],"categories":[2176,4109,4,1],"tags":[86,4110,1828],"_links":{"self":[{"href":"https:\/\/labestiadeportiva.com\/lbd\/wp-json\/wp\/v2\/posts\/34812"}],"collection":[{"href":"https:\/\/labestiadeportiva.com\/lbd\/wp-json\/wp\/v2\/posts"}],"about":[{"href":"https:\/\/labestiadeportiva.com\/lbd\/wp-json\/wp\/v2\/types\/post"}],"author":[{"embeddable":true,"href":"https:\/\/labestiadeportiva.com\/lbd\/wp-json\/wp\/v2\/users\/1"}],"replies":[{"embeddable":true,"href":"https:\/\/labestiadeportiva.com\/lbd\/wp-json\/wp\/v2\/comments?post=34812"}],"version-history":[{"count":1,"href":"https:\/\/labestiadeportiva.com\/lbd\/wp-json\/wp\/v2\/posts\/34812\/revisions"}],"predecessor-version":[{"id":34816,"href":"https:\/\/labestiadeportiva.com\/lbd\/wp-json\/wp\/v2\/posts\/34812\/revisions\/34816"}],"wp:featuredmedia":[{"embeddable":true,"href":"https:\/\/labestiadeportiva.com\/lbd\/wp-json\/wp\/v2\/media\/34813"}],"wp:attachment":[{"href":"https:\/\/labestiadeportiva.com\/lbd\/wp-json\/wp\/v2\/media?parent=34812"}],"wp:term":[{"taxonomy":"category","embeddable":true,"href":"https:\/\/labestiadeportiva.com\/lbd\/wp-json\/wp\/v2\/categories?post=34812"},{"taxonomy":"post_tag","embeddable":true,"href":"https:\/\/labestiadeportiva.com\/lbd\/wp-json\/wp\/v2\/tags?post=34812"}],"curies":[{"name":"wp","href":"https:\/\/api.w.org\/{rel}","templated":true}]}}