{"id":34826,"date":"2020-01-07T23:14:01","date_gmt":"2020-01-08T02:14:01","guid":{"rendered":"http:\/\/labestiadeportiva.com\/lbd\/?p=34826"},"modified":"2020-01-08T15:45:56","modified_gmt":"2020-01-08T18:45:56","slug":"aparece-el-matador","status":"publish","type":"post","link":"https:\/\/labestiadeportiva.com\/lbd\/aparece-el-matador\/","title":{"rendered":"Aparece el \u00abMatador\u00bb"},"content":{"rendered":"<p>Por Daniel Campos (Corresponsal LBD en Palma de Mallorca, Espa\u00f1a)<\/p>\n<p><a href=\"http:\/\/labestiadeportiva.com\/lbd\/wp-content\/uploads\/2020\/01\/Sainz-305.jpg\"><img loading=\"lazy\" class=\"aligncenter size-medium wp-image-34828\" src=\"http:\/\/labestiadeportiva.com\/lbd\/wp-content\/uploads\/2020\/01\/Sainz-305-300x148.jpg\" alt=\"Sainz 305\" width=\"300\" height=\"148\" srcset=\"https:\/\/labestiadeportiva.com\/lbd\/wp-content\/uploads\/2020\/01\/Sainz-305-300x148.jpg 300w, https:\/\/labestiadeportiva.com\/lbd\/wp-content\/uploads\/2020\/01\/Sainz-305-1024x505.jpg 1024w, https:\/\/labestiadeportiva.com\/lbd\/wp-content\/uploads\/2020\/01\/Sainz-305.jpg 1256w\" sizes=\"(max-width: 300px) 100vw, 300px\" \/><\/a>El espa\u00f1ol Carlos Sainz con Mini ha sido el ganador en la tercera jornada del Dakar 2020. Es su victoria de etapa n\u00famero 33 en su historial del famoso raid.<\/p>\n<p>El argentino Terranova no las tuvo todas consigo, y tras sufrir dos pinchazos, acab\u00f3 en octavo lugar en la jornada de hoy. Se mantiene en la tercera posici\u00f3n de la general, a 8 minutos del l\u00edder.<\/p>\n<p>En el denominado bucle de Neom, los primeros tramos fueron muy r\u00e1pidos, un verdadero slalom de poco m\u00e1s de 100 kil\u00f3metros entre rocas gigantes en la zona de Wadi ash Sharman, con paisajes m\u00e1s t\u00edpicos de la vecina Jordania.<\/p>\n<p>Los tramos finales con mucha piedra oblig\u00f3 a muchos de los participantes a extremar la prudencia ya que los pinchazos estuvieron a la orden del d\u00eda.<\/p>\n<p>Fue all\u00ed donde el dos veces ganador del Dakar, Carlos Sainz, tir\u00f3 de veteran\u00eda y con la inestimable ayuda de su navegante, Lucas Cruz, se llev\u00f3 la etapa.<\/p>\n<p>En motos nuevo ganador, triunfo del norteamericano Ricky Brabec con Honda, mientras que nuestro compatriota Kevin Benavidez acab\u00f3 tercero con la otra moto del equipo oficial japon\u00e9s.<\/p>\n<p>El salte\u00f1o larg\u00f3 cuarto, y tuvo opciones de vencer en la etapa, pero un fallo generalizado en el GPS de la organizaci\u00f3n lo penaliz\u00f3 a \u00e9l y otros pilotos.<\/p>\n<p>La nota negativa la puso el fuerte accidente que sufri\u00f3 el franc\u00e9s Adrien Van Beveren con su Yamaha, fractura de clav\u00edcula y hematoma en su cadera. El Dakar se le resiste al campe\u00f3n galo.<\/p>\n<p>En Quads, el chileno Giovanni Enrico sum\u00f3 su primer triunfo en esta prueba y le planta cara a su compatriota Ignacio Casale, que arrib\u00f3 a la meta de Neom en tercer lugar, pero se mantiene al frente de la general de cuadriciclos.<\/p>\n<p>En camiones, sigue la batalla entre Maz y Kamaz, victoria hoy de Karginov con el veh\u00edculo ruso y segundo, a escasos cinco minuto,s el bielorruso Siarhei Viazovich con el portento alem\u00e1n, que sigue mandando en la general.<\/p>\n<p>En el apartado de SSV, el ganador de hoy ha sido el catal\u00e1n Gerard Farr\u00e9s a bordo del Monster Energy Can Am, que impuso un gran ritmo en los \u00faltimos kil\u00f3metros de la etapa. El norteamericano Casey Currie es el l\u00edder de la clasificaci\u00f3n general de los buggies.<\/p>\n<p>La cuarta etapa del Dakar, empieza en Neom y acaba en Al Ulla, ser\u00e1n 676 kil\u00f3metros, 219 de enlace y un especial cronometrado de 453.<\/p>\n<p><a href=\"http:\/\/labestiadeportiva.com\/lbd\/wp-content\/uploads\/2020\/01\/Kevin-Benavides.jpg\"><img loading=\"lazy\" class=\"aligncenter size-medium wp-image-34829\" src=\"http:\/\/labestiadeportiva.com\/lbd\/wp-content\/uploads\/2020\/01\/Kevin-Benavides-300x183.jpg\" alt=\"Kevin-Benavides\" width=\"300\" height=\"183\" srcset=\"https:\/\/labestiadeportiva.com\/lbd\/wp-content\/uploads\/2020\/01\/Kevin-Benavides-300x183.jpg 300w, https:\/\/labestiadeportiva.com\/lbd\/wp-content\/uploads\/2020\/01\/Kevin-Benavides.jpg 696w\" sizes=\"(max-width: 300px) 100vw, 300px\" \/><\/a><\/p>\n<p>&nbsp;<\/p>\n<div class='epvc-post-count'><span class='epvc-eye'><\/span>  <span class=\"epvc-count\"> 1.111<\/span><span class='epvc-label'> veces le\u00edda<\/span><\/div>\n<div class=\"jwsharethis\">\nShare this: \n<br \/>\n<a href=\"mailto:?subject=Aparece%20el%20%C2%ABMatador%C2%BB&amp;body=https%3A%2F%2Flabestiadeportiva.com%2Flbd%2Faparece-el-matador%2F\">\n<img src=\"https:\/\/labestiadeportiva.com\/lbd\/wp-content\/plugins\/jw-share-this\/email.png\" alt=\"Share this page via Email\" \/>\n<\/a>\n<a target=\"_blank\" href=\"http:\/\/www.stumbleupon.com\/submit?url=https%3A%2F%2Flabestiadeportiva.com%2Flbd%2Faparece-el-matador%2F&amp;title=Aparece+el+%C2%ABMatador%C2%BB\">\n<img src=\"https:\/\/labestiadeportiva.com\/lbd\/wp-content\/plugins\/jw-share-this\/su.png\" alt=\"Share this page via Stumble Upon\" \/>\n<\/a>\n<a target=\"_blank\" href=\"http:\/\/digg.com\/submit?url=https%3A%2F%2Flabestiadeportiva.com%2Flbd%2Faparece-el-matador%2F&amp;title=Aparece+el+%C2%ABMatador%C2%BB\">\n<img src=\"https:\/\/labestiadeportiva.com\/lbd\/wp-content\/plugins\/jw-share-this\/digg.png\" alt=\"Share this page via Digg this\" \/>\n<\/a>\n<a target=\"_blank\" href=\"http:\/\/www.facebook.com\/sharer.php?u=https%3A%2F%2Flabestiadeportiva.com%2Flbd%2Faparece-el-matador%2F&amp;t=Aparece+el+%C2%ABMatador%C2%BB\">\n<img src=\"https:\/\/labestiadeportiva.com\/lbd\/wp-content\/plugins\/jw-share-this\/fb.png\" alt=\"Share this page via Facebook\" \/>\n<\/a>\n<a target=\"_blank\" href=\"http:\/\/twitter.com\/intent\/tweet?text=I+like+https%3A%2F%2Flabestiadeportiva.com%2Flbd%2Faparece-el-matador%2F&amp;title=Aparece+el+%C2%ABMatador%C2%BB\">\n<img src=\"https:\/\/labestiadeportiva.com\/lbd\/wp-content\/plugins\/jw-share-this\/twitter.png\" alt=\"Share this page via Twitter\" \/>\n<\/a>\n<\/div>\n","protected":false},"excerpt":{"rendered":"<p>Por Daniel Campos (Corresponsal LBD en Palma de Mallorca, Espa\u00f1a) El espa\u00f1ol Carlos Sainz con Mini ha sido el ganador en la tercera jornada del Dakar 2020. Es su victoria de etapa n\u00famero 33 en su historial del famoso raid. El argentino Terranova no las tuvo todas consigo, y tras sufrir dos pinchazos, acab\u00f3 en &hellip; <a href=\"https:\/\/labestiadeportiva.com\/lbd\/aparece-el-matador\/\" class=\"more-link\">Seguir leyendo <span class=\"screen-reader-text\">Aparece el \u00abMatador\u00bb<\/span> <span class=\"meta-nav\">&rarr;<\/span><\/a><\/p>\n","protected":false},"author":1,"featured_media":34828,"comment_status":"open","ping_status":"open","sticky":false,"template":"","format":"standard","meta":[],"categories":[2176,4109,4,1],"tags":[86,4110,1833],"_links":{"self":[{"href":"https:\/\/labestiadeportiva.com\/lbd\/wp-json\/wp\/v2\/posts\/34826"}],"collection":[{"href":"https:\/\/labestiadeportiva.com\/lbd\/wp-json\/wp\/v2\/posts"}],"about":[{"href":"https:\/\/labestiadeportiva.com\/lbd\/wp-json\/wp\/v2\/types\/post"}],"author":[{"embeddable":true,"href":"https:\/\/labestiadeportiva.com\/lbd\/wp-json\/wp\/v2\/users\/1"}],"replies":[{"embeddable":true,"href":"https:\/\/labestiadeportiva.com\/lbd\/wp-json\/wp\/v2\/comments?post=34826"}],"version-history":[{"count":2,"href":"https:\/\/labestiadeportiva.com\/lbd\/wp-json\/wp\/v2\/posts\/34826\/revisions"}],"predecessor-version":[{"id":34832,"href":"https:\/\/labestiadeportiva.com\/lbd\/wp-json\/wp\/v2\/posts\/34826\/revisions\/34832"}],"wp:featuredmedia":[{"embeddable":true,"href":"https:\/\/labestiadeportiva.com\/lbd\/wp-json\/wp\/v2\/media\/34828"}],"wp:attachment":[{"href":"https:\/\/labestiadeportiva.com\/lbd\/wp-json\/wp\/v2\/media?parent=34826"}],"wp:term":[{"taxonomy":"category","embeddable":true,"href":"https:\/\/labestiadeportiva.com\/lbd\/wp-json\/wp\/v2\/categories?post=34826"},{"taxonomy":"post_tag","embeddable":true,"href":"https:\/\/labestiadeportiva.com\/lbd\/wp-json\/wp\/v2\/tags?post=34826"}],"curies":[{"name":"wp","href":"https:\/\/api.w.org\/{rel}","templated":true}]}}