{"id":34856,"date":"2020-01-10T22:18:46","date_gmt":"2020-01-11T01:18:46","guid":{"rendered":"http:\/\/labestiadeportiva.com\/lbd\/?p=34856"},"modified":"2020-01-10T22:18:46","modified_gmt":"2020-01-11T01:18:46","slug":"ricky-brabec-y-peterhansel-los-hombres-del-dia","status":"publish","type":"post","link":"https:\/\/labestiadeportiva.com\/lbd\/ricky-brabec-y-peterhansel-los-hombres-del-dia\/","title":{"rendered":"Ricky Brabec y Peterhansel, los hombres del d\u00eda"},"content":{"rendered":"<p>Por Daniel Campos (Corresponsal LBD en Palma de Mallorca, Espa\u00f1a)<\/p>\n<p><a href=\"http:\/\/labestiadeportiva.com\/lbd\/wp-content\/uploads\/2020\/01\/Peterhansel302.jpg\"><img loading=\"lazy\" class=\"aligncenter size-medium wp-image-34857\" src=\"http:\/\/labestiadeportiva.com\/lbd\/wp-content\/uploads\/2020\/01\/Peterhansel302-300x169.jpg\" alt=\"Peterhansel302\" width=\"300\" height=\"169\" srcset=\"https:\/\/labestiadeportiva.com\/lbd\/wp-content\/uploads\/2020\/01\/Peterhansel302-300x169.jpg 300w, https:\/\/labestiadeportiva.com\/lbd\/wp-content\/uploads\/2020\/01\/Peterhansel302.jpg 990w\" sizes=\"(max-width: 300px) 100vw, 300px\" \/><\/a>El vigente campe\u00f3n en motos, Ricky Brabec firma una nueva victoria en Riyadh. Al igual que Peterhansel en autos, pero el franc\u00e9s sigue a la estela del l\u00edder de la general, Carlos Sainz.<!--more--><\/p>\n<p>En cambio el norteamericano, hombre de fuerte de Honda, ampl\u00eda su ventaja de m\u00e1s de 20 minutos sobre su m\u00e1s inmediato perseguidor, el chileno Pablo Quintanilla.<\/p>\n<p>En la jornada de hoy, el escenario m\u00e1s esperado de esta edici\u00f3n 2020, las dunas camino de Riyadh.<\/p>\n<p>En motos ya destacamos lo hecho por Ricky Brabec, pero la nota negativa del d\u00eda, ha sido la rotura de motor de la Honda de Kevin Benav\u00eddez, a escasos 40 kil\u00f3metros de la meta, con un gran trabajo de navegaci\u00f3n, el piloto argentino que marchaba tercero en la general, iba camino de su primera victoria en el Dakar, pero un nuevo imponderable lo deja fuera de la lucha por el podio.<\/p>\n<p>En el apartado de autos, no hay cambios en la punta, sigue mandando el espa\u00f1ol Carlos Sainz que apenas cedio un minuto con respecto a Peterhansel, que lucha a brazo partido para recuperar tiempo perdido y cuida sus espaldas del ataque de Nasser Al Attiyah.<\/p>\n<p>En Quads, el vencedor de etapa, ha sido Simon Vitse, que en 2018 sufri\u00f3 un grave accidente que le impidi\u00f3 participar de la \u00faltima en Per\u00fa el a\u00f1o pasado.<\/p>\n<p>El piloto galo ha vuelto victorioso y con m\u00e1s de 6 minutos de diferencia sobre el l\u00edder, Ignacio Casale.<\/p>\n<p>Mientras tanto en camiones el domino de Kamaz sigue siendo aplastante, hoy nueva victoria de Andrey Karginov, aunque su jefe de filas Eduard Nikolaev, ha tenido que abandonar.<\/p>\n<p>En SSV, el chileno \u201cChaleco\u201d L\u00f3pez sigue al frente de la clasificaci\u00f3n general y hoy sum\u00f3 una nueva victoria seguido muy de cerca por el catal\u00e1n Eduard Farres, a pesar de tener algunos problemas en su veh\u00edculo, en un gran sprint final acab\u00f3 segundo.<\/p>\n<p>En la jornada del s\u00e1bado llegar\u00e1 el momento del descanso para hombres y maquinas.<\/p>\n<p><a href=\"http:\/\/labestiadeportiva.com\/lbd\/wp-content\/uploads\/2020\/01\/Kevin-B2.jpg\"><img loading=\"lazy\" class=\"aligncenter size-medium wp-image-34858\" src=\"http:\/\/labestiadeportiva.com\/lbd\/wp-content\/uploads\/2020\/01\/Kevin-B2-300x200.jpg\" alt=\"Kevin B~2\" width=\"300\" height=\"200\" srcset=\"https:\/\/labestiadeportiva.com\/lbd\/wp-content\/uploads\/2020\/01\/Kevin-B2-300x200.jpg 300w, https:\/\/labestiadeportiva.com\/lbd\/wp-content\/uploads\/2020\/01\/Kevin-B2-1024x683.jpg 1024w, https:\/\/labestiadeportiva.com\/lbd\/wp-content\/uploads\/2020\/01\/Kevin-B2.jpg 1152w\" sizes=\"(max-width: 300px) 100vw, 300px\" \/><\/a><\/p>\n<div class='epvc-post-count'><span class='epvc-eye'><\/span>  <span class=\"epvc-count\"> 1.093<\/span><span class='epvc-label'> veces le\u00edda<\/span><\/div>\n<div class=\"jwsharethis\">\nShare this: \n<br \/>\n<a href=\"mailto:?subject=Ricky%20Brabec%20y%20Peterhansel%2C%20los%20hombres%20del%20d%C3%ADa&amp;body=https%3A%2F%2Flabestiadeportiva.com%2Flbd%2Fricky-brabec-y-peterhansel-los-hombres-del-dia%2F\">\n<img src=\"https:\/\/labestiadeportiva.com\/lbd\/wp-content\/plugins\/jw-share-this\/email.png\" alt=\"Share this page via Email\" \/>\n<\/a>\n<a target=\"_blank\" href=\"http:\/\/www.stumbleupon.com\/submit?url=https%3A%2F%2Flabestiadeportiva.com%2Flbd%2Fricky-brabec-y-peterhansel-los-hombres-del-dia%2F&amp;title=Ricky+Brabec+y+Peterhansel%2C+los+hombres+del+d%C3%ADa\">\n<img src=\"https:\/\/labestiadeportiva.com\/lbd\/wp-content\/plugins\/jw-share-this\/su.png\" alt=\"Share this page via Stumble Upon\" \/>\n<\/a>\n<a target=\"_blank\" href=\"http:\/\/digg.com\/submit?url=https%3A%2F%2Flabestiadeportiva.com%2Flbd%2Fricky-brabec-y-peterhansel-los-hombres-del-dia%2F&amp;title=Ricky+Brabec+y+Peterhansel%2C+los+hombres+del+d%C3%ADa\">\n<img src=\"https:\/\/labestiadeportiva.com\/lbd\/wp-content\/plugins\/jw-share-this\/digg.png\" alt=\"Share this page via Digg this\" \/>\n<\/a>\n<a target=\"_blank\" href=\"http:\/\/www.facebook.com\/sharer.php?u=https%3A%2F%2Flabestiadeportiva.com%2Flbd%2Fricky-brabec-y-peterhansel-los-hombres-del-dia%2F&amp;t=Ricky+Brabec+y+Peterhansel%2C+los+hombres+del+d%C3%ADa\">\n<img src=\"https:\/\/labestiadeportiva.com\/lbd\/wp-content\/plugins\/jw-share-this\/fb.png\" alt=\"Share this page via Facebook\" \/>\n<\/a>\n<a target=\"_blank\" href=\"http:\/\/twitter.com\/intent\/tweet?text=I+like+https%3A%2F%2Flabestiadeportiva.com%2Flbd%2Fricky-brabec-y-peterhansel-los-hombres-del-dia%2F&amp;title=Ricky+Brabec+y+Peterhansel%2C+los+hombres+del+d%C3%ADa\">\n<img src=\"https:\/\/labestiadeportiva.com\/lbd\/wp-content\/plugins\/jw-share-this\/twitter.png\" alt=\"Share this page via Twitter\" \/>\n<\/a>\n<\/div>\n","protected":false},"excerpt":{"rendered":"<p>Por Daniel Campos (Corresponsal LBD en Palma de Mallorca, Espa\u00f1a) El vigente campe\u00f3n en motos, Ricky Brabec firma una nueva victoria en Riyadh. Al igual que Peterhansel en autos, pero el franc\u00e9s sigue a la estela del l\u00edder de la general, Carlos Sainz. 1.093 veces le\u00edda Share this:<\/p>\n","protected":false},"author":1,"featured_media":34857,"comment_status":"open","ping_status":"open","sticky":false,"template":"","format":"standard","meta":[],"categories":[2176,4109,4,1],"tags":[86,4110,1834],"_links":{"self":[{"href":"https:\/\/labestiadeportiva.com\/lbd\/wp-json\/wp\/v2\/posts\/34856"}],"collection":[{"href":"https:\/\/labestiadeportiva.com\/lbd\/wp-json\/wp\/v2\/posts"}],"about":[{"href":"https:\/\/labestiadeportiva.com\/lbd\/wp-json\/wp\/v2\/types\/post"}],"author":[{"embeddable":true,"href":"https:\/\/labestiadeportiva.com\/lbd\/wp-json\/wp\/v2\/users\/1"}],"replies":[{"embeddable":true,"href":"https:\/\/labestiadeportiva.com\/lbd\/wp-json\/wp\/v2\/comments?post=34856"}],"version-history":[{"count":1,"href":"https:\/\/labestiadeportiva.com\/lbd\/wp-json\/wp\/v2\/posts\/34856\/revisions"}],"predecessor-version":[{"id":34860,"href":"https:\/\/labestiadeportiva.com\/lbd\/wp-json\/wp\/v2\/posts\/34856\/revisions\/34860"}],"wp:featuredmedia":[{"embeddable":true,"href":"https:\/\/labestiadeportiva.com\/lbd\/wp-json\/wp\/v2\/media\/34857"}],"wp:attachment":[{"href":"https:\/\/labestiadeportiva.com\/lbd\/wp-json\/wp\/v2\/media?parent=34856"}],"wp:term":[{"taxonomy":"category","embeddable":true,"href":"https:\/\/labestiadeportiva.com\/lbd\/wp-json\/wp\/v2\/categories?post=34856"},{"taxonomy":"post_tag","embeddable":true,"href":"https:\/\/labestiadeportiva.com\/lbd\/wp-json\/wp\/v2\/tags?post=34856"}],"curies":[{"name":"wp","href":"https:\/\/api.w.org\/{rel}","templated":true}]}}