{"id":34900,"date":"2020-01-13T20:40:27","date_gmt":"2020-01-13T23:40:27","guid":{"rendered":"http:\/\/labestiadeportiva.com\/lbd\/?p=34900"},"modified":"2020-01-13T21:44:27","modified_gmt":"2020-01-14T00:44:27","slug":"el-gerente-que-vencio-a-alonso","status":"publish","type":"post","link":"https:\/\/labestiadeportiva.com\/lbd\/el-gerente-que-vencio-a-alonso\/","title":{"rendered":"El gerente que venci\u00f3 a Alonso"},"content":{"rendered":"<p>Por Daniel Campos (Corresponsal LBD en Palma de Mallorca, Espa\u00f1a)<\/p>\n<p><a href=\"http:\/\/labestiadeportiva.com\/lbd\/wp-content\/uploads\/2020\/01\/mathieu-serradori.jpg\"><img loading=\"lazy\" class=\"aligncenter size-medium wp-image-34901\" src=\"http:\/\/labestiadeportiva.com\/lbd\/wp-content\/uploads\/2020\/01\/mathieu-serradori-300x169.jpg\" alt=\"mathieu-serradori\" width=\"300\" height=\"169\" srcset=\"https:\/\/labestiadeportiva.com\/lbd\/wp-content\/uploads\/2020\/01\/mathieu-serradori-300x169.jpg 300w, https:\/\/labestiadeportiva.com\/lbd\/wp-content\/uploads\/2020\/01\/mathieu-serradori.jpg 656w\" sizes=\"(max-width: 300px) 100vw, 300px\" \/><\/a>Sorpresa en la etapa de hoy: un desconocido Mathieu Serradori inscribe su nombre en el Dakar por primera vez.<!--more--><\/p>\n<p>Vence por cuatro minutos de ventaja al espa\u00f1ol Fernando Alonso, que firm\u00f3 un gran segundo puesto con el Toyota Hilux, el tercer lugar en el podio de Wadi Al \u2013 Dawasir, fue el argentino Orlando Terranova.<\/p>\n<p>El vencedor de la etapa n\u00famero 8, es franc\u00e9s, ex piloto de motos ahora montado sobre cuatro ruedas de un Buggie Century del equipo STR, sorprendi\u00f3 a propios y extra\u00f1os, con un gran trabajo entre dunas y valles.<\/p>\n<p>Este gerente de una empresa de electricidad, disfruta en sus vacaciones para dar rienda suelta a su pasi\u00f3n por el deporte motor.<\/p>\n<p>Tambi\u00e9n hay que destacar que colabora con una organizaci\u00f3n de lucha contra el c\u00e1ncer infantil y en esta nueva edici\u00f3n del raid m\u00e1s duro del mundo, \u00e9l donar\u00e1 1 Euro por cada kil\u00f3metro recorrido.<\/p>\n<p>Repasando las estad\u00edsticas, hac\u00eda 32 a\u00f1os que un piloto amateur no venc\u00eda en el Dakar. Fue en 1988 cuando un mec\u00e1nico belga llamado Guy Deladri\u00e8re, se quedaba con la ante\u00faltimo especial en Senegal.<\/p>\n<p>Volviendo a la etapa en cuesti\u00f3n, el l\u00edder en coches, Carlos Sainz, pag\u00f3 el hecho de abrir pista, y junto a Nasser y Peterhansel sufrieron con la navegaci\u00f3n, situaci\u00f3n que el ganador de la etapa aprovech\u00f3 para pisar el acelerador y pelear con Alonso por la victoria.<\/p>\n<p>El asturiano, a pesar de pinchar, recuper\u00f3 tiempo y firm\u00f3 unos \u00faltimos 50 kil\u00f3metros impecables.<\/p>\n<p>En camiones, tercera victoria de etapa de Andrey Karginov, confirmando que los Kamaz son los reyes del desierto.<\/p>\n<p>En SSV, en la l\u00ednea de meta de Wadi Al-Dawasir, Reinaldo Varela lleg\u00f3 primero, mientras que \u201cChaleco\u201d L\u00f3pez ha recortado diferencias con Casey Currie, l\u00edder de la general.<\/p>\n<p>La etapa del martes, tendr\u00e1 su inicio en Wadi Al-Dawasari y punto de llegada en Haradh. Ser\u00e1n 891 kil\u00f3metros, un enlace de 476 y un especial de 410.<\/p>\n<p><a href=\"http:\/\/labestiadeportiva.com\/lbd\/wp-content\/uploads\/2020\/01\/VTB.jpg\"><img loading=\"lazy\" class=\"aligncenter size-medium wp-image-34902\" src=\"http:\/\/labestiadeportiva.com\/lbd\/wp-content\/uploads\/2020\/01\/VTB-300x200.jpg\" alt=\"VTB\" width=\"300\" height=\"200\" srcset=\"https:\/\/labestiadeportiva.com\/lbd\/wp-content\/uploads\/2020\/01\/VTB-300x200.jpg 300w, https:\/\/labestiadeportiva.com\/lbd\/wp-content\/uploads\/2020\/01\/VTB.jpg 1024w\" sizes=\"(max-width: 300px) 100vw, 300px\" \/><\/a><\/p>\n<p><span style=\"font-weight: 400;\">\u00a0<\/span><\/p>\n<div class='epvc-post-count'><span class='epvc-eye'><\/span>  <span class=\"epvc-count\"> 1.143<\/span><span class='epvc-label'> veces le\u00edda<\/span><\/div>\n<div class=\"jwsharethis\">\nShare this: \n<br \/>\n<a href=\"mailto:?subject=El%20gerente%20que%20venci%C3%B3%20a%20Alonso&amp;body=https%3A%2F%2Flabestiadeportiva.com%2Flbd%2Fel-gerente-que-vencio-a-alonso%2F\">\n<img src=\"https:\/\/labestiadeportiva.com\/lbd\/wp-content\/plugins\/jw-share-this\/email.png\" alt=\"Share this page via Email\" \/>\n<\/a>\n<a target=\"_blank\" href=\"http:\/\/www.stumbleupon.com\/submit?url=https%3A%2F%2Flabestiadeportiva.com%2Flbd%2Fel-gerente-que-vencio-a-alonso%2F&amp;title=El+gerente+que+venci%C3%B3+a+Alonso\">\n<img src=\"https:\/\/labestiadeportiva.com\/lbd\/wp-content\/plugins\/jw-share-this\/su.png\" alt=\"Share this page via Stumble Upon\" \/>\n<\/a>\n<a target=\"_blank\" href=\"http:\/\/digg.com\/submit?url=https%3A%2F%2Flabestiadeportiva.com%2Flbd%2Fel-gerente-que-vencio-a-alonso%2F&amp;title=El+gerente+que+venci%C3%B3+a+Alonso\">\n<img src=\"https:\/\/labestiadeportiva.com\/lbd\/wp-content\/plugins\/jw-share-this\/digg.png\" alt=\"Share this page via Digg this\" \/>\n<\/a>\n<a target=\"_blank\" href=\"http:\/\/www.facebook.com\/sharer.php?u=https%3A%2F%2Flabestiadeportiva.com%2Flbd%2Fel-gerente-que-vencio-a-alonso%2F&amp;t=El+gerente+que+venci%C3%B3+a+Alonso\">\n<img src=\"https:\/\/labestiadeportiva.com\/lbd\/wp-content\/plugins\/jw-share-this\/fb.png\" alt=\"Share this page via Facebook\" \/>\n<\/a>\n<a target=\"_blank\" href=\"http:\/\/twitter.com\/intent\/tweet?text=I+like+https%3A%2F%2Flabestiadeportiva.com%2Flbd%2Fel-gerente-que-vencio-a-alonso%2F&amp;title=El+gerente+que+venci%C3%B3+a+Alonso\">\n<img src=\"https:\/\/labestiadeportiva.com\/lbd\/wp-content\/plugins\/jw-share-this\/twitter.png\" alt=\"Share this page via Twitter\" \/>\n<\/a>\n<\/div>\n","protected":false},"excerpt":{"rendered":"<p>Por Daniel Campos (Corresponsal LBD en Palma de Mallorca, Espa\u00f1a) Sorpresa en la etapa de hoy: un desconocido Mathieu Serradori inscribe su nombre en el Dakar por primera vez. 1.143 veces le\u00edda Share this:<\/p>\n","protected":false},"author":1,"featured_media":34901,"comment_status":"open","ping_status":"open","sticky":false,"template":"","format":"standard","meta":[],"categories":[2176,4109,4,1],"tags":[86,4110,1745],"_links":{"self":[{"href":"https:\/\/labestiadeportiva.com\/lbd\/wp-json\/wp\/v2\/posts\/34900"}],"collection":[{"href":"https:\/\/labestiadeportiva.com\/lbd\/wp-json\/wp\/v2\/posts"}],"about":[{"href":"https:\/\/labestiadeportiva.com\/lbd\/wp-json\/wp\/v2\/types\/post"}],"author":[{"embeddable":true,"href":"https:\/\/labestiadeportiva.com\/lbd\/wp-json\/wp\/v2\/users\/1"}],"replies":[{"embeddable":true,"href":"https:\/\/labestiadeportiva.com\/lbd\/wp-json\/wp\/v2\/comments?post=34900"}],"version-history":[{"count":2,"href":"https:\/\/labestiadeportiva.com\/lbd\/wp-json\/wp\/v2\/posts\/34900\/revisions"}],"predecessor-version":[{"id":34905,"href":"https:\/\/labestiadeportiva.com\/lbd\/wp-json\/wp\/v2\/posts\/34900\/revisions\/34905"}],"wp:featuredmedia":[{"embeddable":true,"href":"https:\/\/labestiadeportiva.com\/lbd\/wp-json\/wp\/v2\/media\/34901"}],"wp:attachment":[{"href":"https:\/\/labestiadeportiva.com\/lbd\/wp-json\/wp\/v2\/media?parent=34900"}],"wp:term":[{"taxonomy":"category","embeddable":true,"href":"https:\/\/labestiadeportiva.com\/lbd\/wp-json\/wp\/v2\/categories?post=34900"},{"taxonomy":"post_tag","embeddable":true,"href":"https:\/\/labestiadeportiva.com\/lbd\/wp-json\/wp\/v2\/tags?post=34900"}],"curies":[{"name":"wp","href":"https:\/\/api.w.org\/{rel}","templated":true}]}}