{"id":35243,"date":"2020-02-21T17:23:07","date_gmt":"2020-02-21T20:23:07","guid":{"rendered":"http:\/\/labestiadeportiva.com\/lbd\/?p=35243"},"modified":"2020-02-21T17:25:55","modified_gmt":"2020-02-21T20:25:55","slug":"disposicion-de-la-igj-se-viene-la-asamblea","status":"publish","type":"post","link":"https:\/\/labestiadeportiva.com\/lbd\/disposicion-de-la-igj-se-viene-la-asamblea\/","title":{"rendered":"Disposici\u00f3n de la IGJ, se viene la Asamblea"},"content":{"rendered":"<p><a href=\"http:\/\/labestiadeportiva.com\/lbd\/wp-content\/uploads\/2020\/02\/Screenshot_20200221-16152922.png\"><img loading=\"lazy\" class=\"aligncenter size-medium wp-image-35247\" src=\"http:\/\/labestiadeportiva.com\/lbd\/wp-content\/uploads\/2020\/02\/Screenshot_20200221-16152922-220x300.png\" alt=\"Screenshot_20200221-161529~2\" width=\"220\" height=\"300\" srcset=\"https:\/\/labestiadeportiva.com\/lbd\/wp-content\/uploads\/2020\/02\/Screenshot_20200221-16152922-220x300.png 220w, https:\/\/labestiadeportiva.com\/lbd\/wp-content\/uploads\/2020\/02\/Screenshot_20200221-16152922-752x1024.png 752w, https:\/\/labestiadeportiva.com\/lbd\/wp-content\/uploads\/2020\/02\/Screenshot_20200221-16152922.png 867w\" sizes=\"(max-width: 220px) 100vw, 220px\" \/><\/a>En el d\u00eda de ayer, jueves, mediante la disposici\u00f3n N\u00b0 088\/2020 la Inspecci\u00f3n General de Justicia orden\u00f3 al Moto Club R\u00edo Grande realizar la asamblea el lunes 9 de marzo que crear\u00e1 la Comisi\u00f3n Normalizadora. De esta forma se busca regularizar a la instituci\u00f3n de cara a la versi\u00f3n 2020 de la VTDF. Desde LBD te mostramos el acto administrativo firmado por la Inspectora General doctora Gabriela Masset.<!--more--><\/p>\n<div class='epvc-post-count'><span class='epvc-eye'><\/span>  <span class=\"epvc-count\"> 1.098<\/span><span class='epvc-label'> veces le\u00edda<\/span><\/div>\n<div class=\"jwsharethis\">\nShare this: \n<br \/>\n<a href=\"mailto:?subject=Disposici%C3%B3n%20de%20la%20IGJ%2C%20se%20viene%20la%20Asamblea&amp;body=https%3A%2F%2Flabestiadeportiva.com%2Flbd%2Fdisposicion-de-la-igj-se-viene-la-asamblea%2F\">\n<img src=\"https:\/\/labestiadeportiva.com\/lbd\/wp-content\/plugins\/jw-share-this\/email.png\" alt=\"Share this page via Email\" \/>\n<\/a>\n<a target=\"_blank\" href=\"http:\/\/www.stumbleupon.com\/submit?url=https%3A%2F%2Flabestiadeportiva.com%2Flbd%2Fdisposicion-de-la-igj-se-viene-la-asamblea%2F&amp;title=Disposici%C3%B3n+de+la+IGJ%2C+se+viene+la+Asamblea\">\n<img src=\"https:\/\/labestiadeportiva.com\/lbd\/wp-content\/plugins\/jw-share-this\/su.png\" alt=\"Share this page via Stumble Upon\" \/>\n<\/a>\n<a target=\"_blank\" href=\"http:\/\/digg.com\/submit?url=https%3A%2F%2Flabestiadeportiva.com%2Flbd%2Fdisposicion-de-la-igj-se-viene-la-asamblea%2F&amp;title=Disposici%C3%B3n+de+la+IGJ%2C+se+viene+la+Asamblea\">\n<img src=\"https:\/\/labestiadeportiva.com\/lbd\/wp-content\/plugins\/jw-share-this\/digg.png\" alt=\"Share this page via Digg this\" \/>\n<\/a>\n<a target=\"_blank\" href=\"http:\/\/www.facebook.com\/sharer.php?u=https%3A%2F%2Flabestiadeportiva.com%2Flbd%2Fdisposicion-de-la-igj-se-viene-la-asamblea%2F&amp;t=Disposici%C3%B3n+de+la+IGJ%2C+se+viene+la+Asamblea\">\n<img src=\"https:\/\/labestiadeportiva.com\/lbd\/wp-content\/plugins\/jw-share-this\/fb.png\" alt=\"Share this page via Facebook\" \/>\n<\/a>\n<a target=\"_blank\" href=\"http:\/\/twitter.com\/intent\/tweet?text=I+like+https%3A%2F%2Flabestiadeportiva.com%2Flbd%2Fdisposicion-de-la-igj-se-viene-la-asamblea%2F&amp;title=Disposici%C3%B3n+de+la+IGJ%2C+se+viene+la+Asamblea\">\n<img src=\"https:\/\/labestiadeportiva.com\/lbd\/wp-content\/plugins\/jw-share-this\/twitter.png\" alt=\"Share this page via Twitter\" \/>\n<\/a>\n<\/div>\n","protected":false},"excerpt":{"rendered":"<p>En el d\u00eda de ayer, jueves, mediante la disposici\u00f3n N\u00b0 088\/2020 la Inspecci\u00f3n General de Justicia orden\u00f3 al Moto Club R\u00edo Grande realizar la asamblea el lunes 9 de marzo que crear\u00e1 la Comisi\u00f3n Normalizadora. De esta forma se busca regularizar a la instituci\u00f3n de cara a la versi\u00f3n 2020 de la VTDF. Desde LBD &hellip; <a href=\"https:\/\/labestiadeportiva.com\/lbd\/disposicion-de-la-igj-se-viene-la-asamblea\/\" class=\"more-link\">Seguir leyendo <span class=\"screen-reader-text\">Disposici\u00f3n de la IGJ, se viene la Asamblea<\/span> <span class=\"meta-nav\">&rarr;<\/span><\/a><\/p>\n","protected":false},"author":1,"featured_media":35244,"comment_status":"open","ping_status":"open","sticky":false,"template":"","format":"standard","meta":[],"categories":[5,4,6,2159,1,4137],"tags":[4153,4152,2038,71],"_links":{"self":[{"href":"https:\/\/labestiadeportiva.com\/lbd\/wp-json\/wp\/v2\/posts\/35243"}],"collection":[{"href":"https:\/\/labestiadeportiva.com\/lbd\/wp-json\/wp\/v2\/posts"}],"about":[{"href":"https:\/\/labestiadeportiva.com\/lbd\/wp-json\/wp\/v2\/types\/post"}],"author":[{"embeddable":true,"href":"https:\/\/labestiadeportiva.com\/lbd\/wp-json\/wp\/v2\/users\/1"}],"replies":[{"embeddable":true,"href":"https:\/\/labestiadeportiva.com\/lbd\/wp-json\/wp\/v2\/comments?post=35243"}],"version-history":[{"count":3,"href":"https:\/\/labestiadeportiva.com\/lbd\/wp-json\/wp\/v2\/posts\/35243\/revisions"}],"predecessor-version":[{"id":35249,"href":"https:\/\/labestiadeportiva.com\/lbd\/wp-json\/wp\/v2\/posts\/35243\/revisions\/35249"}],"wp:featuredmedia":[{"embeddable":true,"href":"https:\/\/labestiadeportiva.com\/lbd\/wp-json\/wp\/v2\/media\/35244"}],"wp:attachment":[{"href":"https:\/\/labestiadeportiva.com\/lbd\/wp-json\/wp\/v2\/media?parent=35243"}],"wp:term":[{"taxonomy":"category","embeddable":true,"href":"https:\/\/labestiadeportiva.com\/lbd\/wp-json\/wp\/v2\/categories?post=35243"},{"taxonomy":"post_tag","embeddable":true,"href":"https:\/\/labestiadeportiva.com\/lbd\/wp-json\/wp\/v2\/tags?post=35243"}],"curies":[{"name":"wp","href":"https:\/\/api.w.org\/{rel}","templated":true}]}}