{"id":35450,"date":"2020-03-12T16:44:57","date_gmt":"2020-03-12T19:44:57","guid":{"rendered":"http:\/\/labestiadeportiva.com\/lbd\/?p=35450"},"modified":"2020-03-12T16:44:57","modified_gmt":"2020-03-12T19:44:57","slug":"yerobi-visitara-la-pedrera","status":"publish","type":"post","link":"https:\/\/labestiadeportiva.com\/lbd\/yerobi-visitara-la-pedrera\/","title":{"rendered":"Yerobi visitar\u00e1 la Pedrera"},"content":{"rendered":"<p><a href=\"http:\/\/labestiadeportiva.com\/lbd\/wp-content\/uploads\/2020\/03\/Horarios-Yerobi-TN-C2-La-Pedrera.jpeg\"><img loading=\"lazy\" src=\"http:\/\/labestiadeportiva.com\/lbd\/wp-content\/uploads\/2020\/03\/Horarios-Yerobi-TN-C2-La-Pedrera-214x300.jpeg\" alt=\"Horarios Yerobi TN C2 La Pedrera\" width=\"214\" height=\"300\" class=\"aligncenter size-medium wp-image-35451\" srcset=\"https:\/\/labestiadeportiva.com\/lbd\/wp-content\/uploads\/2020\/03\/Horarios-Yerobi-TN-C2-La-Pedrera-214x300.jpeg 214w, https:\/\/labestiadeportiva.com\/lbd\/wp-content\/uploads\/2020\/03\/Horarios-Yerobi-TN-C2-La-Pedrera.jpeg 656w\" sizes=\"(max-width: 214px) 100vw, 214px\" \/><\/a><\/p>\n<p>El ushuaiense Lucas Yerobi se presentar\u00e1 en San Luis para disputar la segunda fecha del Turismo Nacional. Fuente y foto prensa Yerobi.<!--more--><\/p>\n<p>Despu\u00e9s de lo que fue un esperanzador inicio de temporada para Lucas Yerobi en la Clase 2 de la categor\u00eda m\u00e1s competitiva del pa\u00eds, este fin de semana dar\u00e1 batalla entre los paredones del Aut\u00f3dromo \u201cParque La Pedrera\u201d con el Clio atendido por el Equipo MG-C Pergamino.<\/p>\n<p>La estructura trabaj\u00f3 con intensidad en los \u00faltimos 17 d\u00edas con el objetivo de volver a luchar entre las posiciones de privilegio con la unidad que luce el #84 en los laterales.<\/p>\n<p>La actividad en el escenario de 4.368 metros de extensi\u00f3n se pondr\u00e1 en marcha el viernes con dos entrenamientos y la primera clasificaci\u00f3n, en tanto que en la jornada sabatina se definir\u00e1 el due\u00f1o de la pole position y el orden de largada para las dos series que se televisar\u00e1n por DXTV.<\/p>\n<p>Todo se definir\u00e1 el domingo con la final a 15 vueltas que contar\u00e1 con la transmisi\u00f3n de TV P\u00fablica pasado el mediod\u00eda.<\/p>\n<p>A dos d\u00edas de subirse al auto, Yerobi coment\u00f3:<\/p>\n<p>\u201cLlego a La Pedrera con mucha motivaci\u00f3n y con ganas de volver a estar en la conversaci\u00f3n principal. En estos aut\u00f3dromos un error se puede pagar muy caro, asique daremos el 110% para que todo salga de la mejor manera\u201d.<\/p>\n<p>Lucas Yerobi agradece a quienes apoyan su carrera deportiva a nivel nacional: MGC Pergamino, SGB Consulting, Myriam Mart\u00ednez, God Automotores, El Tano, Patagonia Sud, Sancor Seguros, Gr\u00faas Delta, El Patag\u00f3nico, Almar Construcciones, Automovilismo Virtual, ECO Piano, Fric-Rot, Transporte Don Chavaleiro, Mart\u00edn Ayala, Droguer\u00eda Express S.R.L y al Diario del Fin del Mundo.<\/p>\n<div class='epvc-post-count'><span class='epvc-eye'><\/span>  <span class=\"epvc-count\"> 1.181<\/span><span class='epvc-label'> veces le\u00edda<\/span><\/div>\n<div class=\"jwsharethis\">\nShare this: \n<br \/>\n<a href=\"mailto:?subject=Yerobi%20visitar%C3%A1%20la%20Pedrera&amp;body=https%3A%2F%2Flabestiadeportiva.com%2Flbd%2Fyerobi-visitara-la-pedrera%2F\">\n<img src=\"https:\/\/labestiadeportiva.com\/lbd\/wp-content\/plugins\/jw-share-this\/email.png\" alt=\"Share this page via Email\" \/>\n<\/a>\n<a target=\"_blank\" href=\"http:\/\/www.stumbleupon.com\/submit?url=https%3A%2F%2Flabestiadeportiva.com%2Flbd%2Fyerobi-visitara-la-pedrera%2F&amp;title=Yerobi+visitar%C3%A1+la+Pedrera\">\n<img src=\"https:\/\/labestiadeportiva.com\/lbd\/wp-content\/plugins\/jw-share-this\/su.png\" alt=\"Share this page via Stumble Upon\" \/>\n<\/a>\n<a target=\"_blank\" href=\"http:\/\/digg.com\/submit?url=https%3A%2F%2Flabestiadeportiva.com%2Flbd%2Fyerobi-visitara-la-pedrera%2F&amp;title=Yerobi+visitar%C3%A1+la+Pedrera\">\n<img src=\"https:\/\/labestiadeportiva.com\/lbd\/wp-content\/plugins\/jw-share-this\/digg.png\" alt=\"Share this page via Digg this\" \/>\n<\/a>\n<a target=\"_blank\" href=\"http:\/\/www.facebook.com\/sharer.php?u=https%3A%2F%2Flabestiadeportiva.com%2Flbd%2Fyerobi-visitara-la-pedrera%2F&amp;t=Yerobi+visitar%C3%A1+la+Pedrera\">\n<img src=\"https:\/\/labestiadeportiva.com\/lbd\/wp-content\/plugins\/jw-share-this\/fb.png\" alt=\"Share this page via Facebook\" \/>\n<\/a>\n<a target=\"_blank\" href=\"http:\/\/twitter.com\/intent\/tweet?text=I+like+https%3A%2F%2Flabestiadeportiva.com%2Flbd%2Fyerobi-visitara-la-pedrera%2F&amp;title=Yerobi+visitar%C3%A1+la+Pedrera\">\n<img src=\"https:\/\/labestiadeportiva.com\/lbd\/wp-content\/plugins\/jw-share-this\/twitter.png\" alt=\"Share this page via Twitter\" \/>\n<\/a>\n<\/div>\n","protected":false},"excerpt":{"rendered":"<p>El ushuaiense Lucas Yerobi se presentar\u00e1 en San Luis para disputar la segunda fecha del Turismo Nacional. Fuente y foto prensa Yerobi. 1.181 veces le\u00edda Share this:<\/p>\n","protected":false},"author":1,"featured_media":35451,"comment_status":"open","ping_status":"open","sticky":false,"template":"","format":"standard","meta":[],"categories":[3533,5,6,1,3492],"tags":[86,3660,625,100],"_links":{"self":[{"href":"https:\/\/labestiadeportiva.com\/lbd\/wp-json\/wp\/v2\/posts\/35450"}],"collection":[{"href":"https:\/\/labestiadeportiva.com\/lbd\/wp-json\/wp\/v2\/posts"}],"about":[{"href":"https:\/\/labestiadeportiva.com\/lbd\/wp-json\/wp\/v2\/types\/post"}],"author":[{"embeddable":true,"href":"https:\/\/labestiadeportiva.com\/lbd\/wp-json\/wp\/v2\/users\/1"}],"replies":[{"embeddable":true,"href":"https:\/\/labestiadeportiva.com\/lbd\/wp-json\/wp\/v2\/comments?post=35450"}],"version-history":[{"count":1,"href":"https:\/\/labestiadeportiva.com\/lbd\/wp-json\/wp\/v2\/posts\/35450\/revisions"}],"predecessor-version":[{"id":35453,"href":"https:\/\/labestiadeportiva.com\/lbd\/wp-json\/wp\/v2\/posts\/35450\/revisions\/35453"}],"wp:featuredmedia":[{"embeddable":true,"href":"https:\/\/labestiadeportiva.com\/lbd\/wp-json\/wp\/v2\/media\/35451"}],"wp:attachment":[{"href":"https:\/\/labestiadeportiva.com\/lbd\/wp-json\/wp\/v2\/media?parent=35450"}],"wp:term":[{"taxonomy":"category","embeddable":true,"href":"https:\/\/labestiadeportiva.com\/lbd\/wp-json\/wp\/v2\/categories?post=35450"},{"taxonomy":"post_tag","embeddable":true,"href":"https:\/\/labestiadeportiva.com\/lbd\/wp-json\/wp\/v2\/tags?post=35450"}],"curies":[{"name":"wp","href":"https:\/\/api.w.org\/{rel}","templated":true}]}}