{"id":35459,"date":"2020-03-15T11:24:30","date_gmt":"2020-03-15T14:24:30","guid":{"rendered":"http:\/\/labestiadeportiva.com\/lbd\/?p=35459"},"modified":"2020-03-15T11:24:30","modified_gmt":"2020-03-15T14:24:30","slug":"la-f1-en-cuarentena","status":"publish","type":"post","link":"https:\/\/labestiadeportiva.com\/lbd\/la-f1-en-cuarentena\/","title":{"rendered":"La F1 en Cuarentena"},"content":{"rendered":"<p>Por Daniel Campos (Corresponsal LBD en Palma de Mallorca, Espa\u00f1a)<\/p>\n<p><a href=\"http:\/\/labestiadeportiva.com\/lbd\/wp-content\/uploads\/2020\/03\/Screenshot_20200315-1120262.png\"><img loading=\"lazy\" src=\"http:\/\/labestiadeportiva.com\/lbd\/wp-content\/uploads\/2020\/03\/Screenshot_20200315-1120262-300x167.png\" alt=\"Screenshot_20200315-112026~2\" width=\"300\" height=\"167\" class=\"aligncenter size-medium wp-image-35460\" srcset=\"https:\/\/labestiadeportiva.com\/lbd\/wp-content\/uploads\/2020\/03\/Screenshot_20200315-1120262-300x167.png 300w, https:\/\/labestiadeportiva.com\/lbd\/wp-content\/uploads\/2020\/03\/Screenshot_20200315-1120262-1024x569.png 1024w, https:\/\/labestiadeportiva.com\/lbd\/wp-content\/uploads\/2020\/03\/Screenshot_20200315-1120262.png 1080w\" sizes=\"(max-width: 300px) 100vw, 300px\" \/><\/a><br \/>\nAl momento de escribir esta nota me imaginaba estar preparando el primer informe de la temporada del mundial 2020 de la F1. Pero la m\u00e1xima categor\u00eda no se libr\u00f3 del azote del coronavirus. <!--more--><\/p>\n<p>En la pretemporada de invierno en el circuito de Catalu\u00f1a, algunos equipos plantearon sus dudas a las autoridades de la F.I.A y Liberty Media, sobre qu\u00e9 medidas se tomar\u00edan ante el avance de la pandemia. <\/p>\n<p>Las alarmas saltaron cuando el gobierno chino decidi\u00f3 suspender el G.P. de China que se disputar\u00eda el 19 de abril en Shanghai. <\/p>\n<p>La decisi\u00f3n fue unilateral, algo que molest\u00f3 a los nuevos due\u00f1os de la F1. Fue entonces que, Chase Carey, jefe de la categor\u00eda se acerc\u00f3 al circuito catal\u00e1n para hablar con los interesados. <\/p>\n<p>No dio garant\u00edas pero trat\u00f3 de calmar los \u00e1nimos de una facci\u00f3n del denominado circo de la F1. El \u00abgrupo italiano\u00bb formado por Ferrari, Alfa Romeo, Alpha Tauri y Pirelli, proveedor oficial de la categor\u00eda, exig\u00edan garant\u00edas de pider viajar a la primera cita del mundial. <\/p>\n<p>Al frente de esta facci\u00f3n Mattia Binotto aclaraba que su preocupaci\u00f3n era proteger a sus empleados y se preguntaba si cuatro equipos no pod\u00edan correr. <\/p>\n<p>Qu\u00e9 lejos quedaba aquella sentencia acu\u00f1ada por Ken Tyrrell, cuando le preguntaron qu\u00e9 era la F1. a lo que \u00e9l contest\u00f3: es un grupo de locos que siguen a Ferrari a todos lados. Eran otros tiempos. <\/p>\n<p>Luego de las conversaciones, todos embalaron sus cosas y se prepararon para viajar a Australia. Tras desembarcar en Albert Park, la F1 se acondicinaba para la primera cita del a\u00f1o. <\/p>\n<p>El covid19 segu\u00eda avanzando mucho m\u00e1s r\u00e1pido que un monoplaza, llev\u00e1ndose por delante todo tipo de espect\u00e1culos deportivos, y la F1 estaba al caer. <\/p>\n<p>Las malas noticias segu\u00edan sucediendose, el gobierno de Vietnam anunciaba que a los ciudadanos provenientes de paises infectados los obligaba a una cuarentena de quince d\u00edas. <\/p>\n<p>Recordemos que la tercera cita del mundial era el circuito de Hanoi, que hac\u00eda su debut en el calendario. Las cosas se complicaron y el desenlace lleg\u00f3 a escasas horas de que los autos salieran a pista en los primeros entrenamientos libres oficiales del a\u00f1o 2020. <\/p>\n<p>El aviso lo dio Mc Laren, un integrante de la escuder\u00eda de Woking dio positivo en un test de coronavirus. De inmediato la escuder\u00eda anunci\u00f3 su retiro de la prueba. <\/p>\n<p>Comenzaron a circular varios rumores y la confusi\u00f3n se apoder\u00f3 de paddock de Albert Park. Algunos equipos quer\u00edan correr, Racing Point, Red Bull, Alpha Tauri y Haas. <\/p>\n<p>De inmediato se program\u00f3 una reuni\u00f3n y tras un par de horas se anunci\u00f3 oficialmente \u00bb La F.I.A. y la F1 con el pleno apoyo de la Australian Grand Prixe Corporation, han tomado la decisi\u00f3n de cancelar toda actividad de F1bpara el gran premio de Australia. <\/p>\n<p>Sabemos que esta es una noticia muy decepcionante para los miles de fans&#8230; pero la seguridad de todos los miembros de la familia de la F1 y el resto de la comunidad, as\u00ed como la equidad de la competencia, tienen prioridad\u00bb. <\/p>\n<p>La decisi\u00f3n fue aceptada por todos aunque el futuro del torneo segu\u00eda en el aire. De esta manera, la noticia gener\u00f3 un efecto domin\u00f3 en las siguientes fechas del calendario, las cuales se cancelaron. <\/p>\n<p>Dentro de una semana estaba previsto correr en Bahrein, el 5 de abril era el debut del circuito de Hanoi que albergaria el primer gran premio que se disputar\u00eda en Vietnam y por supuesto en China no se correr\u00e1.<br \/>\n<a href=\"http:\/\/labestiadeportiva.com\/lbd\/wp-content\/uploads\/2020\/03\/Screenshot_20200315-1119532.png\"><img loading=\"lazy\" src=\"http:\/\/labestiadeportiva.com\/lbd\/wp-content\/uploads\/2020\/03\/Screenshot_20200315-1119532-300x170.png\" alt=\"Screenshot_20200315-111953~2\" width=\"300\" height=\"170\" class=\"aligncenter size-medium wp-image-35461\" srcset=\"https:\/\/labestiadeportiva.com\/lbd\/wp-content\/uploads\/2020\/03\/Screenshot_20200315-1119532-300x170.png 300w, https:\/\/labestiadeportiva.com\/lbd\/wp-content\/uploads\/2020\/03\/Screenshot_20200315-1119532.png 963w\" sizes=\"(max-width: 300px) 100vw, 300px\" \/><\/a><\/p>\n<div class='epvc-post-count'><span class='epvc-eye'><\/span>  <span class=\"epvc-count\"> 992<\/span><span class='epvc-label'> veces le\u00edda<\/span><\/div>\n<div class=\"jwsharethis\">\nShare this: \n<br \/>\n<a href=\"mailto:?subject=La%20F1%20en%20Cuarentena&amp;body=https%3A%2F%2Flabestiadeportiva.com%2Flbd%2Fla-f1-en-cuarentena%2F\">\n<img src=\"https:\/\/labestiadeportiva.com\/lbd\/wp-content\/plugins\/jw-share-this\/email.png\" alt=\"Share this page via Email\" \/>\n<\/a>\n<a target=\"_blank\" href=\"http:\/\/www.stumbleupon.com\/submit?url=https%3A%2F%2Flabestiadeportiva.com%2Flbd%2Fla-f1-en-cuarentena%2F&amp;title=La+F1+en+Cuarentena\">\n<img src=\"https:\/\/labestiadeportiva.com\/lbd\/wp-content\/plugins\/jw-share-this\/su.png\" alt=\"Share this page via Stumble Upon\" \/>\n<\/a>\n<a target=\"_blank\" href=\"http:\/\/digg.com\/submit?url=https%3A%2F%2Flabestiadeportiva.com%2Flbd%2Fla-f1-en-cuarentena%2F&amp;title=La+F1+en+Cuarentena\">\n<img src=\"https:\/\/labestiadeportiva.com\/lbd\/wp-content\/plugins\/jw-share-this\/digg.png\" alt=\"Share this page via Digg this\" \/>\n<\/a>\n<a target=\"_blank\" href=\"http:\/\/www.facebook.com\/sharer.php?u=https%3A%2F%2Flabestiadeportiva.com%2Flbd%2Fla-f1-en-cuarentena%2F&amp;t=La+F1+en+Cuarentena\">\n<img src=\"https:\/\/labestiadeportiva.com\/lbd\/wp-content\/plugins\/jw-share-this\/fb.png\" alt=\"Share this page via Facebook\" \/>\n<\/a>\n<a target=\"_blank\" href=\"http:\/\/twitter.com\/intent\/tweet?text=I+like+https%3A%2F%2Flabestiadeportiva.com%2Flbd%2Fla-f1-en-cuarentena%2F&amp;title=La+F1+en+Cuarentena\">\n<img src=\"https:\/\/labestiadeportiva.com\/lbd\/wp-content\/plugins\/jw-share-this\/twitter.png\" alt=\"Share this page via Twitter\" \/>\n<\/a>\n<\/div>\n","protected":false},"excerpt":{"rendered":"<p>Por Daniel Campos (Corresponsal LBD en Palma de Mallorca, Espa\u00f1a) Al momento de escribir esta nota me imaginaba estar preparando el primer informe de la temporada del mundial 2020 de la F1. Pero la m\u00e1xima categor\u00eda no se libr\u00f3 del azote del coronavirus. 992 veces le\u00edda Share this:<\/p>\n","protected":false},"author":1,"featured_media":35460,"comment_status":"open","ping_status":"open","sticky":false,"template":"","format":"standard","meta":[],"categories":[2176,4,3534,1],"tags":[86,148,3660,1527],"_links":{"self":[{"href":"https:\/\/labestiadeportiva.com\/lbd\/wp-json\/wp\/v2\/posts\/35459"}],"collection":[{"href":"https:\/\/labestiadeportiva.com\/lbd\/wp-json\/wp\/v2\/posts"}],"about":[{"href":"https:\/\/labestiadeportiva.com\/lbd\/wp-json\/wp\/v2\/types\/post"}],"author":[{"embeddable":true,"href":"https:\/\/labestiadeportiva.com\/lbd\/wp-json\/wp\/v2\/users\/1"}],"replies":[{"embeddable":true,"href":"https:\/\/labestiadeportiva.com\/lbd\/wp-json\/wp\/v2\/comments?post=35459"}],"version-history":[{"count":1,"href":"https:\/\/labestiadeportiva.com\/lbd\/wp-json\/wp\/v2\/posts\/35459\/revisions"}],"predecessor-version":[{"id":35463,"href":"https:\/\/labestiadeportiva.com\/lbd\/wp-json\/wp\/v2\/posts\/35459\/revisions\/35463"}],"wp:featuredmedia":[{"embeddable":true,"href":"https:\/\/labestiadeportiva.com\/lbd\/wp-json\/wp\/v2\/media\/35460"}],"wp:attachment":[{"href":"https:\/\/labestiadeportiva.com\/lbd\/wp-json\/wp\/v2\/media?parent=35459"}],"wp:term":[{"taxonomy":"category","embeddable":true,"href":"https:\/\/labestiadeportiva.com\/lbd\/wp-json\/wp\/v2\/categories?post=35459"},{"taxonomy":"post_tag","embeddable":true,"href":"https:\/\/labestiadeportiva.com\/lbd\/wp-json\/wp\/v2\/tags?post=35459"}],"curies":[{"name":"wp","href":"https:\/\/api.w.org\/{rel}","templated":true}]}}