{"id":35470,"date":"2020-03-16T17:16:07","date_gmt":"2020-03-16T20:16:07","guid":{"rendered":"http:\/\/labestiadeportiva.com\/lbd\/?p=35470"},"modified":"2020-03-17T12:23:24","modified_gmt":"2020-03-17T15:23:24","slug":"y-esto-como-lo-arreglamos","status":"publish","type":"post","link":"https:\/\/labestiadeportiva.com\/lbd\/y-esto-como-lo-arreglamos\/","title":{"rendered":"Y esto, \u00bfc\u00f3mo lo arreglamos?"},"content":{"rendered":"<p>Por Daniel Campos (Corresponsal LBD en Palma de Mallorca, Espa\u00f1a)<\/p>\n<p><a href=\"http:\/\/labestiadeportiva.com\/lbd\/wp-content\/uploads\/2020\/03\/descarga2.jpeg\"><img loading=\"lazy\" src=\"http:\/\/labestiadeportiva.com\/lbd\/wp-content\/uploads\/2020\/03\/descarga2.jpeg\" alt=\"descarga~2\" width=\"286\" height=\"176\" class=\"aligncenter size-full wp-image-35471\" \/><\/a><br \/>\nCon mucho tiempo por delante la FIA y los propietarios de la F-1, buscar\u00e1n c\u00f3mo cuadrar el calendario de la temporada 2020. <!--more--><\/p>\n<p>Tras suspenderse la primera cita del Mundial, Australia, este fin de semana, le siguieron Bahrein, Vietnam y China. De no suceder nada extra\u00f1o el pr\u00f3ximo 3 de mayo el torneo iniciara su andadura en el circuito de Zandvoort, sede del GP de Holanda. <\/p>\n<p>En el que iba ser el Mundial m\u00e1s largo de la historia hasta el momento 17 fechas se mantienen pero algunos hablan de que posiblemente se caigan Espa\u00f1a y M\u00f3naco. <\/p>\n<p>Consultado por esa disyuntiva el n\u00famero dos de la empresa que gestiona la m\u00e1xima categor\u00eda, Ross Brawn, dice que estan abiertos a cualquier soluci\u00f3n para salvar la temporada. <\/p>\n<p>Entre algunas de las opciones que se barajan, suspender las vacaciones de agosto, copiar el sistema de la F\u00f3rmula E, correr s\u00e1bado y domingo. Mantener un gran premio pero utilizando otro circuito.<\/p>\n<p>Por citar un ejemplo en 1982 el GP de Suiza se corri\u00f3 en Dijon, Francia. Solo es cuesti\u00f3n de tiempo, de eso disponen los m\u00e1ximos responsables de Liberty Media, al menos dos meses.<br \/>\n<a href=\"http:\/\/labestiadeportiva.com\/lbd\/wp-content\/uploads\/2020\/03\/f1_china_15815189142.jpeg\"><img loading=\"lazy\" src=\"http:\/\/labestiadeportiva.com\/lbd\/wp-content\/uploads\/2020\/03\/f1_china_15815189142-300x179.jpeg\" alt=\"f1_china_1581518914~2\" width=\"300\" height=\"179\" class=\"aligncenter size-medium wp-image-35472\" srcset=\"https:\/\/labestiadeportiva.com\/lbd\/wp-content\/uploads\/2020\/03\/f1_china_15815189142-300x179.jpeg 300w, https:\/\/labestiadeportiva.com\/lbd\/wp-content\/uploads\/2020\/03\/f1_china_15815189142.jpeg 730w\" sizes=\"(max-width: 300px) 100vw, 300px\" \/><\/a><\/p>\n<div class='epvc-post-count'><span class='epvc-eye'><\/span>  <span class=\"epvc-count\"> 1.074<\/span><span class='epvc-label'> veces le\u00edda<\/span><\/div>\n<div class=\"jwsharethis\">\nShare this: \n<br \/>\n<a href=\"mailto:?subject=Y%20esto%2C%20%C2%BFc%C3%B3mo%20lo%20arreglamos%3F&amp;body=https%3A%2F%2Flabestiadeportiva.com%2Flbd%2Fy-esto-como-lo-arreglamos%2F\">\n<img src=\"https:\/\/labestiadeportiva.com\/lbd\/wp-content\/plugins\/jw-share-this\/email.png\" alt=\"Share this page via Email\" \/>\n<\/a>\n<a target=\"_blank\" href=\"http:\/\/www.stumbleupon.com\/submit?url=https%3A%2F%2Flabestiadeportiva.com%2Flbd%2Fy-esto-como-lo-arreglamos%2F&amp;title=Y+esto%2C+%C2%BFc%C3%B3mo+lo+arreglamos%3F\">\n<img src=\"https:\/\/labestiadeportiva.com\/lbd\/wp-content\/plugins\/jw-share-this\/su.png\" alt=\"Share this page via Stumble Upon\" \/>\n<\/a>\n<a target=\"_blank\" href=\"http:\/\/digg.com\/submit?url=https%3A%2F%2Flabestiadeportiva.com%2Flbd%2Fy-esto-como-lo-arreglamos%2F&amp;title=Y+esto%2C+%C2%BFc%C3%B3mo+lo+arreglamos%3F\">\n<img src=\"https:\/\/labestiadeportiva.com\/lbd\/wp-content\/plugins\/jw-share-this\/digg.png\" alt=\"Share this page via Digg this\" \/>\n<\/a>\n<a target=\"_blank\" href=\"http:\/\/www.facebook.com\/sharer.php?u=https%3A%2F%2Flabestiadeportiva.com%2Flbd%2Fy-esto-como-lo-arreglamos%2F&amp;t=Y+esto%2C+%C2%BFc%C3%B3mo+lo+arreglamos%3F\">\n<img src=\"https:\/\/labestiadeportiva.com\/lbd\/wp-content\/plugins\/jw-share-this\/fb.png\" alt=\"Share this page via Facebook\" \/>\n<\/a>\n<a target=\"_blank\" href=\"http:\/\/twitter.com\/intent\/tweet?text=I+like+https%3A%2F%2Flabestiadeportiva.com%2Flbd%2Fy-esto-como-lo-arreglamos%2F&amp;title=Y+esto%2C+%C2%BFc%C3%B3mo+lo+arreglamos%3F\">\n<img src=\"https:\/\/labestiadeportiva.com\/lbd\/wp-content\/plugins\/jw-share-this\/twitter.png\" alt=\"Share this page via Twitter\" \/>\n<\/a>\n<\/div>\n","protected":false},"excerpt":{"rendered":"<p>Por Daniel Campos (Corresponsal LBD en Palma de Mallorca, Espa\u00f1a) Con mucho tiempo por delante la FIA y los propietarios de la F-1, buscar\u00e1n c\u00f3mo cuadrar el calendario de la temporada 2020. 1.074 veces le\u00edda Share this:<\/p>\n","protected":false},"author":1,"featured_media":35471,"comment_status":"open","ping_status":"open","sticky":false,"template":"","format":"standard","meta":[],"categories":[2176,4,3534,1],"tags":[154,4170,3660],"_links":{"self":[{"href":"https:\/\/labestiadeportiva.com\/lbd\/wp-json\/wp\/v2\/posts\/35470"}],"collection":[{"href":"https:\/\/labestiadeportiva.com\/lbd\/wp-json\/wp\/v2\/posts"}],"about":[{"href":"https:\/\/labestiadeportiva.com\/lbd\/wp-json\/wp\/v2\/types\/post"}],"author":[{"embeddable":true,"href":"https:\/\/labestiadeportiva.com\/lbd\/wp-json\/wp\/v2\/users\/1"}],"replies":[{"embeddable":true,"href":"https:\/\/labestiadeportiva.com\/lbd\/wp-json\/wp\/v2\/comments?post=35470"}],"version-history":[{"count":2,"href":"https:\/\/labestiadeportiva.com\/lbd\/wp-json\/wp\/v2\/posts\/35470\/revisions"}],"predecessor-version":[{"id":35479,"href":"https:\/\/labestiadeportiva.com\/lbd\/wp-json\/wp\/v2\/posts\/35470\/revisions\/35479"}],"wp:featuredmedia":[{"embeddable":true,"href":"https:\/\/labestiadeportiva.com\/lbd\/wp-json\/wp\/v2\/media\/35471"}],"wp:attachment":[{"href":"https:\/\/labestiadeportiva.com\/lbd\/wp-json\/wp\/v2\/media?parent=35470"}],"wp:term":[{"taxonomy":"category","embeddable":true,"href":"https:\/\/labestiadeportiva.com\/lbd\/wp-json\/wp\/v2\/categories?post=35470"},{"taxonomy":"post_tag","embeddable":true,"href":"https:\/\/labestiadeportiva.com\/lbd\/wp-json\/wp\/v2\/tags?post=35470"}],"curies":[{"name":"wp","href":"https:\/\/api.w.org\/{rel}","templated":true}]}}