{"id":35750,"date":"2020-05-19T21:48:08","date_gmt":"2020-05-20T00:48:08","guid":{"rendered":"http:\/\/labestiadeportiva.com\/lbd\/?p=35750"},"modified":"2020-05-19T21:48:08","modified_gmt":"2020-05-20T00:48:08","slug":"protocolo-y-espera-audio","status":"publish","type":"post","link":"https:\/\/labestiadeportiva.com\/lbd\/protocolo-y-espera-audio\/","title":{"rendered":"Protocolo y espera (Audio)"},"content":{"rendered":"<p><a href=\"http:\/\/labestiadeportiva.com\/lbd\/wp-content\/uploads\/2020\/05\/Screenshot_20200518-1806562.png\"><img loading=\"lazy\" src=\"http:\/\/labestiadeportiva.com\/lbd\/wp-content\/uploads\/2020\/05\/Screenshot_20200518-1806562-244x300.png\" alt=\"Screenshot_20200518-180656~2\" width=\"244\" height=\"300\" class=\"aligncenter size-medium wp-image-35751\" srcset=\"https:\/\/labestiadeportiva.com\/lbd\/wp-content\/uploads\/2020\/05\/Screenshot_20200518-1806562-244x300.png 244w, https:\/\/labestiadeportiva.com\/lbd\/wp-content\/uploads\/2020\/05\/Screenshot_20200518-1806562.png 675w\" sizes=\"(max-width: 244px) 100vw, 244px\" \/><\/a><br \/>\nHace algo m\u00e1s de 10 d\u00edas la disciplina present\u00f3 a las autoridades un protocolo para el regreso a las canchas. En busca de detalles dialogamos con el representante local de la Asociaci\u00f3n Argentina de P\u00e1del, Dami\u00e1n \u00abColo\u00bb Flores. Compartimos la entrevista lograda en la 100.1 Radio Provincia.<!--more--><\/p>\n<p>https:\/\/youtu.be\/HNzydypyEcg<\/p>\n<div class='epvc-post-count'><span class='epvc-eye'><\/span>  <span class=\"epvc-count\"> 1.127<\/span><span class='epvc-label'> veces le\u00edda<\/span><\/div>\n<div class=\"jwsharethis\">\nShare this: \n<br \/>\n<a href=\"mailto:?subject=Protocolo%20y%20espera%20%28Audio%29&amp;body=https%3A%2F%2Flabestiadeportiva.com%2Flbd%2Fprotocolo-y-espera-audio%2F\">\n<img src=\"https:\/\/labestiadeportiva.com\/lbd\/wp-content\/plugins\/jw-share-this\/email.png\" alt=\"Share this page via Email\" \/>\n<\/a>\n<a target=\"_blank\" href=\"http:\/\/www.stumbleupon.com\/submit?url=https%3A%2F%2Flabestiadeportiva.com%2Flbd%2Fprotocolo-y-espera-audio%2F&amp;title=Protocolo+y+espera+%28Audio%29\">\n<img src=\"https:\/\/labestiadeportiva.com\/lbd\/wp-content\/plugins\/jw-share-this\/su.png\" alt=\"Share this page via Stumble Upon\" \/>\n<\/a>\n<a target=\"_blank\" href=\"http:\/\/digg.com\/submit?url=https%3A%2F%2Flabestiadeportiva.com%2Flbd%2Fprotocolo-y-espera-audio%2F&amp;title=Protocolo+y+espera+%28Audio%29\">\n<img src=\"https:\/\/labestiadeportiva.com\/lbd\/wp-content\/plugins\/jw-share-this\/digg.png\" alt=\"Share this page via Digg this\" \/>\n<\/a>\n<a target=\"_blank\" href=\"http:\/\/www.facebook.com\/sharer.php?u=https%3A%2F%2Flabestiadeportiva.com%2Flbd%2Fprotocolo-y-espera-audio%2F&amp;t=Protocolo+y+espera+%28Audio%29\">\n<img src=\"https:\/\/labestiadeportiva.com\/lbd\/wp-content\/plugins\/jw-share-this\/fb.png\" alt=\"Share this page via Facebook\" \/>\n<\/a>\n<a target=\"_blank\" href=\"http:\/\/twitter.com\/intent\/tweet?text=I+like+https%3A%2F%2Flabestiadeportiva.com%2Flbd%2Fprotocolo-y-espera-audio%2F&amp;title=Protocolo+y+espera+%28Audio%29\">\n<img src=\"https:\/\/labestiadeportiva.com\/lbd\/wp-content\/plugins\/jw-share-this\/twitter.png\" alt=\"Share this page via Twitter\" \/>\n<\/a>\n<\/div>\n","protected":false},"excerpt":{"rendered":"<p>Hace algo m\u00e1s de 10 d\u00edas la disciplina present\u00f3 a las autoridades un protocolo para el regreso a las canchas. En busca de detalles dialogamos con el representante local de la Asociaci\u00f3n Argentina de P\u00e1del, Dami\u00e1n \u00abColo\u00bb Flores. Compartimos la entrevista lograda en la 100.1 Radio Provincia. 1.127 veces le\u00edda Share this:<\/p>\n","protected":false},"author":1,"featured_media":35751,"comment_status":"open","ping_status":"open","sticky":false,"template":"","format":"standard","meta":[],"categories":[5,60,1,2424],"tags":[4206,3660,1523,4207],"_links":{"self":[{"href":"https:\/\/labestiadeportiva.com\/lbd\/wp-json\/wp\/v2\/posts\/35750"}],"collection":[{"href":"https:\/\/labestiadeportiva.com\/lbd\/wp-json\/wp\/v2\/posts"}],"about":[{"href":"https:\/\/labestiadeportiva.com\/lbd\/wp-json\/wp\/v2\/types\/post"}],"author":[{"embeddable":true,"href":"https:\/\/labestiadeportiva.com\/lbd\/wp-json\/wp\/v2\/users\/1"}],"replies":[{"embeddable":true,"href":"https:\/\/labestiadeportiva.com\/lbd\/wp-json\/wp\/v2\/comments?post=35750"}],"version-history":[{"count":1,"href":"https:\/\/labestiadeportiva.com\/lbd\/wp-json\/wp\/v2\/posts\/35750\/revisions"}],"predecessor-version":[{"id":35753,"href":"https:\/\/labestiadeportiva.com\/lbd\/wp-json\/wp\/v2\/posts\/35750\/revisions\/35753"}],"wp:featuredmedia":[{"embeddable":true,"href":"https:\/\/labestiadeportiva.com\/lbd\/wp-json\/wp\/v2\/media\/35751"}],"wp:attachment":[{"href":"https:\/\/labestiadeportiva.com\/lbd\/wp-json\/wp\/v2\/media?parent=35750"}],"wp:term":[{"taxonomy":"category","embeddable":true,"href":"https:\/\/labestiadeportiva.com\/lbd\/wp-json\/wp\/v2\/categories?post=35750"},{"taxonomy":"post_tag","embeddable":true,"href":"https:\/\/labestiadeportiva.com\/lbd\/wp-json\/wp\/v2\/tags?post=35750"}],"curies":[{"name":"wp","href":"https:\/\/api.w.org\/{rel}","templated":true}]}}