{"id":35758,"date":"2020-05-20T02:43:54","date_gmt":"2020-05-20T05:43:54","guid":{"rendered":"http:\/\/labestiadeportiva.com\/lbd\/?p=35758"},"modified":"2020-05-20T02:43:54","modified_gmt":"2020-05-20T05:43:54","slug":"tapia-reelecto-en-la-afa","status":"publish","type":"post","link":"https:\/\/labestiadeportiva.com\/lbd\/tapia-reelecto-en-la-afa\/","title":{"rendered":"Tapia reelecto en la AFA"},"content":{"rendered":"<p>Por Javier Nicol\u00e1s Baroli (Corresponsal LBD en R\u00edo Gallegos)<\/p>\n<p><a href=\"http:\/\/labestiadeportiva.com\/lbd\/wp-content\/uploads\/2020\/05\/IMG-20200519-WA0072.jpg\"><img loading=\"lazy\" src=\"http:\/\/labestiadeportiva.com\/lbd\/wp-content\/uploads\/2020\/05\/IMG-20200519-WA0072-300x199.jpg\" alt=\"IMG-20200519-WA0072\" width=\"300\" height=\"199\" class=\"aligncenter size-medium wp-image-35759\" srcset=\"https:\/\/labestiadeportiva.com\/lbd\/wp-content\/uploads\/2020\/05\/IMG-20200519-WA0072-300x199.jpg 300w, https:\/\/labestiadeportiva.com\/lbd\/wp-content\/uploads\/2020\/05\/IMG-20200519-WA0072.jpg 1024w\" sizes=\"(max-width: 300px) 100vw, 300px\" \/><\/a><br \/>\nPor unanimidad y en una Asamblea virtual, el actual presidente de la asociaci\u00f3n del f\u00fatbol Argentino logr\u00f3 la reelecci\u00f3n al frente del m\u00e1ximo ente del deporte nacional m\u00e1s popular.<!--more--><\/p>\n<p>Pol\u00e9mica e historica reuni\u00f3n virtual fue la celebrada hoy en donde, entre otras cosas, las autoridades que conducir\u00e1n los destinos del f\u00fatbol hasta el a\u00f1o 2025. <\/p>\n<p>Tapia ser\u00e1 secundado por seis vicepresidentes. La asamblea determin\u00f3 la vuelta de River Plate a los organismos resolutivos del f\u00fatbol nacional.<\/p>\n<p>En la reuni\u00f3n virtual tambi\u00e9n naci\u00f3 la Liga Profesional de F\u00fatbol que reemplazar\u00e1 a la Superliga. La misma ser\u00e1 presidida por Marcelo Tinelli, presidente de San Lorenzo y ser\u00e1 aut\u00f3nomo a la AFA.<\/p>\n<p>El reelecto presidente del m\u00e1ximo organismo del f\u00fatbol argentino expres\u00f3 en sus redes sociales <\/p>\n<p>\u00abQuiero agradecer a todos los directivos que vuelven a depositar su confianza en mi. Estoy muy feliz por la vuelta de la m\u00e1xima categor\u00eda de nuestro f\u00fatbol a su casa madre, y que todos los clubes est\u00e9n representados en @afa. Gracias a todos los que siempre me apoyan y acompa\u00f1an\u00bb<\/p>\n<div class='epvc-post-count'><span class='epvc-eye'><\/span>  <span class=\"epvc-count\"> 1.215<\/span><span class='epvc-label'> veces le\u00edda<\/span><\/div>\n<div class=\"jwsharethis\">\nShare this: \n<br \/>\n<a href=\"mailto:?subject=Tapia%20reelecto%20en%20la%20AFA&amp;body=https%3A%2F%2Flabestiadeportiva.com%2Flbd%2Ftapia-reelecto-en-la-afa%2F\">\n<img src=\"https:\/\/labestiadeportiva.com\/lbd\/wp-content\/plugins\/jw-share-this\/email.png\" alt=\"Share this page via Email\" \/>\n<\/a>\n<a target=\"_blank\" href=\"http:\/\/www.stumbleupon.com\/submit?url=https%3A%2F%2Flabestiadeportiva.com%2Flbd%2Ftapia-reelecto-en-la-afa%2F&amp;title=Tapia+reelecto+en+la+AFA\">\n<img src=\"https:\/\/labestiadeportiva.com\/lbd\/wp-content\/plugins\/jw-share-this\/su.png\" alt=\"Share this page via Stumble Upon\" \/>\n<\/a>\n<a target=\"_blank\" href=\"http:\/\/digg.com\/submit?url=https%3A%2F%2Flabestiadeportiva.com%2Flbd%2Ftapia-reelecto-en-la-afa%2F&amp;title=Tapia+reelecto+en+la+AFA\">\n<img src=\"https:\/\/labestiadeportiva.com\/lbd\/wp-content\/plugins\/jw-share-this\/digg.png\" alt=\"Share this page via Digg this\" \/>\n<\/a>\n<a target=\"_blank\" href=\"http:\/\/www.facebook.com\/sharer.php?u=https%3A%2F%2Flabestiadeportiva.com%2Flbd%2Ftapia-reelecto-en-la-afa%2F&amp;t=Tapia+reelecto+en+la+AFA\">\n<img src=\"https:\/\/labestiadeportiva.com\/lbd\/wp-content\/plugins\/jw-share-this\/fb.png\" alt=\"Share this page via Facebook\" \/>\n<\/a>\n<a target=\"_blank\" href=\"http:\/\/twitter.com\/intent\/tweet?text=I+like+https%3A%2F%2Flabestiadeportiva.com%2Flbd%2Ftapia-reelecto-en-la-afa%2F&amp;title=Tapia+reelecto+en+la+AFA\">\n<img src=\"https:\/\/labestiadeportiva.com\/lbd\/wp-content\/plugins\/jw-share-this\/twitter.png\" alt=\"Share this page via Twitter\" \/>\n<\/a>\n<\/div>\n","protected":false},"excerpt":{"rendered":"<p>Por Javier Nicol\u00e1s Baroli (Corresponsal LBD en R\u00edo Gallegos) Por unanimidad y en una Asamblea virtual, el actual presidente de la asociaci\u00f3n del f\u00fatbol Argentino logr\u00f3 la reelecci\u00f3n al frente del m\u00e1ximo ente del deporte nacional m\u00e1s popular. 1.215 veces le\u00edda Share this:<\/p>\n","protected":false},"author":1,"featured_media":35759,"comment_status":"open","ping_status":"open","sticky":false,"template":"","format":"standard","meta":[],"categories":[4,6,3083,1],"tags":[1086,17,3660,2647,4209],"_links":{"self":[{"href":"https:\/\/labestiadeportiva.com\/lbd\/wp-json\/wp\/v2\/posts\/35758"}],"collection":[{"href":"https:\/\/labestiadeportiva.com\/lbd\/wp-json\/wp\/v2\/posts"}],"about":[{"href":"https:\/\/labestiadeportiva.com\/lbd\/wp-json\/wp\/v2\/types\/post"}],"author":[{"embeddable":true,"href":"https:\/\/labestiadeportiva.com\/lbd\/wp-json\/wp\/v2\/users\/1"}],"replies":[{"embeddable":true,"href":"https:\/\/labestiadeportiva.com\/lbd\/wp-json\/wp\/v2\/comments?post=35758"}],"version-history":[{"count":1,"href":"https:\/\/labestiadeportiva.com\/lbd\/wp-json\/wp\/v2\/posts\/35758\/revisions"}],"predecessor-version":[{"id":35761,"href":"https:\/\/labestiadeportiva.com\/lbd\/wp-json\/wp\/v2\/posts\/35758\/revisions\/35761"}],"wp:featuredmedia":[{"embeddable":true,"href":"https:\/\/labestiadeportiva.com\/lbd\/wp-json\/wp\/v2\/media\/35759"}],"wp:attachment":[{"href":"https:\/\/labestiadeportiva.com\/lbd\/wp-json\/wp\/v2\/media?parent=35758"}],"wp:term":[{"taxonomy":"category","embeddable":true,"href":"https:\/\/labestiadeportiva.com\/lbd\/wp-json\/wp\/v2\/categories?post=35758"},{"taxonomy":"post_tag","embeddable":true,"href":"https:\/\/labestiadeportiva.com\/lbd\/wp-json\/wp\/v2\/tags?post=35758"}],"curies":[{"name":"wp","href":"https:\/\/api.w.org\/{rel}","templated":true}]}}