{"id":36020,"date":"2020-07-07T19:44:15","date_gmt":"2020-07-07T22:44:15","guid":{"rendered":"http:\/\/labestiadeportiva.com\/lbd\/?p=36020"},"modified":"2020-07-07T19:44:15","modified_gmt":"2020-07-07T22:44:15","slug":"morada-del-aguila-y-la-pista-de-patinaje-abren-este-jueves","status":"publish","type":"post","link":"https:\/\/labestiadeportiva.com\/lbd\/morada-del-aguila-y-la-pista-de-patinaje-abren-este-jueves\/","title":{"rendered":"Morada del \u00c1guila y la pista de patinaje abren este jueves"},"content":{"rendered":"<p><a href=\"http:\/\/labestiadeportiva.com\/lbd\/wp-content\/uploads\/2020\/07\/20200707_193957-COLLAGE.jpg\"><img loading=\"lazy\" src=\"http:\/\/labestiadeportiva.com\/lbd\/wp-content\/uploads\/2020\/07\/20200707_193957-COLLAGE-300x300.jpg\" alt=\"20200707_193957-COLLAGE\" width=\"300\" height=\"300\" class=\"aligncenter size-medium wp-image-36021\" srcset=\"https:\/\/labestiadeportiva.com\/lbd\/wp-content\/uploads\/2020\/07\/20200707_193957-COLLAGE-300x300.jpg 300w, https:\/\/labestiadeportiva.com\/lbd\/wp-content\/uploads\/2020\/07\/20200707_193957-COLLAGE-150x150.jpg 150w, https:\/\/labestiadeportiva.com\/lbd\/wp-content\/uploads\/2020\/07\/20200707_193957-COLLAGE.jpg 1024w, https:\/\/labestiadeportiva.com\/lbd\/wp-content\/uploads\/2020\/07\/20200707_193957-COLLAGE-160x160.jpg 160w, https:\/\/labestiadeportiva.com\/lbd\/wp-content\/uploads\/2020\/07\/20200707_193957-COLLAGE-320x320.jpg 320w, https:\/\/labestiadeportiva.com\/lbd\/wp-content\/uploads\/2020\/07\/20200707_193957-COLLAGE-60x60.jpg 60w\" sizes=\"(max-width: 300px) 100vw, 300px\" \/><\/a>De a poco Cerro Castor comienza a abrir sus puertas. A partir de este fin de semana largo el patinaje sobre hielo y el servicio gastron\u00f3mico ubicado en la base de la monta\u00f1a estar\u00e1n disponibles. Compartimos la comunicaci\u00f3n oficial con los detalles.<!--more--><\/p>\n<p>El emblem\u00e1tico restaurante de Cerro Castor invita a las familias a disfrutar del mejor cordero fueguino desde este fin de semana largo. Adem\u00e1s, se habilitar\u00e1 la pista de patinaje sobre hielo.<\/p>\n<p>Luego de la aprobaci\u00f3n del protocolo de trabajo para el sector gastron\u00f3mico ante la pandemia del Covid-19, el centro de esqu\u00ed m\u00e1s moderno y austral abre las puertas de su tradicional restaurante para invitar a la familia a disfrutar de sus ricos almuerzos en un ambiente acogedor y c\u00f3modo, observando un paisaje \u00fanico desde la base de la monta\u00f1a.<\/p>\n<p>Para la tranquilidad y seguridad de los visitantes, Morada del \u00c1guila se prepar\u00f3 cumpliendo las exigencias y recomendaciones provistas por el protocolo para establecimientos gastron\u00f3micos brindado por el Gobierno Provincial: distanciamiento entre las mesas, medidas de higiene para los comensales y el personal, sistema de reservas anticipadas, y colocaci\u00f3n de se\u00f1al\u00e9tica correspondiente, entre otras.<\/p>\n<p>El restaurante comenzar\u00e1 a atender a partir de los feriados 9 y 10 de julio, y todos los s\u00e1bados y domingos al medio d\u00eda para brindar a sus visitantes exquisitas propuestas gastron\u00f3micas, con capacidad m\u00e1xima para 65 personas. Para realizar reservas contactarse al mail: moradadelaguila@cerrocastor.com o al tel\u00e9fono (2901) 49 9301 int: 119 (atenci\u00f3n telef\u00f3nica de 11 a 16 horas).<\/p>\n<p>Para quienes quieran compartir una actividad divertida en familia, tambi\u00e9n se podr\u00e1 acceder a la pista de patinaje sobre hielo en la base de Cerro Castor, respetando la cantidad m\u00e1xima establecida por protocolo. El edificio Alpino estar\u00e1 habilitado para el alquiler de patines y equipos de esqu\u00ed de fondo para todos los visitantes.<\/p>\n<div class='epvc-post-count'><span class='epvc-eye'><\/span>  <span class=\"epvc-count\"> 1.276<\/span><span class='epvc-label'> veces le\u00edda<\/span><\/div>\n<div class=\"jwsharethis\">\nShare this: \n<br \/>\n<a href=\"mailto:?subject=Morada%20del%20%C3%81guila%20y%20la%20pista%20de%20patinaje%20abren%20este%20jueves&amp;body=https%3A%2F%2Flabestiadeportiva.com%2Flbd%2Fmorada-del-aguila-y-la-pista-de-patinaje-abren-este-jueves%2F\">\n<img src=\"https:\/\/labestiadeportiva.com\/lbd\/wp-content\/plugins\/jw-share-this\/email.png\" alt=\"Share this page via Email\" \/>\n<\/a>\n<a target=\"_blank\" href=\"http:\/\/www.stumbleupon.com\/submit?url=https%3A%2F%2Flabestiadeportiva.com%2Flbd%2Fmorada-del-aguila-y-la-pista-de-patinaje-abren-este-jueves%2F&amp;title=Morada+del+%C3%81guila+y+la+pista+de+patinaje+abren+este+jueves\">\n<img src=\"https:\/\/labestiadeportiva.com\/lbd\/wp-content\/plugins\/jw-share-this\/su.png\" alt=\"Share this page via Stumble Upon\" \/>\n<\/a>\n<a target=\"_blank\" href=\"http:\/\/digg.com\/submit?url=https%3A%2F%2Flabestiadeportiva.com%2Flbd%2Fmorada-del-aguila-y-la-pista-de-patinaje-abren-este-jueves%2F&amp;title=Morada+del+%C3%81guila+y+la+pista+de+patinaje+abren+este+jueves\">\n<img src=\"https:\/\/labestiadeportiva.com\/lbd\/wp-content\/plugins\/jw-share-this\/digg.png\" alt=\"Share this page via Digg this\" \/>\n<\/a>\n<a target=\"_blank\" href=\"http:\/\/www.facebook.com\/sharer.php?u=https%3A%2F%2Flabestiadeportiva.com%2Flbd%2Fmorada-del-aguila-y-la-pista-de-patinaje-abren-este-jueves%2F&amp;t=Morada+del+%C3%81guila+y+la+pista+de+patinaje+abren+este+jueves\">\n<img src=\"https:\/\/labestiadeportiva.com\/lbd\/wp-content\/plugins\/jw-share-this\/fb.png\" alt=\"Share this page via Facebook\" \/>\n<\/a>\n<a target=\"_blank\" href=\"http:\/\/twitter.com\/intent\/tweet?text=I+like+https%3A%2F%2Flabestiadeportiva.com%2Flbd%2Fmorada-del-aguila-y-la-pista-de-patinaje-abren-este-jueves%2F&amp;title=Morada+del+%C3%81guila+y+la+pista+de+patinaje+abren+este+jueves\">\n<img src=\"https:\/\/labestiadeportiva.com\/lbd\/wp-content\/plugins\/jw-share-this\/twitter.png\" alt=\"Share this page via Twitter\" \/>\n<\/a>\n<\/div>\n","protected":false},"excerpt":{"rendered":"<p>De a poco Cerro Castor comienza a abrir sus puertas. A partir de este fin de semana largo el patinaje sobre hielo y el servicio gastron\u00f3mico ubicado en la base de la monta\u00f1a estar\u00e1n disponibles. Compartimos la comunicaci\u00f3n oficial con los detalles. 1.276 veces le\u00edda Share this:<\/p>\n","protected":false},"author":1,"featured_media":36021,"comment_status":"open","ping_status":"open","sticky":false,"template":"","format":"standard","meta":[],"categories":[5,41,1,3592],"tags":[905,4235,3660],"_links":{"self":[{"href":"https:\/\/labestiadeportiva.com\/lbd\/wp-json\/wp\/v2\/posts\/36020"}],"collection":[{"href":"https:\/\/labestiadeportiva.com\/lbd\/wp-json\/wp\/v2\/posts"}],"about":[{"href":"https:\/\/labestiadeportiva.com\/lbd\/wp-json\/wp\/v2\/types\/post"}],"author":[{"embeddable":true,"href":"https:\/\/labestiadeportiva.com\/lbd\/wp-json\/wp\/v2\/users\/1"}],"replies":[{"embeddable":true,"href":"https:\/\/labestiadeportiva.com\/lbd\/wp-json\/wp\/v2\/comments?post=36020"}],"version-history":[{"count":1,"href":"https:\/\/labestiadeportiva.com\/lbd\/wp-json\/wp\/v2\/posts\/36020\/revisions"}],"predecessor-version":[{"id":36022,"href":"https:\/\/labestiadeportiva.com\/lbd\/wp-json\/wp\/v2\/posts\/36020\/revisions\/36022"}],"wp:featuredmedia":[{"embeddable":true,"href":"https:\/\/labestiadeportiva.com\/lbd\/wp-json\/wp\/v2\/media\/36021"}],"wp:attachment":[{"href":"https:\/\/labestiadeportiva.com\/lbd\/wp-json\/wp\/v2\/media?parent=36020"}],"wp:term":[{"taxonomy":"category","embeddable":true,"href":"https:\/\/labestiadeportiva.com\/lbd\/wp-json\/wp\/v2\/categories?post=36020"},{"taxonomy":"post_tag","embeddable":true,"href":"https:\/\/labestiadeportiva.com\/lbd\/wp-json\/wp\/v2\/tags?post=36020"}],"curies":[{"name":"wp","href":"https:\/\/api.w.org\/{rel}","templated":true}]}}