{"id":36052,"date":"2020-07-16T13:19:20","date_gmt":"2020-07-16T16:19:20","guid":{"rendered":"http:\/\/labestiadeportiva.com\/lbd\/?p=36052"},"modified":"2020-07-16T13:22:10","modified_gmt":"2020-07-16T16:22:10","slug":"entrenamientos-y-escuelitas-suspendidas","status":"publish","type":"post","link":"https:\/\/labestiadeportiva.com\/lbd\/entrenamientos-y-escuelitas-suspendidas\/","title":{"rendered":"Entrenamientos de Selecciones y Escuelitas suspendidas"},"content":{"rendered":"<p><a href=\"http:\/\/labestiadeportiva.com\/lbd\/wp-content\/uploads\/2020\/07\/Screenshot_20200716-1302142.png\"><img loading=\"lazy\" class=\"aligncenter size-medium wp-image-36053\" src=\"http:\/\/labestiadeportiva.com\/lbd\/wp-content\/uploads\/2020\/07\/Screenshot_20200716-1302142-300x298.png\" alt=\"Screenshot_20200716-130214~2\" width=\"300\" height=\"298\" srcset=\"https:\/\/labestiadeportiva.com\/lbd\/wp-content\/uploads\/2020\/07\/Screenshot_20200716-1302142-300x298.png 300w, https:\/\/labestiadeportiva.com\/lbd\/wp-content\/uploads\/2020\/07\/Screenshot_20200716-1302142-150x150.png 150w, https:\/\/labestiadeportiva.com\/lbd\/wp-content\/uploads\/2020\/07\/Screenshot_20200716-1302142-1024x1018.png 1024w, https:\/\/labestiadeportiva.com\/lbd\/wp-content\/uploads\/2020\/07\/Screenshot_20200716-1302142-160x160.png 160w, https:\/\/labestiadeportiva.com\/lbd\/wp-content\/uploads\/2020\/07\/Screenshot_20200716-1302142-60x60.png 60w, https:\/\/labestiadeportiva.com\/lbd\/wp-content\/uploads\/2020\/07\/Screenshot_20200716-1302142.png 1080w\" sizes=\"(max-width: 300px) 100vw, 300px\" \/><\/a><br \/>\nAs\u00ed lo inform\u00f3 oficialmente la Secretar\u00eda de Deportes y Juventud Provincial. Ser\u00e1 por prevenci\u00f3n y durante una semana para luego evaluar la situaci\u00f3n.<!--more--><\/p>\n<p>Los entrenamientos corresponden a los seleccionados provinciales y todas las Escuelas de Iniciaci\u00f3n Deportivas provinciales.<\/p>\n<p>Desde LBD nos comunicamos brevemente con el Secretario Carlos Turd\u00f3 quien expres\u00f3:<\/p>\n<p>\u00abSe suspendieron por el momento por resguardo. Van a ser siete d\u00edas en las tres ciudades, si va todo bien reactivaremos.\u00bb<\/p>\n<p>Desde la cartera deportiva invitan\u00a0 a mantenerse informados por los medios oficiales.<\/p>\n<div class='epvc-post-count'><span class='epvc-eye'><\/span>  <span class=\"epvc-count\"> 901<\/span><span class='epvc-label'> veces le\u00edda<\/span><\/div>\n<div class=\"jwsharethis\">\nShare this: \n<br \/>\n<a href=\"mailto:?subject=Entrenamientos%20de%20Selecciones%20y%20Escuelitas%20suspendidas&amp;body=https%3A%2F%2Flabestiadeportiva.com%2Flbd%2Fentrenamientos-y-escuelitas-suspendidas%2F\">\n<img src=\"https:\/\/labestiadeportiva.com\/lbd\/wp-content\/plugins\/jw-share-this\/email.png\" alt=\"Share this page via Email\" \/>\n<\/a>\n<a target=\"_blank\" href=\"http:\/\/www.stumbleupon.com\/submit?url=https%3A%2F%2Flabestiadeportiva.com%2Flbd%2Fentrenamientos-y-escuelitas-suspendidas%2F&amp;title=Entrenamientos+de+Selecciones+y+Escuelitas+suspendidas\">\n<img src=\"https:\/\/labestiadeportiva.com\/lbd\/wp-content\/plugins\/jw-share-this\/su.png\" alt=\"Share this page via Stumble Upon\" \/>\n<\/a>\n<a target=\"_blank\" href=\"http:\/\/digg.com\/submit?url=https%3A%2F%2Flabestiadeportiva.com%2Flbd%2Fentrenamientos-y-escuelitas-suspendidas%2F&amp;title=Entrenamientos+de+Selecciones+y+Escuelitas+suspendidas\">\n<img src=\"https:\/\/labestiadeportiva.com\/lbd\/wp-content\/plugins\/jw-share-this\/digg.png\" alt=\"Share this page via Digg this\" \/>\n<\/a>\n<a target=\"_blank\" href=\"http:\/\/www.facebook.com\/sharer.php?u=https%3A%2F%2Flabestiadeportiva.com%2Flbd%2Fentrenamientos-y-escuelitas-suspendidas%2F&amp;t=Entrenamientos+de+Selecciones+y+Escuelitas+suspendidas\">\n<img src=\"https:\/\/labestiadeportiva.com\/lbd\/wp-content\/plugins\/jw-share-this\/fb.png\" alt=\"Share this page via Facebook\" \/>\n<\/a>\n<a target=\"_blank\" href=\"http:\/\/twitter.com\/intent\/tweet?text=I+like+https%3A%2F%2Flabestiadeportiva.com%2Flbd%2Fentrenamientos-y-escuelitas-suspendidas%2F&amp;title=Entrenamientos+de+Selecciones+y+Escuelitas+suspendidas\">\n<img src=\"https:\/\/labestiadeportiva.com\/lbd\/wp-content\/plugins\/jw-share-this\/twitter.png\" alt=\"Share this page via Twitter\" \/>\n<\/a>\n<\/div>\n","protected":false},"excerpt":{"rendered":"<p>As\u00ed lo inform\u00f3 oficialmente la Secretar\u00eda de Deportes y Juventud Provincial. Ser\u00e1 por prevenci\u00f3n y durante una semana para luego evaluar la situaci\u00f3n. 901 veces le\u00edda Share this:<\/p>\n","protected":false},"author":1,"featured_media":36053,"comment_status":"open","ping_status":"open","sticky":false,"template":"","format":"standard","meta":[],"categories":[5,1,3555],"tags":[3660,640],"_links":{"self":[{"href":"https:\/\/labestiadeportiva.com\/lbd\/wp-json\/wp\/v2\/posts\/36052"}],"collection":[{"href":"https:\/\/labestiadeportiva.com\/lbd\/wp-json\/wp\/v2\/posts"}],"about":[{"href":"https:\/\/labestiadeportiva.com\/lbd\/wp-json\/wp\/v2\/types\/post"}],"author":[{"embeddable":true,"href":"https:\/\/labestiadeportiva.com\/lbd\/wp-json\/wp\/v2\/users\/1"}],"replies":[{"embeddable":true,"href":"https:\/\/labestiadeportiva.com\/lbd\/wp-json\/wp\/v2\/comments?post=36052"}],"version-history":[{"count":4,"href":"https:\/\/labestiadeportiva.com\/lbd\/wp-json\/wp\/v2\/posts\/36052\/revisions"}],"predecessor-version":[{"id":36058,"href":"https:\/\/labestiadeportiva.com\/lbd\/wp-json\/wp\/v2\/posts\/36052\/revisions\/36058"}],"wp:featuredmedia":[{"embeddable":true,"href":"https:\/\/labestiadeportiva.com\/lbd\/wp-json\/wp\/v2\/media\/36053"}],"wp:attachment":[{"href":"https:\/\/labestiadeportiva.com\/lbd\/wp-json\/wp\/v2\/media?parent=36052"}],"wp:term":[{"taxonomy":"category","embeddable":true,"href":"https:\/\/labestiadeportiva.com\/lbd\/wp-json\/wp\/v2\/categories?post=36052"},{"taxonomy":"post_tag","embeddable":true,"href":"https:\/\/labestiadeportiva.com\/lbd\/wp-json\/wp\/v2\/tags?post=36052"}],"curies":[{"name":"wp","href":"https:\/\/api.w.org\/{rel}","templated":true}]}}