{"id":36072,"date":"2020-07-16T19:27:26","date_gmt":"2020-07-16T22:27:26","guid":{"rendered":"http:\/\/labestiadeportiva.com\/lbd\/?p=36072"},"modified":"2020-07-16T19:27:26","modified_gmt":"2020-07-16T22:27:26","slug":"necesitamos-el-compromiso-de-la-gente-para-seguir-con-este-esfuerzo-de-distanciamiento-y-cuidado-personal-audio","status":"publish","type":"post","link":"https:\/\/labestiadeportiva.com\/lbd\/necesitamos-el-compromiso-de-la-gente-para-seguir-con-este-esfuerzo-de-distanciamiento-y-cuidado-personal-audio\/","title":{"rendered":"\u00abNecesitamos el compromiso de la gente para seguir con este esfuerzo de distanciamiento y cuidado personal\u00bb (Audio)"},"content":{"rendered":"<p><a href=\"http:\/\/labestiadeportiva.com\/lbd\/wp-content\/uploads\/2020\/07\/FB_IMG_1594936947176.jpg\"><img loading=\"lazy\" src=\"http:\/\/labestiadeportiva.com\/lbd\/wp-content\/uploads\/2020\/07\/FB_IMG_1594936947176-246x300.jpg\" alt=\"FB_IMG_1594936947176\" width=\"246\" height=\"300\" class=\"aligncenter size-medium wp-image-36073\" srcset=\"https:\/\/labestiadeportiva.com\/lbd\/wp-content\/uploads\/2020\/07\/FB_IMG_1594936947176-246x300.jpg 246w, https:\/\/labestiadeportiva.com\/lbd\/wp-content\/uploads\/2020\/07\/FB_IMG_1594936947176.jpg 390w\" sizes=\"(max-width: 246px) 100vw, 246px\" \/><\/a><br \/>\nEn las \u00faltimas horas GDS confirm\u00f3 que el pr\u00f3ximo domingo al mediod\u00eda abrir\u00e1 las puertas de la pista municipal de patinaje sobre hielo Carlos \u00abTachuela\u00bb Oyarz\u00fan. Se mantendr\u00e1n los valores de alquiler del invierno pasado. Los detalles a tener en cuenta en la entrevista lograda este jueves con el encargado de pista Nicol\u00e1s Badaracco, por la 100.1 Radio Provincia.<!--more--><\/p>\n<p>https:\/\/youtu.be\/1arIZKf4axk<\/p>\n<div class='epvc-post-count'><span class='epvc-eye'><\/span>  <span class=\"epvc-count\"> 1.139<\/span><span class='epvc-label'> veces le\u00edda<\/span><\/div>\n<div class=\"jwsharethis\">\nShare this: \n<br \/>\n<a href=\"mailto:?subject=%C2%ABNecesitamos%20el%20compromiso%20de%20la%20gente%20para%20seguir%20con%20este%20esfuerzo%20de%20distanciamiento%20y%20cuidado%20personal%C2%BB%20%28Audio%29&amp;body=https%3A%2F%2Flabestiadeportiva.com%2Flbd%2Fnecesitamos-el-compromiso-de-la-gente-para-seguir-con-este-esfuerzo-de-distanciamiento-y-cuidado-personal-audio%2F\">\n<img src=\"https:\/\/labestiadeportiva.com\/lbd\/wp-content\/plugins\/jw-share-this\/email.png\" alt=\"Share this page via Email\" \/>\n<\/a>\n<a target=\"_blank\" href=\"http:\/\/www.stumbleupon.com\/submit?url=https%3A%2F%2Flabestiadeportiva.com%2Flbd%2Fnecesitamos-el-compromiso-de-la-gente-para-seguir-con-este-esfuerzo-de-distanciamiento-y-cuidado-personal-audio%2F&amp;title=%C2%ABNecesitamos+el+compromiso+de+la+gente+para+seguir+con+este+esfuerzo+de+distanciamiento+y+cuidado+personal%C2%BB+%28Audio%29\">\n<img src=\"https:\/\/labestiadeportiva.com\/lbd\/wp-content\/plugins\/jw-share-this\/su.png\" alt=\"Share this page via Stumble Upon\" \/>\n<\/a>\n<a target=\"_blank\" href=\"http:\/\/digg.com\/submit?url=https%3A%2F%2Flabestiadeportiva.com%2Flbd%2Fnecesitamos-el-compromiso-de-la-gente-para-seguir-con-este-esfuerzo-de-distanciamiento-y-cuidado-personal-audio%2F&amp;title=%C2%ABNecesitamos+el+compromiso+de+la+gente+para+seguir+con+este+esfuerzo+de+distanciamiento+y+cuidado+personal%C2%BB+%28Audio%29\">\n<img src=\"https:\/\/labestiadeportiva.com\/lbd\/wp-content\/plugins\/jw-share-this\/digg.png\" alt=\"Share this page via Digg this\" \/>\n<\/a>\n<a target=\"_blank\" href=\"http:\/\/www.facebook.com\/sharer.php?u=https%3A%2F%2Flabestiadeportiva.com%2Flbd%2Fnecesitamos-el-compromiso-de-la-gente-para-seguir-con-este-esfuerzo-de-distanciamiento-y-cuidado-personal-audio%2F&amp;t=%C2%ABNecesitamos+el+compromiso+de+la+gente+para+seguir+con+este+esfuerzo+de+distanciamiento+y+cuidado+personal%C2%BB+%28Audio%29\">\n<img src=\"https:\/\/labestiadeportiva.com\/lbd\/wp-content\/plugins\/jw-share-this\/fb.png\" alt=\"Share this page via Facebook\" \/>\n<\/a>\n<a target=\"_blank\" href=\"http:\/\/twitter.com\/intent\/tweet?text=I+like+https%3A%2F%2Flabestiadeportiva.com%2Flbd%2Fnecesitamos-el-compromiso-de-la-gente-para-seguir-con-este-esfuerzo-de-distanciamiento-y-cuidado-personal-audio%2F&amp;title=%C2%ABNecesitamos+el+compromiso+de+la+gente+para+seguir+con+este+esfuerzo+de+distanciamiento+y+cuidado+personal%C2%BB+%28Audio%29\">\n<img src=\"https:\/\/labestiadeportiva.com\/lbd\/wp-content\/plugins\/jw-share-this\/twitter.png\" alt=\"Share this page via Twitter\" \/>\n<\/a>\n<\/div>\n","protected":false},"excerpt":{"rendered":"<p>En las \u00faltimas horas GDS confirm\u00f3 que el pr\u00f3ximo domingo al mediod\u00eda abrir\u00e1 las puertas de la pista municipal de patinaje sobre hielo Carlos \u00abTachuela\u00bb Oyarz\u00fan. Se mantendr\u00e1n los valores de alquiler del invierno pasado. Los detalles a tener en cuenta en la entrevista lograda este jueves con el encargado de pista Nicol\u00e1s Badaracco, por &hellip; <a href=\"https:\/\/labestiadeportiva.com\/lbd\/necesitamos-el-compromiso-de-la-gente-para-seguir-con-este-esfuerzo-de-distanciamiento-y-cuidado-personal-audio\/\" class=\"more-link\">Seguir leyendo <span class=\"screen-reader-text\">\u00abNecesitamos el compromiso de la gente para seguir con este esfuerzo de distanciamiento y cuidado personal\u00bb (Audio)<\/span> <span class=\"meta-nav\">&rarr;<\/span><\/a><\/p>\n","protected":false},"author":1,"featured_media":36073,"comment_status":"open","ping_status":"open","sticky":false,"template":"","format":"standard","meta":[],"categories":[5,41,60,1,3592],"tags":[3924,4242,3227,2124],"_links":{"self":[{"href":"https:\/\/labestiadeportiva.com\/lbd\/wp-json\/wp\/v2\/posts\/36072"}],"collection":[{"href":"https:\/\/labestiadeportiva.com\/lbd\/wp-json\/wp\/v2\/posts"}],"about":[{"href":"https:\/\/labestiadeportiva.com\/lbd\/wp-json\/wp\/v2\/types\/post"}],"author":[{"embeddable":true,"href":"https:\/\/labestiadeportiva.com\/lbd\/wp-json\/wp\/v2\/users\/1"}],"replies":[{"embeddable":true,"href":"https:\/\/labestiadeportiva.com\/lbd\/wp-json\/wp\/v2\/comments?post=36072"}],"version-history":[{"count":1,"href":"https:\/\/labestiadeportiva.com\/lbd\/wp-json\/wp\/v2\/posts\/36072\/revisions"}],"predecessor-version":[{"id":36075,"href":"https:\/\/labestiadeportiva.com\/lbd\/wp-json\/wp\/v2\/posts\/36072\/revisions\/36075"}],"wp:featuredmedia":[{"embeddable":true,"href":"https:\/\/labestiadeportiva.com\/lbd\/wp-json\/wp\/v2\/media\/36073"}],"wp:attachment":[{"href":"https:\/\/labestiadeportiva.com\/lbd\/wp-json\/wp\/v2\/media?parent=36072"}],"wp:term":[{"taxonomy":"category","embeddable":true,"href":"https:\/\/labestiadeportiva.com\/lbd\/wp-json\/wp\/v2\/categories?post=36072"},{"taxonomy":"post_tag","embeddable":true,"href":"https:\/\/labestiadeportiva.com\/lbd\/wp-json\/wp\/v2\/tags?post=36072"}],"curies":[{"name":"wp","href":"https:\/\/api.w.org\/{rel}","templated":true}]}}