{"id":36458,"date":"2020-09-11T11:01:57","date_gmt":"2020-09-11T14:01:57","guid":{"rendered":"http:\/\/labestiadeportiva.com\/lbd\/?p=36458"},"modified":"2020-09-11T11:01:57","modified_gmt":"2020-09-11T14:01:57","slug":"bielsa-sigue-en-el-leeds","status":"publish","type":"post","link":"https:\/\/labestiadeportiva.com\/lbd\/bielsa-sigue-en-el-leeds\/","title":{"rendered":"Bielsa sigue en el Leeds"},"content":{"rendered":"<p>Por Javier Nicol\u00e1s Baroli (Corresponsal LBD en R\u00edo Gallegos)<\/p>\n<p><a href=\"http:\/\/labestiadeportiva.com\/lbd\/wp-content\/uploads\/2020\/09\/IMG-20200911-WA0008.jpg\"><img loading=\"lazy\" src=\"http:\/\/labestiadeportiva.com\/lbd\/wp-content\/uploads\/2020\/09\/IMG-20200911-WA0008-300x225.jpg\" alt=\"IMG-20200911-WA0008\" width=\"300\" height=\"225\" class=\"aligncenter size-medium wp-image-36459\" srcset=\"https:\/\/labestiadeportiva.com\/lbd\/wp-content\/uploads\/2020\/09\/IMG-20200911-WA0008-300x225.jpg 300w, https:\/\/labestiadeportiva.com\/lbd\/wp-content\/uploads\/2020\/09\/IMG-20200911-WA0008-1024x768.jpg 1024w, https:\/\/labestiadeportiva.com\/lbd\/wp-content\/uploads\/2020\/09\/IMG-20200911-WA0008.jpg 1200w\" sizes=\"(max-width: 300px) 100vw, 300px\" \/><\/a><br \/>\nEn la vispera del debut del Leeds del \u00abLoco\u00bb en la Premier League, nada m\u00e1s y nada menos que ante el Liverpool, desde la entidad confirmaron la continuidad del Argentino por un a\u00f1o m\u00e1s.<!--more--><\/p>\n<p>Exc\u00e9ntrico, amado y odiado. El loco seguir\u00e1 en Inglaterra y este s\u00e1bado debutar\u00e1 en le \u00e9lite de dicha liga. La temporada pasada, la del ascenso, el club gan\u00f3 el t\u00edtulo del Championship (Segunda divisi\u00f3n inglesa) por un margen de diez puntos y en las \u00faltimas horas lleg\u00f3 el anuncio oficial.<\/p>\n<p>El debut en primera no ser\u00e1 sencillo. El conjunto reci\u00e9n ascendido\u00a0visitar\u00e1 a Liverpool, en Anfield, el pr\u00f3ximo s\u00e1bado 12 de septiembre a partir de las 13.30, hora de Argentina y ser\u00e1 televisado por ESPN.<\/p>\n<p>El equipo del Argentino pudo reforzarse con jugadores de calidad por lo que el mismo entrenador se\u00f1al\u00f3 estar \u00abconforme\u00bb ya que se abrocho la llegada del delantero espa\u00f1ol Rodrigo Moreno por 33 millones de Euros y el defensor Robin Koch.<\/p>\n<p>Un nuevo sue\u00f1o y una nueva \u00ablocura\u00bb de Bielsa comienza este s\u00e1bado y la mitad m\u00e1s uno de un pa\u00eds estar\u00e1 esperando que el debut sea con una merecida victoria.<\/p>\n<div class='epvc-post-count'><span class='epvc-eye'><\/span>  <span class=\"epvc-count\"> 934<\/span><span class='epvc-label'> veces le\u00edda<\/span><\/div>\n<div class=\"jwsharethis\">\nShare this: \n<br \/>\n<a href=\"mailto:?subject=Bielsa%20sigue%20en%20el%20Leeds&amp;body=https%3A%2F%2Flabestiadeportiva.com%2Flbd%2Fbielsa-sigue-en-el-leeds%2F\">\n<img src=\"https:\/\/labestiadeportiva.com\/lbd\/wp-content\/plugins\/jw-share-this\/email.png\" alt=\"Share this page via Email\" \/>\n<\/a>\n<a target=\"_blank\" href=\"http:\/\/www.stumbleupon.com\/submit?url=https%3A%2F%2Flabestiadeportiva.com%2Flbd%2Fbielsa-sigue-en-el-leeds%2F&amp;title=Bielsa+sigue+en+el+Leeds\">\n<img src=\"https:\/\/labestiadeportiva.com\/lbd\/wp-content\/plugins\/jw-share-this\/su.png\" alt=\"Share this page via Stumble Upon\" \/>\n<\/a>\n<a target=\"_blank\" href=\"http:\/\/digg.com\/submit?url=https%3A%2F%2Flabestiadeportiva.com%2Flbd%2Fbielsa-sigue-en-el-leeds%2F&amp;title=Bielsa+sigue+en+el+Leeds\">\n<img src=\"https:\/\/labestiadeportiva.com\/lbd\/wp-content\/plugins\/jw-share-this\/digg.png\" alt=\"Share this page via Digg this\" \/>\n<\/a>\n<a target=\"_blank\" href=\"http:\/\/www.facebook.com\/sharer.php?u=https%3A%2F%2Flabestiadeportiva.com%2Flbd%2Fbielsa-sigue-en-el-leeds%2F&amp;t=Bielsa+sigue+en+el+Leeds\">\n<img src=\"https:\/\/labestiadeportiva.com\/lbd\/wp-content\/plugins\/jw-share-this\/fb.png\" alt=\"Share this page via Facebook\" \/>\n<\/a>\n<a target=\"_blank\" href=\"http:\/\/twitter.com\/intent\/tweet?text=I+like+https%3A%2F%2Flabestiadeportiva.com%2Flbd%2Fbielsa-sigue-en-el-leeds%2F&amp;title=Bielsa+sigue+en+el+Leeds\">\n<img src=\"https:\/\/labestiadeportiva.com\/lbd\/wp-content\/plugins\/jw-share-this\/twitter.png\" alt=\"Share this page via Twitter\" \/>\n<\/a>\n<\/div>\n","protected":false},"excerpt":{"rendered":"<p>Por Javier Nicol\u00e1s Baroli (Corresponsal LBD en R\u00edo Gallegos) En la vispera del debut del Leeds del \u00abLoco\u00bb en la Premier League, nada m\u00e1s y nada menos que ante el Liverpool, desde la entidad confirmaron la continuidad del Argentino por un a\u00f1o m\u00e1s. 934 veces le\u00edda Share this:<\/p>\n","protected":false},"author":1,"featured_media":36459,"comment_status":"open","ping_status":"open","sticky":false,"template":"","format":"standard","meta":[],"categories":[4,14,4281,1],"tags":[4245,17,4244,3660],"_links":{"self":[{"href":"https:\/\/labestiadeportiva.com\/lbd\/wp-json\/wp\/v2\/posts\/36458"}],"collection":[{"href":"https:\/\/labestiadeportiva.com\/lbd\/wp-json\/wp\/v2\/posts"}],"about":[{"href":"https:\/\/labestiadeportiva.com\/lbd\/wp-json\/wp\/v2\/types\/post"}],"author":[{"embeddable":true,"href":"https:\/\/labestiadeportiva.com\/lbd\/wp-json\/wp\/v2\/users\/1"}],"replies":[{"embeddable":true,"href":"https:\/\/labestiadeportiva.com\/lbd\/wp-json\/wp\/v2\/comments?post=36458"}],"version-history":[{"count":1,"href":"https:\/\/labestiadeportiva.com\/lbd\/wp-json\/wp\/v2\/posts\/36458\/revisions"}],"predecessor-version":[{"id":36461,"href":"https:\/\/labestiadeportiva.com\/lbd\/wp-json\/wp\/v2\/posts\/36458\/revisions\/36461"}],"wp:featuredmedia":[{"embeddable":true,"href":"https:\/\/labestiadeportiva.com\/lbd\/wp-json\/wp\/v2\/media\/36459"}],"wp:attachment":[{"href":"https:\/\/labestiadeportiva.com\/lbd\/wp-json\/wp\/v2\/media?parent=36458"}],"wp:term":[{"taxonomy":"category","embeddable":true,"href":"https:\/\/labestiadeportiva.com\/lbd\/wp-json\/wp\/v2\/categories?post=36458"},{"taxonomy":"post_tag","embeddable":true,"href":"https:\/\/labestiadeportiva.com\/lbd\/wp-json\/wp\/v2\/tags?post=36458"}],"curies":[{"name":"wp","href":"https:\/\/api.w.org\/{rel}","templated":true}]}}