{"id":36462,"date":"2020-09-11T18:55:18","date_gmt":"2020-09-11T21:55:18","guid":{"rendered":"http:\/\/labestiadeportiva.com\/lbd\/?p=36462"},"modified":"2020-09-11T18:55:18","modified_gmt":"2020-09-11T21:55:18","slug":"esta-todo-encaminado-hay-que-esperar-la-confirmacion-oficial-audio","status":"publish","type":"post","link":"https:\/\/labestiadeportiva.com\/lbd\/esta-todo-encaminado-hay-que-esperar-la-confirmacion-oficial-audio\/","title":{"rendered":"\u00abEst\u00e1 todo encaminado, hay que esperar la confirmaci\u00f3n oficial\u00bb (Audio)"},"content":{"rendered":"<p><a href=\"http:\/\/labestiadeportiva.com\/lbd\/wp-content\/uploads\/2020\/09\/FB_IMG_1599845123430.jpg\"><img loading=\"lazy\" src=\"http:\/\/labestiadeportiva.com\/lbd\/wp-content\/uploads\/2020\/09\/FB_IMG_1599845123430-258x300.jpg\" alt=\"FB_IMG_1599845123430\" width=\"258\" height=\"300\" class=\"aligncenter size-medium wp-image-36463\" srcset=\"https:\/\/labestiadeportiva.com\/lbd\/wp-content\/uploads\/2020\/09\/FB_IMG_1599845123430-258x300.jpg 258w, https:\/\/labestiadeportiva.com\/lbd\/wp-content\/uploads\/2020\/09\/FB_IMG_1599845123430.jpg 716w\" sizes=\"(max-width: 258px) 100vw, 258px\" \/><\/a><br \/>\nInminente reapertura para los gimnasios privados riograndenses. Ser\u00e1 solo para los lugares de musculaci\u00f3n y fitness con turnos y protocolo. Desde LBD dialogamos con el profesor Germ\u00e1n N\u00fa\u00f1ez, responsable de Personal Gim, en busca de detalles. Compartimos la entrevista lograda este viernes en la 94.1 FM del Sur.<!--more--><\/p>\n<p>https:\/\/youtu.be\/9UT_RvKZ3fg<\/p>\n<div class='epvc-post-count'><span class='epvc-eye'><\/span>  <span class=\"epvc-count\"> 1.154<\/span><span class='epvc-label'> veces le\u00edda<\/span><\/div>\n<div class=\"jwsharethis\">\nShare this: \n<br \/>\n<a href=\"mailto:?subject=%C2%ABEst%C3%A1%20todo%20encaminado%2C%20hay%20que%20esperar%20la%20confirmaci%C3%B3n%20oficial%C2%BB%20%28Audio%29&amp;body=https%3A%2F%2Flabestiadeportiva.com%2Flbd%2Festa-todo-encaminado-hay-que-esperar-la-confirmacion-oficial-audio%2F\">\n<img src=\"https:\/\/labestiadeportiva.com\/lbd\/wp-content\/plugins\/jw-share-this\/email.png\" alt=\"Share this page via Email\" \/>\n<\/a>\n<a target=\"_blank\" href=\"http:\/\/www.stumbleupon.com\/submit?url=https%3A%2F%2Flabestiadeportiva.com%2Flbd%2Festa-todo-encaminado-hay-que-esperar-la-confirmacion-oficial-audio%2F&amp;title=%C2%ABEst%C3%A1+todo+encaminado%2C+hay+que+esperar+la+confirmaci%C3%B3n+oficial%C2%BB+%28Audio%29\">\n<img src=\"https:\/\/labestiadeportiva.com\/lbd\/wp-content\/plugins\/jw-share-this\/su.png\" alt=\"Share this page via Stumble Upon\" \/>\n<\/a>\n<a target=\"_blank\" href=\"http:\/\/digg.com\/submit?url=https%3A%2F%2Flabestiadeportiva.com%2Flbd%2Festa-todo-encaminado-hay-que-esperar-la-confirmacion-oficial-audio%2F&amp;title=%C2%ABEst%C3%A1+todo+encaminado%2C+hay+que+esperar+la+confirmaci%C3%B3n+oficial%C2%BB+%28Audio%29\">\n<img src=\"https:\/\/labestiadeportiva.com\/lbd\/wp-content\/plugins\/jw-share-this\/digg.png\" alt=\"Share this page via Digg this\" \/>\n<\/a>\n<a target=\"_blank\" href=\"http:\/\/www.facebook.com\/sharer.php?u=https%3A%2F%2Flabestiadeportiva.com%2Flbd%2Festa-todo-encaminado-hay-que-esperar-la-confirmacion-oficial-audio%2F&amp;t=%C2%ABEst%C3%A1+todo+encaminado%2C+hay+que+esperar+la+confirmaci%C3%B3n+oficial%C2%BB+%28Audio%29\">\n<img src=\"https:\/\/labestiadeportiva.com\/lbd\/wp-content\/plugins\/jw-share-this\/fb.png\" alt=\"Share this page via Facebook\" \/>\n<\/a>\n<a target=\"_blank\" href=\"http:\/\/twitter.com\/intent\/tweet?text=I+like+https%3A%2F%2Flabestiadeportiva.com%2Flbd%2Festa-todo-encaminado-hay-que-esperar-la-confirmacion-oficial-audio%2F&amp;title=%C2%ABEst%C3%A1+todo+encaminado%2C+hay+que+esperar+la+confirmaci%C3%B3n+oficial%C2%BB+%28Audio%29\">\n<img src=\"https:\/\/labestiadeportiva.com\/lbd\/wp-content\/plugins\/jw-share-this\/twitter.png\" alt=\"Share this page via Twitter\" \/>\n<\/a>\n<\/div>\n","protected":false},"excerpt":{"rendered":"<p>Inminente reapertura para los gimnasios privados riograndenses. Ser\u00e1 solo para los lugares de musculaci\u00f3n y fitness con turnos y protocolo. Desde LBD dialogamos con el profesor Germ\u00e1n N\u00fa\u00f1ez, responsable de Personal Gim, en busca de detalles. Compartimos la entrevista lograda este viernes en la 94.1 FM del Sur. 1.154 veces le\u00edda Share this:<\/p>\n","protected":false},"author":1,"featured_media":36463,"comment_status":"open","ping_status":"open","sticky":false,"template":"","format":"standard","meta":[],"categories":[5,60,1],"tags":[4282,3660,3495,4215],"_links":{"self":[{"href":"https:\/\/labestiadeportiva.com\/lbd\/wp-json\/wp\/v2\/posts\/36462"}],"collection":[{"href":"https:\/\/labestiadeportiva.com\/lbd\/wp-json\/wp\/v2\/posts"}],"about":[{"href":"https:\/\/labestiadeportiva.com\/lbd\/wp-json\/wp\/v2\/types\/post"}],"author":[{"embeddable":true,"href":"https:\/\/labestiadeportiva.com\/lbd\/wp-json\/wp\/v2\/users\/1"}],"replies":[{"embeddable":true,"href":"https:\/\/labestiadeportiva.com\/lbd\/wp-json\/wp\/v2\/comments?post=36462"}],"version-history":[{"count":1,"href":"https:\/\/labestiadeportiva.com\/lbd\/wp-json\/wp\/v2\/posts\/36462\/revisions"}],"predecessor-version":[{"id":36465,"href":"https:\/\/labestiadeportiva.com\/lbd\/wp-json\/wp\/v2\/posts\/36462\/revisions\/36465"}],"wp:featuredmedia":[{"embeddable":true,"href":"https:\/\/labestiadeportiva.com\/lbd\/wp-json\/wp\/v2\/media\/36463"}],"wp:attachment":[{"href":"https:\/\/labestiadeportiva.com\/lbd\/wp-json\/wp\/v2\/media?parent=36462"}],"wp:term":[{"taxonomy":"category","embeddable":true,"href":"https:\/\/labestiadeportiva.com\/lbd\/wp-json\/wp\/v2\/categories?post=36462"},{"taxonomy":"post_tag","embeddable":true,"href":"https:\/\/labestiadeportiva.com\/lbd\/wp-json\/wp\/v2\/tags?post=36462"}],"curies":[{"name":"wp","href":"https:\/\/api.w.org\/{rel}","templated":true}]}}