{"id":36510,"date":"2020-09-23T10:17:52","date_gmt":"2020-09-23T13:17:52","guid":{"rendered":"http:\/\/labestiadeportiva.com\/lbd\/?p=36510"},"modified":"2020-09-23T10:17:52","modified_gmt":"2020-09-23T13:17:52","slug":"la-banda-sigue-tocando","status":"publish","type":"post","link":"https:\/\/labestiadeportiva.com\/lbd\/la-banda-sigue-tocando\/","title":{"rendered":"La \u00abBanda\u00bb sigue tocando"},"content":{"rendered":"<p>Por Javier Nicol\u00e1s Baroli (Corresponsal LBD en R\u00edo Gallegos)<\/p>\n<p><a href=\"http:\/\/labestiadeportiva.com\/lbd\/wp-content\/uploads\/2020\/09\/IMG-20200923-WA0011.jpg\"><img loading=\"lazy\" src=\"http:\/\/labestiadeportiva.com\/lbd\/wp-content\/uploads\/2020\/09\/IMG-20200923-WA0011-300x200.jpg\" alt=\"IMG-20200923-WA0011\" width=\"300\" height=\"200\" class=\"aligncenter size-medium wp-image-36511\" srcset=\"https:\/\/labestiadeportiva.com\/lbd\/wp-content\/uploads\/2020\/09\/IMG-20200923-WA0011-300x200.jpg 300w, https:\/\/labestiadeportiva.com\/lbd\/wp-content\/uploads\/2020\/09\/IMG-20200923-WA0011.jpg 380w\" sizes=\"(max-width: 300px) 100vw, 300px\" \/><\/a><br \/>\nDe principio a fin, River super\u00f3 sin dificultades a Binacional por una nueva fecha de la Copa Libertadores de Am\u00e9rica. Fue 6 a 0 y se acomoda segundo en su grupo. <!--more--><\/p>\n<p>Una noche a pedir de Marcelo Gallardo. Domin\u00f3 los 90 minutos y por si fuera poco, recupero a un goleador como Lucas Pratto quien ingres\u00f3 y marc\u00f3 dos goles. Previo a los goles del \u00abOso\u00bb, hab\u00edan marcado De la Cruz, Su\u00e1rez, \u00c1lvarez y \u00abNacho\u00bb Fern\u00e1ndez en una presentaci\u00f3n que dejo en evidencia que el parate por la pandemia, es parte del pasado para el \u00abMillonario\u00bb.<\/p>\n<p>Si bien en frente tuvo a un rivel de nivel inferior al Argentino, River mostr\u00f3 que el ADN Gallardo est\u00e1 intacto. <\/p>\n<p>Presi\u00f3n asfixiante en toda la cancha, recuperaci\u00f3n r\u00e1pida, un equipo ultra ofensivo, con dos laterales jugando casi de extremos los 90 minutos, el equilibrio de Enzo P\u00e9rez y \u00abNacho\u00bb Fern\u00e1ndez mas la explosi\u00f3n de Su\u00e1rez y Borre. <\/p>\n<p>Un equipo que se mostr\u00f3 con la misma noci\u00f3n de juego que lo llevo a ser campe\u00f3n de Am\u00e9rica y estar entre los equipos m\u00e1s reconocidos a nivel mundial.<\/p>\n<p>El pr\u00f3ximo 30 del corriente mes, River recibir\u00e1 a San Pablo en Avellaneda, jugar\u00e1 de local en cancha de Independiente por remodelaciones en el monumental, con la posibilidad concreta de comenzar a sentenciar su pase a Octavos de Final, ya que un resultado positivo le permitir\u00eda tomar una luz de diferencia de 5 puntos a falta de 6 por jugar.<\/p>\n<p>La \u00abBanda\u00bb sigue tocando con el mejor director de orquesta de los \u00faltimos a\u00f1os, Marcelo Gallardo.<\/p>\n<div class='epvc-post-count'><span class='epvc-eye'><\/span>  <span class=\"epvc-count\"> 1.251<\/span><span class='epvc-label'> veces le\u00edda<\/span><\/div>\n<div class=\"jwsharethis\">\nShare this: \n<br \/>\n<a href=\"mailto:?subject=La%20%C2%ABBanda%C2%BB%20sigue%20tocando&amp;body=https%3A%2F%2Flabestiadeportiva.com%2Flbd%2Fla-banda-sigue-tocando%2F\">\n<img src=\"https:\/\/labestiadeportiva.com\/lbd\/wp-content\/plugins\/jw-share-this\/email.png\" alt=\"Share this page via Email\" \/>\n<\/a>\n<a target=\"_blank\" href=\"http:\/\/www.stumbleupon.com\/submit?url=https%3A%2F%2Flabestiadeportiva.com%2Flbd%2Fla-banda-sigue-tocando%2F&amp;title=La+%C2%ABBanda%C2%BB+sigue+tocando\">\n<img src=\"https:\/\/labestiadeportiva.com\/lbd\/wp-content\/plugins\/jw-share-this\/su.png\" alt=\"Share this page via Stumble Upon\" \/>\n<\/a>\n<a target=\"_blank\" href=\"http:\/\/digg.com\/submit?url=https%3A%2F%2Flabestiadeportiva.com%2Flbd%2Fla-banda-sigue-tocando%2F&amp;title=La+%C2%ABBanda%C2%BB+sigue+tocando\">\n<img src=\"https:\/\/labestiadeportiva.com\/lbd\/wp-content\/plugins\/jw-share-this\/digg.png\" alt=\"Share this page via Digg this\" \/>\n<\/a>\n<a target=\"_blank\" href=\"http:\/\/www.facebook.com\/sharer.php?u=https%3A%2F%2Flabestiadeportiva.com%2Flbd%2Fla-banda-sigue-tocando%2F&amp;t=La+%C2%ABBanda%C2%BB+sigue+tocando\">\n<img src=\"https:\/\/labestiadeportiva.com\/lbd\/wp-content\/plugins\/jw-share-this\/fb.png\" alt=\"Share this page via Facebook\" \/>\n<\/a>\n<a target=\"_blank\" href=\"http:\/\/twitter.com\/intent\/tweet?text=I+like+https%3A%2F%2Flabestiadeportiva.com%2Flbd%2Fla-banda-sigue-tocando%2F&amp;title=La+%C2%ABBanda%C2%BB+sigue+tocando\">\n<img src=\"https:\/\/labestiadeportiva.com\/lbd\/wp-content\/plugins\/jw-share-this\/twitter.png\" alt=\"Share this page via Twitter\" \/>\n<\/a>\n<\/div>\n","protected":false},"excerpt":{"rendered":"<p>Por Javier Nicol\u00e1s Baroli (Corresponsal LBD en R\u00edo Gallegos) De principio a fin, River super\u00f3 sin dificultades a Binacional por una nueva fecha de la Copa Libertadores de Am\u00e9rica. Fue 6 a 0 y se acomoda segundo en su grupo. 1.251 veces le\u00edda Share this:<\/p>\n","protected":false},"author":1,"featured_media":36511,"comment_status":"open","ping_status":"open","sticky":false,"template":"","format":"standard","meta":[],"categories":[4,2292,1],"tags":[465,17,3660,1208],"_links":{"self":[{"href":"https:\/\/labestiadeportiva.com\/lbd\/wp-json\/wp\/v2\/posts\/36510"}],"collection":[{"href":"https:\/\/labestiadeportiva.com\/lbd\/wp-json\/wp\/v2\/posts"}],"about":[{"href":"https:\/\/labestiadeportiva.com\/lbd\/wp-json\/wp\/v2\/types\/post"}],"author":[{"embeddable":true,"href":"https:\/\/labestiadeportiva.com\/lbd\/wp-json\/wp\/v2\/users\/1"}],"replies":[{"embeddable":true,"href":"https:\/\/labestiadeportiva.com\/lbd\/wp-json\/wp\/v2\/comments?post=36510"}],"version-history":[{"count":1,"href":"https:\/\/labestiadeportiva.com\/lbd\/wp-json\/wp\/v2\/posts\/36510\/revisions"}],"predecessor-version":[{"id":36512,"href":"https:\/\/labestiadeportiva.com\/lbd\/wp-json\/wp\/v2\/posts\/36510\/revisions\/36512"}],"wp:featuredmedia":[{"embeddable":true,"href":"https:\/\/labestiadeportiva.com\/lbd\/wp-json\/wp\/v2\/media\/36511"}],"wp:attachment":[{"href":"https:\/\/labestiadeportiva.com\/lbd\/wp-json\/wp\/v2\/media?parent=36510"}],"wp:term":[{"taxonomy":"category","embeddable":true,"href":"https:\/\/labestiadeportiva.com\/lbd\/wp-json\/wp\/v2\/categories?post=36510"},{"taxonomy":"post_tag","embeddable":true,"href":"https:\/\/labestiadeportiva.com\/lbd\/wp-json\/wp\/v2\/tags?post=36510"}],"curies":[{"name":"wp","href":"https:\/\/api.w.org\/{rel}","templated":true}]}}