{"id":36799,"date":"2020-11-11T20:35:39","date_gmt":"2020-11-11T23:35:39","guid":{"rendered":"http:\/\/labestiadeportiva.com\/lbd\/?p=36799"},"modified":"2020-11-11T20:41:12","modified_gmt":"2020-11-11T23:41:12","slug":"vamos-a-entrenar-sabado-y-domingo-por-turnos-manana-y-tarde-audio","status":"publish","type":"post","link":"https:\/\/labestiadeportiva.com\/lbd\/vamos-a-entrenar-sabado-y-domingo-por-turnos-manana-y-tarde-audio\/","title":{"rendered":"\u00abVamos a entrenar s\u00e1bado y domingo, por turnos, ma\u00f1ana y tarde\u00bb (Audio)"},"content":{"rendered":"<p><a href=\"http:\/\/labestiadeportiva.com\/lbd\/wp-content\/uploads\/2020\/11\/FB_IMG_1605124960197.jpg\"><img loading=\"lazy\" src=\"http:\/\/labestiadeportiva.com\/lbd\/wp-content\/uploads\/2020\/11\/FB_IMG_1605124960197-155x300.jpg\" alt=\"FB_IMG_1605124960197\" width=\"155\" height=\"300\" class=\"aligncenter size-medium wp-image-36800\" srcset=\"https:\/\/labestiadeportiva.com\/lbd\/wp-content\/uploads\/2020\/11\/FB_IMG_1605124960197-155x300.jpg 155w, https:\/\/labestiadeportiva.com\/lbd\/wp-content\/uploads\/2020\/11\/FB_IMG_1605124960197.jpg 187w\" sizes=\"(max-width: 155px) 100vw, 155px\" \/><\/a><br \/>\nEl pr\u00f3ximo fin de semana ACTCF, APAP y Autom\u00f3vil Club RG organizar\u00e1n pruebas libres en el aut\u00f3dromo ubicado en el norte de la isla. <\/p>\n<p>Desde LBD nos contactamos con el dirigente Hugo Valdes en busca de detalles. <\/p>\n<p>Est\u00e1 casi descartada la participaci\u00f3n de autos y pilotos capitalinos.<\/p>\n<p>Compartimos la entrevista lograda este mi\u00e9rcoles en la 94.1 FM del Sur.<!--more--><\/p>\n<p>https:\/\/youtu.be\/sSu5kxHrXeA<\/p>\n<div class='epvc-post-count'><span class='epvc-eye'><\/span>  <span class=\"epvc-count\"> 1.058<\/span><span class='epvc-label'> veces le\u00edda<\/span><\/div>\n<div class=\"jwsharethis\">\nShare this: \n<br \/>\n<a href=\"mailto:?subject=%C2%ABVamos%20a%20entrenar%20s%C3%A1bado%20y%20domingo%2C%20por%20turnos%2C%20ma%C3%B1ana%20y%20tarde%C2%BB%20%28Audio%29&amp;body=https%3A%2F%2Flabestiadeportiva.com%2Flbd%2Fvamos-a-entrenar-sabado-y-domingo-por-turnos-manana-y-tarde-audio%2F\">\n<img src=\"https:\/\/labestiadeportiva.com\/lbd\/wp-content\/plugins\/jw-share-this\/email.png\" alt=\"Share this page via Email\" \/>\n<\/a>\n<a target=\"_blank\" href=\"http:\/\/www.stumbleupon.com\/submit?url=https%3A%2F%2Flabestiadeportiva.com%2Flbd%2Fvamos-a-entrenar-sabado-y-domingo-por-turnos-manana-y-tarde-audio%2F&amp;title=%C2%ABVamos+a+entrenar+s%C3%A1bado+y+domingo%2C+por+turnos%2C+ma%C3%B1ana+y+tarde%C2%BB+%28Audio%29\">\n<img src=\"https:\/\/labestiadeportiva.com\/lbd\/wp-content\/plugins\/jw-share-this\/su.png\" alt=\"Share this page via Stumble Upon\" \/>\n<\/a>\n<a target=\"_blank\" href=\"http:\/\/digg.com\/submit?url=https%3A%2F%2Flabestiadeportiva.com%2Flbd%2Fvamos-a-entrenar-sabado-y-domingo-por-turnos-manana-y-tarde-audio%2F&amp;title=%C2%ABVamos+a+entrenar+s%C3%A1bado+y+domingo%2C+por+turnos%2C+ma%C3%B1ana+y+tarde%C2%BB+%28Audio%29\">\n<img src=\"https:\/\/labestiadeportiva.com\/lbd\/wp-content\/plugins\/jw-share-this\/digg.png\" alt=\"Share this page via Digg this\" \/>\n<\/a>\n<a target=\"_blank\" href=\"http:\/\/www.facebook.com\/sharer.php?u=https%3A%2F%2Flabestiadeportiva.com%2Flbd%2Fvamos-a-entrenar-sabado-y-domingo-por-turnos-manana-y-tarde-audio%2F&amp;t=%C2%ABVamos+a+entrenar+s%C3%A1bado+y+domingo%2C+por+turnos%2C+ma%C3%B1ana+y+tarde%C2%BB+%28Audio%29\">\n<img src=\"https:\/\/labestiadeportiva.com\/lbd\/wp-content\/plugins\/jw-share-this\/fb.png\" alt=\"Share this page via Facebook\" \/>\n<\/a>\n<a target=\"_blank\" href=\"http:\/\/twitter.com\/intent\/tweet?text=I+like+https%3A%2F%2Flabestiadeportiva.com%2Flbd%2Fvamos-a-entrenar-sabado-y-domingo-por-turnos-manana-y-tarde-audio%2F&amp;title=%C2%ABVamos+a+entrenar+s%C3%A1bado+y+domingo%2C+por+turnos%2C+ma%C3%B1ana+y+tarde%C2%BB+%28Audio%29\">\n<img src=\"https:\/\/labestiadeportiva.com\/lbd\/wp-content\/plugins\/jw-share-this\/twitter.png\" alt=\"Share this page via Twitter\" \/>\n<\/a>\n<\/div>\n","protected":false},"excerpt":{"rendered":"<p>El pr\u00f3ximo fin de semana ACTCF, APAP y Autom\u00f3vil Club RG organizar\u00e1n pruebas libres en el aut\u00f3dromo ubicado en el norte de la isla. Desde LBD nos contactamos con el dirigente Hugo Valdes en busca de detalles. Est\u00e1 casi descartada la participaci\u00f3n de autos y pilotos capitalinos. Compartimos la entrevista lograda este mi\u00e9rcoles en la &hellip; <a href=\"https:\/\/labestiadeportiva.com\/lbd\/vamos-a-entrenar-sabado-y-domingo-por-turnos-manana-y-tarde-audio\/\" class=\"more-link\">Seguir leyendo <span class=\"screen-reader-text\">\u00abVamos a entrenar s\u00e1bado y domingo, por turnos, ma\u00f1ana y tarde\u00bb (Audio)<\/span> <span class=\"meta-nav\">&rarr;<\/span><\/a><\/p>\n","protected":false},"author":1,"featured_media":36800,"comment_status":"open","ping_status":"open","sticky":false,"template":"","format":"standard","meta":[],"categories":[2149,5,60,1],"tags":[4334,4838,4253,4335],"_links":{"self":[{"href":"https:\/\/labestiadeportiva.com\/lbd\/wp-json\/wp\/v2\/posts\/36799"}],"collection":[{"href":"https:\/\/labestiadeportiva.com\/lbd\/wp-json\/wp\/v2\/posts"}],"about":[{"href":"https:\/\/labestiadeportiva.com\/lbd\/wp-json\/wp\/v2\/types\/post"}],"author":[{"embeddable":true,"href":"https:\/\/labestiadeportiva.com\/lbd\/wp-json\/wp\/v2\/users\/1"}],"replies":[{"embeddable":true,"href":"https:\/\/labestiadeportiva.com\/lbd\/wp-json\/wp\/v2\/comments?post=36799"}],"version-history":[{"count":2,"href":"https:\/\/labestiadeportiva.com\/lbd\/wp-json\/wp\/v2\/posts\/36799\/revisions"}],"predecessor-version":[{"id":36802,"href":"https:\/\/labestiadeportiva.com\/lbd\/wp-json\/wp\/v2\/posts\/36799\/revisions\/36802"}],"wp:featuredmedia":[{"embeddable":true,"href":"https:\/\/labestiadeportiva.com\/lbd\/wp-json\/wp\/v2\/media\/36800"}],"wp:attachment":[{"href":"https:\/\/labestiadeportiva.com\/lbd\/wp-json\/wp\/v2\/media?parent=36799"}],"wp:term":[{"taxonomy":"category","embeddable":true,"href":"https:\/\/labestiadeportiva.com\/lbd\/wp-json\/wp\/v2\/categories?post=36799"},{"taxonomy":"post_tag","embeddable":true,"href":"https:\/\/labestiadeportiva.com\/lbd\/wp-json\/wp\/v2\/tags?post=36799"}],"curies":[{"name":"wp","href":"https:\/\/api.w.org\/{rel}","templated":true}]}}