{"id":36857,"date":"2020-11-19T00:43:27","date_gmt":"2020-11-19T03:43:27","guid":{"rendered":"http:\/\/labestiadeportiva.com\/lbd\/?p=36857"},"modified":"2020-11-19T10:51:19","modified_gmt":"2020-11-19T13:51:19","slug":"suspenden-la-lnb","status":"publish","type":"post","link":"https:\/\/labestiadeportiva.com\/lbd\/suspenden-la-lnb\/","title":{"rendered":"Suspenden la LNB"},"content":{"rendered":"<p>Por Javier Nicol\u00e1s Baroli (Corresponsal LBD en R\u00edo Gallegos) <\/p>\n<p><a href=\"http:\/\/labestiadeportiva.com\/lbd\/wp-content\/uploads\/2020\/11\/IMG-20201119-WA0001.jpg\"><img loading=\"lazy\" src=\"http:\/\/labestiadeportiva.com\/lbd\/wp-content\/uploads\/2020\/11\/IMG-20201119-WA0001-240x300.jpg\" alt=\"IMG-20201119-WA0001\" width=\"240\" height=\"300\" class=\"aligncenter size-medium wp-image-36858\" srcset=\"https:\/\/labestiadeportiva.com\/lbd\/wp-content\/uploads\/2020\/11\/IMG-20201119-WA0001-240x300.jpg 240w, https:\/\/labestiadeportiva.com\/lbd\/wp-content\/uploads\/2020\/11\/IMG-20201119-WA0001.jpg 465w\" sizes=\"(max-width: 240px) 100vw, 240px\" \/><\/a><br \/>\nPor pedido expreso del Ministro de Deportes Matias Lammens, se suspendi\u00f3 hasta nuevo aviso la Liga Nacional de B\u00e1squet por la creciente ola de casos dentro de la fallida burbuja.<!--more--><\/p>\n<p>Cr\u00f3nica de una suspensi\u00f3n anunciada. La Liga Nacional tendr\u00e1 un parate, sin fecha de reanudaci\u00f3n, en virtud de los casos positivos de Covid19 no s\u00f3lo en la conferencia Sur en donde Gimnasia de Comodoro, Argentino de Jun\u00edn y Bah\u00eda Basket eran alguno de los equipos afectados, sino tambi\u00e9n se sumaron equipos de la zona norte como San Martin de Corrientes, Ol\u00edmpico de La Banda y Ober\u00e1 Tenis Club. <\/p>\n<p>En virtud de esta situaci\u00f3n y \u00abdel riesgo que implica para el resto de los deportistas\u00bb el titular de la cartera de deporte solicit\u00f3 al presidente de la AdC la suspensi\u00f3n inmediata de la competencia hasta nuevo aviso. <\/p>\n<p>Vendr\u00e1n horas para corregir errores y mejorar aspectos que hacen a la organizaci\u00f3n de la competencia. Lo cierto es que la desici\u00f3n es acertada y oportuna. <\/p>\n<p>En las \u00faltimas horas diversas organizaciones deportivas y m\u00e9dicas hab\u00edan manifestado su disconformidad con la continuidad de la competencia, situaci\u00f3n que evidentemente lleg\u00f3 a o\u00eddos de quien ten\u00eda que llegar.<\/p>\n<div class='epvc-post-count'><span class='epvc-eye'><\/span>  <span class=\"epvc-count\"> 1.330<\/span><span class='epvc-label'> veces le\u00edda<\/span><\/div>\n<div class=\"jwsharethis\">\nShare this: \n<br \/>\n<a href=\"mailto:?subject=Suspenden%20la%20LNB&amp;body=https%3A%2F%2Flabestiadeportiva.com%2Flbd%2Fsuspenden-la-lnb%2F\">\n<img src=\"https:\/\/labestiadeportiva.com\/lbd\/wp-content\/plugins\/jw-share-this\/email.png\" alt=\"Share this page via Email\" \/>\n<\/a>\n<a target=\"_blank\" href=\"http:\/\/www.stumbleupon.com\/submit?url=https%3A%2F%2Flabestiadeportiva.com%2Flbd%2Fsuspenden-la-lnb%2F&amp;title=Suspenden+la+LNB\">\n<img src=\"https:\/\/labestiadeportiva.com\/lbd\/wp-content\/plugins\/jw-share-this\/su.png\" alt=\"Share this page via Stumble Upon\" \/>\n<\/a>\n<a target=\"_blank\" href=\"http:\/\/digg.com\/submit?url=https%3A%2F%2Flabestiadeportiva.com%2Flbd%2Fsuspenden-la-lnb%2F&amp;title=Suspenden+la+LNB\">\n<img src=\"https:\/\/labestiadeportiva.com\/lbd\/wp-content\/plugins\/jw-share-this\/digg.png\" alt=\"Share this page via Digg this\" \/>\n<\/a>\n<a target=\"_blank\" href=\"http:\/\/www.facebook.com\/sharer.php?u=https%3A%2F%2Flabestiadeportiva.com%2Flbd%2Fsuspenden-la-lnb%2F&amp;t=Suspenden+la+LNB\">\n<img src=\"https:\/\/labestiadeportiva.com\/lbd\/wp-content\/plugins\/jw-share-this\/fb.png\" alt=\"Share this page via Facebook\" \/>\n<\/a>\n<a target=\"_blank\" href=\"http:\/\/twitter.com\/intent\/tweet?text=I+like+https%3A%2F%2Flabestiadeportiva.com%2Flbd%2Fsuspenden-la-lnb%2F&amp;title=Suspenden+la+LNB\">\n<img src=\"https:\/\/labestiadeportiva.com\/lbd\/wp-content\/plugins\/jw-share-this\/twitter.png\" alt=\"Share this page via Twitter\" \/>\n<\/a>\n<\/div>\n","protected":false},"excerpt":{"rendered":"<p>Por Javier Nicol\u00e1s Baroli (Corresponsal LBD en R\u00edo Gallegos) Por pedido expreso del Ministro de Deportes Matias Lammens, se suspendi\u00f3 hasta nuevo aviso la Liga Nacional de B\u00e1squet por la creciente ola de casos dentro de la fallida burbuja. 1.330 veces le\u00edda Share this:<\/p>\n","protected":false},"author":1,"featured_media":36858,"comment_status":"open","ping_status":"open","sticky":false,"template":"","format":"standard","meta":[],"categories":[410,6,1],"tags":[171,1062,3660,1527],"_links":{"self":[{"href":"https:\/\/labestiadeportiva.com\/lbd\/wp-json\/wp\/v2\/posts\/36857"}],"collection":[{"href":"https:\/\/labestiadeportiva.com\/lbd\/wp-json\/wp\/v2\/posts"}],"about":[{"href":"https:\/\/labestiadeportiva.com\/lbd\/wp-json\/wp\/v2\/types\/post"}],"author":[{"embeddable":true,"href":"https:\/\/labestiadeportiva.com\/lbd\/wp-json\/wp\/v2\/users\/1"}],"replies":[{"embeddable":true,"href":"https:\/\/labestiadeportiva.com\/lbd\/wp-json\/wp\/v2\/comments?post=36857"}],"version-history":[{"count":2,"href":"https:\/\/labestiadeportiva.com\/lbd\/wp-json\/wp\/v2\/posts\/36857\/revisions"}],"predecessor-version":[{"id":36860,"href":"https:\/\/labestiadeportiva.com\/lbd\/wp-json\/wp\/v2\/posts\/36857\/revisions\/36860"}],"wp:featuredmedia":[{"embeddable":true,"href":"https:\/\/labestiadeportiva.com\/lbd\/wp-json\/wp\/v2\/media\/36858"}],"wp:attachment":[{"href":"https:\/\/labestiadeportiva.com\/lbd\/wp-json\/wp\/v2\/media?parent=36857"}],"wp:term":[{"taxonomy":"category","embeddable":true,"href":"https:\/\/labestiadeportiva.com\/lbd\/wp-json\/wp\/v2\/categories?post=36857"},{"taxonomy":"post_tag","embeddable":true,"href":"https:\/\/labestiadeportiva.com\/lbd\/wp-json\/wp\/v2\/tags?post=36857"}],"curies":[{"name":"wp","href":"https:\/\/api.w.org\/{rel}","templated":true}]}}