{"id":37001,"date":"2020-12-07T16:16:55","date_gmt":"2020-12-07T19:16:55","guid":{"rendered":"http:\/\/labestiadeportiva.com\/lbd\/?p=37001"},"modified":"2020-12-07T17:07:09","modified_gmt":"2020-12-07T20:07:09","slug":"barbarroja-a-un-paso-de-la-challenger-audio","status":"publish","type":"post","link":"https:\/\/labestiadeportiva.com\/lbd\/barbarroja-a-un-paso-de-la-challenger-audio\/","title":{"rendered":"\u00abBarbarroja\u00bb a un paso de la Challenger (Audio)"},"content":{"rendered":"<p><a href=\"http:\/\/labestiadeportiva.com\/lbd\/wp-content\/uploads\/2020\/12\/FB_IMG_1607350728749.jpg\"><img loading=\"lazy\" src=\"http:\/\/labestiadeportiva.com\/lbd\/wp-content\/uploads\/2020\/12\/FB_IMG_1607350728749-200x300.jpg\" alt=\"FB_IMG_1607350728749\" width=\"200\" height=\"300\" class=\"aligncenter size-medium wp-image-37002\" srcset=\"https:\/\/labestiadeportiva.com\/lbd\/wp-content\/uploads\/2020\/12\/FB_IMG_1607350728749-200x300.jpg 200w, https:\/\/labestiadeportiva.com\/lbd\/wp-content\/uploads\/2020\/12\/FB_IMG_1607350728749-683x1024.jpg 683w, https:\/\/labestiadeportiva.com\/lbd\/wp-content\/uploads\/2020\/12\/FB_IMG_1607350728749.jpg 1080w\" sizes=\"(max-width: 200px) 100vw, 200px\" \/><\/a><br \/>\nEl riograndense Juan Pablo Romero (1h :52:51) se qued\u00f3 con la versi\u00f3n 2020 del Rally de los Lagos Fin del Mundo. Pintos y Guzm\u00e1n completaron el podio.<\/p>\n<p>Inscripciones y participantes record para la competencia de Mountain Bike m\u00e1s importante de la regi\u00f3n.<\/p>\n<p>Fue el segundo \u00e9xito consecutivo para el deportista de \u00e9lite.<\/p>\n<p>Las cancelaciones de sus compromisos por la Pandemia, sensaciones y detalles de la carrera los principales temas de la charla.<\/p>\n<p>Compartimos la entrevista lograda este lunes en la 100.1 Radio Provincia.<\/p>\n<p>Las fotos son gentileza de Miguel Vargas.<!--more--><\/p>\n<p>https:\/\/youtu.be\/46oo_ioDklQ<\/p>\n<div class='epvc-post-count'><span class='epvc-eye'><\/span>  <span class=\"epvc-count\"> 994<\/span><span class='epvc-label'> veces le\u00edda<\/span><\/div>\n<div class=\"jwsharethis\">\nShare this: \n<br \/>\n<a href=\"mailto:?subject=%C2%ABBarbarroja%C2%BB%20a%20un%20paso%20de%20la%20Challenger%20%28Audio%29&amp;body=https%3A%2F%2Flabestiadeportiva.com%2Flbd%2Fbarbarroja-a-un-paso-de-la-challenger-audio%2F\">\n<img src=\"https:\/\/labestiadeportiva.com\/lbd\/wp-content\/plugins\/jw-share-this\/email.png\" alt=\"Share this page via Email\" \/>\n<\/a>\n<a target=\"_blank\" href=\"http:\/\/www.stumbleupon.com\/submit?url=https%3A%2F%2Flabestiadeportiva.com%2Flbd%2Fbarbarroja-a-un-paso-de-la-challenger-audio%2F&amp;title=%C2%ABBarbarroja%C2%BB+a+un+paso+de+la+Challenger+%28Audio%29\">\n<img src=\"https:\/\/labestiadeportiva.com\/lbd\/wp-content\/plugins\/jw-share-this\/su.png\" alt=\"Share this page via Stumble Upon\" \/>\n<\/a>\n<a target=\"_blank\" href=\"http:\/\/digg.com\/submit?url=https%3A%2F%2Flabestiadeportiva.com%2Flbd%2Fbarbarroja-a-un-paso-de-la-challenger-audio%2F&amp;title=%C2%ABBarbarroja%C2%BB+a+un+paso+de+la+Challenger+%28Audio%29\">\n<img src=\"https:\/\/labestiadeportiva.com\/lbd\/wp-content\/plugins\/jw-share-this\/digg.png\" alt=\"Share this page via Digg this\" \/>\n<\/a>\n<a target=\"_blank\" href=\"http:\/\/www.facebook.com\/sharer.php?u=https%3A%2F%2Flabestiadeportiva.com%2Flbd%2Fbarbarroja-a-un-paso-de-la-challenger-audio%2F&amp;t=%C2%ABBarbarroja%C2%BB+a+un+paso+de+la+Challenger+%28Audio%29\">\n<img src=\"https:\/\/labestiadeportiva.com\/lbd\/wp-content\/plugins\/jw-share-this\/fb.png\" alt=\"Share this page via Facebook\" \/>\n<\/a>\n<a target=\"_blank\" href=\"http:\/\/twitter.com\/intent\/tweet?text=I+like+https%3A%2F%2Flabestiadeportiva.com%2Flbd%2Fbarbarroja-a-un-paso-de-la-challenger-audio%2F&amp;title=%C2%ABBarbarroja%C2%BB+a+un+paso+de+la+Challenger+%28Audio%29\">\n<img src=\"https:\/\/labestiadeportiva.com\/lbd\/wp-content\/plugins\/jw-share-this\/twitter.png\" alt=\"Share this page via Twitter\" \/>\n<\/a>\n<\/div>\n","protected":false},"excerpt":{"rendered":"<p>El riograndense Juan Pablo Romero (1h :52:51) se qued\u00f3 con la versi\u00f3n 2020 del Rally de los Lagos Fin del Mundo. Pintos y Guzm\u00e1n completaron el podio. Inscripciones y participantes record para la competencia de Mountain Bike m\u00e1s importante de la regi\u00f3n. Fue el segundo \u00e9xito consecutivo para el deportista de \u00e9lite. Las cancelaciones de &hellip; <a href=\"https:\/\/labestiadeportiva.com\/lbd\/barbarroja-a-un-paso-de-la-challenger-audio\/\" class=\"more-link\">Seguir leyendo <span class=\"screen-reader-text\">\u00abBarbarroja\u00bb a un paso de la Challenger (Audio)<\/span> <span class=\"meta-nav\">&rarr;<\/span><\/a><\/p>\n","protected":false},"author":1,"featured_media":37002,"comment_status":"open","ping_status":"open","sticky":false,"template":"","format":"standard","meta":[],"categories":[5,60,2888,1],"tags":[4838,2022,2889,734],"_links":{"self":[{"href":"https:\/\/labestiadeportiva.com\/lbd\/wp-json\/wp\/v2\/posts\/37001"}],"collection":[{"href":"https:\/\/labestiadeportiva.com\/lbd\/wp-json\/wp\/v2\/posts"}],"about":[{"href":"https:\/\/labestiadeportiva.com\/lbd\/wp-json\/wp\/v2\/types\/post"}],"author":[{"embeddable":true,"href":"https:\/\/labestiadeportiva.com\/lbd\/wp-json\/wp\/v2\/users\/1"}],"replies":[{"embeddable":true,"href":"https:\/\/labestiadeportiva.com\/lbd\/wp-json\/wp\/v2\/comments?post=37001"}],"version-history":[{"count":4,"href":"https:\/\/labestiadeportiva.com\/lbd\/wp-json\/wp\/v2\/posts\/37001\/revisions"}],"predecessor-version":[{"id":37006,"href":"https:\/\/labestiadeportiva.com\/lbd\/wp-json\/wp\/v2\/posts\/37001\/revisions\/37006"}],"wp:featuredmedia":[{"embeddable":true,"href":"https:\/\/labestiadeportiva.com\/lbd\/wp-json\/wp\/v2\/media\/37002"}],"wp:attachment":[{"href":"https:\/\/labestiadeportiva.com\/lbd\/wp-json\/wp\/v2\/media?parent=37001"}],"wp:term":[{"taxonomy":"category","embeddable":true,"href":"https:\/\/labestiadeportiva.com\/lbd\/wp-json\/wp\/v2\/categories?post=37001"},{"taxonomy":"post_tag","embeddable":true,"href":"https:\/\/labestiadeportiva.com\/lbd\/wp-json\/wp\/v2\/tags?post=37001"}],"curies":[{"name":"wp","href":"https:\/\/api.w.org\/{rel}","templated":true}]}}