{"id":37007,"date":"2020-12-07T23:10:51","date_gmt":"2020-12-08T02:10:51","guid":{"rendered":"http:\/\/labestiadeportiva.com\/lbd\/?p=37007"},"modified":"2020-12-07T23:14:30","modified_gmt":"2020-12-08T02:14:30","slug":"tenemos-superclasico","status":"publish","type":"post","link":"https:\/\/labestiadeportiva.com\/lbd\/tenemos-superclasico\/","title":{"rendered":"Tenemos Supercl\u00e1sico"},"content":{"rendered":"<p>Por Javier Nicol\u00e1s Baroli (Corresponsal LBD en R\u00edo Gallegos)<\/p>\n<p><a href=\"http:\/\/labestiadeportiva.com\/lbd\/wp-content\/uploads\/2020\/12\/IMG-20201207-WA00452.jpg\"><img loading=\"lazy\" src=\"http:\/\/labestiadeportiva.com\/lbd\/wp-content\/uploads\/2020\/12\/IMG-20201207-WA00452-300x164.jpg\" alt=\"IMG-20201207-WA0045\" width=\"300\" height=\"164\" class=\"aligncenter size-medium wp-image-37011\" srcset=\"https:\/\/labestiadeportiva.com\/lbd\/wp-content\/uploads\/2020\/12\/IMG-20201207-WA00452-300x164.jpg 300w, https:\/\/labestiadeportiva.com\/lbd\/wp-content\/uploads\/2020\/12\/IMG-20201207-WA00452-1024x561.jpg 1024w, https:\/\/labestiadeportiva.com\/lbd\/wp-content\/uploads\/2020\/12\/IMG-20201207-WA00452.jpg 1072w\" sizes=\"(max-width: 300px) 100vw, 300px\" \/><\/a>Se sorte\u00f3 la fase campeonato de la Copa Diego Armando Maradona. Boca y River est\u00e1n en la misma zona y se ver\u00e1n las caras en la \u00abBombonera\u00bb el 3 de enero.<!--more--><\/p>\n<p>Se devel\u00f3 el misterio y tendremos cl\u00e1sico en una copa que, como marcamos en La Bestia Deportiva, ten\u00eda una materia pendiente, entretener y brindar espect\u00e1culos acordes a la historia del f\u00fatbol argentino. <\/p>\n<p>Boca y River compartir\u00e1n la Zona \u00abA\u00bb en b\u00fasqueda del trofeo y se enfrentar\u00e1n en la cuarta fecha, inicialmente en la Bombonera. El duelo est\u00e1 estipulado para el primer fin de semana del enero. <\/p>\n<p>Asi quedaron conformados los grupos: <\/p>\n<p>Zona Campeonato<\/p>\n<p>Grupo \u00abA\u00bb <\/p>\n<p>Boca Juniors<br \/>\nHurac\u00e1n<br \/>\nIndependiente<br \/>\nArsenal<br \/>\nArgentinos<br \/>\nRiver <\/p>\n<p>Grupo \u00abB\u00bb <\/p>\n<p>Atl\u00e9tico Tucum\u00e1n<br \/>\nTalleres<br \/>\nSan Lorenzo<br \/>\nBanfield<br \/>\nGELP<br \/>\nCol\u00f3n<br \/>\n<a href=\"http:\/\/labestiadeportiva.com\/lbd\/wp-content\/uploads\/2020\/12\/IMG-20201207-WA0046.jpg\"><img loading=\"lazy\" src=\"http:\/\/labestiadeportiva.com\/lbd\/wp-content\/uploads\/2020\/12\/IMG-20201207-WA0046-300x169.jpg\" alt=\"IMG-20201207-WA0046\" width=\"300\" height=\"169\" class=\"aligncenter size-medium wp-image-37012\" srcset=\"https:\/\/labestiadeportiva.com\/lbd\/wp-content\/uploads\/2020\/12\/IMG-20201207-WA0046-300x169.jpg 300w, https:\/\/labestiadeportiva.com\/lbd\/wp-content\/uploads\/2020\/12\/IMG-20201207-WA0046.jpg 720w\" sizes=\"(max-width: 300px) 100vw, 300px\" \/><\/a><\/p>\n<div class='epvc-post-count'><span class='epvc-eye'><\/span>  <span class=\"epvc-count\"> 983<\/span><span class='epvc-label'> veces le\u00edda<\/span><\/div>\n<div class=\"jwsharethis\">\nShare this: \n<br \/>\n<a href=\"mailto:?subject=Tenemos%20Supercl%C3%A1sico&amp;body=https%3A%2F%2Flabestiadeportiva.com%2Flbd%2Ftenemos-superclasico%2F\">\n<img src=\"https:\/\/labestiadeportiva.com\/lbd\/wp-content\/plugins\/jw-share-this\/email.png\" alt=\"Share this page via Email\" \/>\n<\/a>\n<a target=\"_blank\" href=\"http:\/\/www.stumbleupon.com\/submit?url=https%3A%2F%2Flabestiadeportiva.com%2Flbd%2Ftenemos-superclasico%2F&amp;title=Tenemos+Supercl%C3%A1sico\">\n<img src=\"https:\/\/labestiadeportiva.com\/lbd\/wp-content\/plugins\/jw-share-this\/su.png\" alt=\"Share this page via Stumble Upon\" \/>\n<\/a>\n<a target=\"_blank\" href=\"http:\/\/digg.com\/submit?url=https%3A%2F%2Flabestiadeportiva.com%2Flbd%2Ftenemos-superclasico%2F&amp;title=Tenemos+Supercl%C3%A1sico\">\n<img src=\"https:\/\/labestiadeportiva.com\/lbd\/wp-content\/plugins\/jw-share-this\/digg.png\" alt=\"Share this page via Digg this\" \/>\n<\/a>\n<a target=\"_blank\" href=\"http:\/\/www.facebook.com\/sharer.php?u=https%3A%2F%2Flabestiadeportiva.com%2Flbd%2Ftenemos-superclasico%2F&amp;t=Tenemos+Supercl%C3%A1sico\">\n<img src=\"https:\/\/labestiadeportiva.com\/lbd\/wp-content\/plugins\/jw-share-this\/fb.png\" alt=\"Share this page via Facebook\" \/>\n<\/a>\n<a target=\"_blank\" href=\"http:\/\/twitter.com\/intent\/tweet?text=I+like+https%3A%2F%2Flabestiadeportiva.com%2Flbd%2Ftenemos-superclasico%2F&amp;title=Tenemos+Supercl%C3%A1sico\">\n<img src=\"https:\/\/labestiadeportiva.com\/lbd\/wp-content\/plugins\/jw-share-this\/twitter.png\" alt=\"Share this page via Twitter\" \/>\n<\/a>\n<\/div>\n","protected":false},"excerpt":{"rendered":"<p>Por Javier Nicol\u00e1s Baroli (Corresponsal LBD en R\u00edo Gallegos) Se sorte\u00f3 la fase campeonato de la Copa Diego Armando Maradona. Boca y River est\u00e1n en la misma zona y se ver\u00e1n las caras en la \u00abBombonera\u00bb el 3 de enero. 983 veces le\u00edda Share this:<\/p>\n","protected":false},"author":1,"featured_media":37008,"comment_status":"open","ping_status":"open","sticky":false,"template":"","format":"standard","meta":[],"categories":[4359,6,4353,1],"tags":[516,4360,2583],"_links":{"self":[{"href":"https:\/\/labestiadeportiva.com\/lbd\/wp-json\/wp\/v2\/posts\/37007"}],"collection":[{"href":"https:\/\/labestiadeportiva.com\/lbd\/wp-json\/wp\/v2\/posts"}],"about":[{"href":"https:\/\/labestiadeportiva.com\/lbd\/wp-json\/wp\/v2\/types\/post"}],"author":[{"embeddable":true,"href":"https:\/\/labestiadeportiva.com\/lbd\/wp-json\/wp\/v2\/users\/1"}],"replies":[{"embeddable":true,"href":"https:\/\/labestiadeportiva.com\/lbd\/wp-json\/wp\/v2\/comments?post=37007"}],"version-history":[{"count":3,"href":"https:\/\/labestiadeportiva.com\/lbd\/wp-json\/wp\/v2\/posts\/37007\/revisions"}],"predecessor-version":[{"id":37014,"href":"https:\/\/labestiadeportiva.com\/lbd\/wp-json\/wp\/v2\/posts\/37007\/revisions\/37014"}],"wp:featuredmedia":[{"embeddable":true,"href":"https:\/\/labestiadeportiva.com\/lbd\/wp-json\/wp\/v2\/media\/37008"}],"wp:attachment":[{"href":"https:\/\/labestiadeportiva.com\/lbd\/wp-json\/wp\/v2\/media?parent=37007"}],"wp:term":[{"taxonomy":"category","embeddable":true,"href":"https:\/\/labestiadeportiva.com\/lbd\/wp-json\/wp\/v2\/categories?post=37007"},{"taxonomy":"post_tag","embeddable":true,"href":"https:\/\/labestiadeportiva.com\/lbd\/wp-json\/wp\/v2\/tags?post=37007"}],"curies":[{"name":"wp","href":"https:\/\/api.w.org\/{rel}","templated":true}]}}