{"id":37015,"date":"2020-12-08T00:11:38","date_gmt":"2020-12-08T03:11:38","guid":{"rendered":"http:\/\/labestiadeportiva.com\/lbd\/?p=37015"},"modified":"2020-12-08T00:11:38","modified_gmt":"2020-12-08T03:11:38","slug":"se-inauguro-el-playon-deportivo-kareken","status":"publish","type":"post","link":"https:\/\/labestiadeportiva.com\/lbd\/se-inauguro-el-playon-deportivo-kareken\/","title":{"rendered":"Se inaugur\u00f3 el play\u00f3n deportivo Karek\u00e9n"},"content":{"rendered":"<p><a href=\"http:\/\/labestiadeportiva.com\/lbd\/wp-content\/uploads\/2020\/12\/Screenshot_20201207-2337513.png\"><img loading=\"lazy\" src=\"http:\/\/labestiadeportiva.com\/lbd\/wp-content\/uploads\/2020\/12\/Screenshot_20201207-2337513-300x196.png\" alt=\"Screenshot_20201207-233751~3\" width=\"300\" height=\"196\" class=\"aligncenter size-medium wp-image-37016\" srcset=\"https:\/\/labestiadeportiva.com\/lbd\/wp-content\/uploads\/2020\/12\/Screenshot_20201207-2337513-300x196.png 300w, https:\/\/labestiadeportiva.com\/lbd\/wp-content\/uploads\/2020\/12\/Screenshot_20201207-2337513.png 973w\" sizes=\"(max-width: 300px) 100vw, 300px\" \/><\/a><br \/>\nFue el pasado domingo por la tarde. El espacio est\u00e1 ubicado en las calles Karukinka y Hielos Continentales. Las fotos son gentileza de prensa Municipalidad.<!--more--><\/p>\n<p>El acto formal cont\u00f3 con la presencia de vecinos y la del propio intendente Walter Vuoto.<\/p>\n<p>C\u00f3mo viene sucediendo cada vez que la municipalidad pone en valor playones en nuestra ciudad se realiz\u00f3 entrega de balones a los ni\u00f1os presentes.<\/p>\n<p>Cabe recordar que est\u00e9 espacio del barrio Karek\u00e9n era un predio de tierra utilizado como lugar de juego.<\/p>\n<p>La transformaci\u00f3n fue total dado que el flamante play\u00f3n cuenta con iluminaci\u00f3n led y c\u00e9sped sint\u00e9tico.<br \/>\n<a href=\"http:\/\/labestiadeportiva.com\/lbd\/wp-content\/uploads\/2020\/12\/Screenshot_20201207-2338453.png\"><img loading=\"lazy\" src=\"http:\/\/labestiadeportiva.com\/lbd\/wp-content\/uploads\/2020\/12\/Screenshot_20201207-2338453-300x197.png\" alt=\"Screenshot_20201207-233845~3\" width=\"300\" height=\"197\" class=\"aligncenter size-medium wp-image-37017\" srcset=\"https:\/\/labestiadeportiva.com\/lbd\/wp-content\/uploads\/2020\/12\/Screenshot_20201207-2338453-300x197.png 300w, https:\/\/labestiadeportiva.com\/lbd\/wp-content\/uploads\/2020\/12\/Screenshot_20201207-2338453.png 975w\" sizes=\"(max-width: 300px) 100vw, 300px\" \/><\/a><\/p>\n<div class='epvc-post-count'><span class='epvc-eye'><\/span>  <span class=\"epvc-count\"> 960<\/span><span class='epvc-label'> veces le\u00edda<\/span><\/div>\n<div class=\"jwsharethis\">\nShare this: \n<br \/>\n<a href=\"mailto:?subject=Se%20inaugur%C3%B3%20el%20play%C3%B3n%20deportivo%20Karek%C3%A9n&amp;body=https%3A%2F%2Flabestiadeportiva.com%2Flbd%2Fse-inauguro-el-playon-deportivo-kareken%2F\">\n<img src=\"https:\/\/labestiadeportiva.com\/lbd\/wp-content\/plugins\/jw-share-this\/email.png\" alt=\"Share this page via Email\" \/>\n<\/a>\n<a target=\"_blank\" href=\"http:\/\/www.stumbleupon.com\/submit?url=https%3A%2F%2Flabestiadeportiva.com%2Flbd%2Fse-inauguro-el-playon-deportivo-kareken%2F&amp;title=Se+inaugur%C3%B3+el+play%C3%B3n+deportivo+Karek%C3%A9n\">\n<img src=\"https:\/\/labestiadeportiva.com\/lbd\/wp-content\/plugins\/jw-share-this\/su.png\" alt=\"Share this page via Stumble Upon\" \/>\n<\/a>\n<a target=\"_blank\" href=\"http:\/\/digg.com\/submit?url=https%3A%2F%2Flabestiadeportiva.com%2Flbd%2Fse-inauguro-el-playon-deportivo-kareken%2F&amp;title=Se+inaugur%C3%B3+el+play%C3%B3n+deportivo+Karek%C3%A9n\">\n<img src=\"https:\/\/labestiadeportiva.com\/lbd\/wp-content\/plugins\/jw-share-this\/digg.png\" alt=\"Share this page via Digg this\" \/>\n<\/a>\n<a target=\"_blank\" href=\"http:\/\/www.facebook.com\/sharer.php?u=https%3A%2F%2Flabestiadeportiva.com%2Flbd%2Fse-inauguro-el-playon-deportivo-kareken%2F&amp;t=Se+inaugur%C3%B3+el+play%C3%B3n+deportivo+Karek%C3%A9n\">\n<img src=\"https:\/\/labestiadeportiva.com\/lbd\/wp-content\/plugins\/jw-share-this\/fb.png\" alt=\"Share this page via Facebook\" \/>\n<\/a>\n<a target=\"_blank\" href=\"http:\/\/twitter.com\/intent\/tweet?text=I+like+https%3A%2F%2Flabestiadeportiva.com%2Flbd%2Fse-inauguro-el-playon-deportivo-kareken%2F&amp;title=Se+inaugur%C3%B3+el+play%C3%B3n+deportivo+Karek%C3%A9n\">\n<img src=\"https:\/\/labestiadeportiva.com\/lbd\/wp-content\/plugins\/jw-share-this\/twitter.png\" alt=\"Share this page via Twitter\" \/>\n<\/a>\n<\/div>\n","protected":false},"excerpt":{"rendered":"<p>Fue el pasado domingo por la tarde. El espacio est\u00e1 ubicado en las calles Karukinka y Hielos Continentales. Las fotos son gentileza de prensa Municipalidad. 960 veces le\u00edda Share this:<\/p>\n","protected":false},"author":1,"featured_media":37016,"comment_status":"open","ping_status":"open","sticky":false,"template":"","format":"standard","meta":[],"categories":[5,1],"tags":[1449,429,3660,4367],"_links":{"self":[{"href":"https:\/\/labestiadeportiva.com\/lbd\/wp-json\/wp\/v2\/posts\/37015"}],"collection":[{"href":"https:\/\/labestiadeportiva.com\/lbd\/wp-json\/wp\/v2\/posts"}],"about":[{"href":"https:\/\/labestiadeportiva.com\/lbd\/wp-json\/wp\/v2\/types\/post"}],"author":[{"embeddable":true,"href":"https:\/\/labestiadeportiva.com\/lbd\/wp-json\/wp\/v2\/users\/1"}],"replies":[{"embeddable":true,"href":"https:\/\/labestiadeportiva.com\/lbd\/wp-json\/wp\/v2\/comments?post=37015"}],"version-history":[{"count":1,"href":"https:\/\/labestiadeportiva.com\/lbd\/wp-json\/wp\/v2\/posts\/37015\/revisions"}],"predecessor-version":[{"id":37018,"href":"https:\/\/labestiadeportiva.com\/lbd\/wp-json\/wp\/v2\/posts\/37015\/revisions\/37018"}],"wp:featuredmedia":[{"embeddable":true,"href":"https:\/\/labestiadeportiva.com\/lbd\/wp-json\/wp\/v2\/media\/37016"}],"wp:attachment":[{"href":"https:\/\/labestiadeportiva.com\/lbd\/wp-json\/wp\/v2\/media?parent=37015"}],"wp:term":[{"taxonomy":"category","embeddable":true,"href":"https:\/\/labestiadeportiva.com\/lbd\/wp-json\/wp\/v2\/categories?post=37015"},{"taxonomy":"post_tag","embeddable":true,"href":"https:\/\/labestiadeportiva.com\/lbd\/wp-json\/wp\/v2\/tags?post=37015"}],"curies":[{"name":"wp","href":"https:\/\/api.w.org\/{rel}","templated":true}]}}