{"id":37060,"date":"2020-12-14T12:10:24","date_gmt":"2020-12-14T15:10:24","guid":{"rendered":"http:\/\/labestiadeportiva.com\/lbd\/?p=37060"},"modified":"2020-12-14T12:10:24","modified_gmt":"2020-12-14T15:10:24","slug":"max-cierra-la-temporada-con-victoria","status":"publish","type":"post","link":"https:\/\/labestiadeportiva.com\/lbd\/max-cierra-la-temporada-con-victoria\/","title":{"rendered":"Max cierra la temporada con victoria"},"content":{"rendered":"<p><a href=\"http:\/\/labestiadeportiva.com\/lbd\/wp-content\/uploads\/2020\/12\/max-podio.jpg\"><img loading=\"lazy\" src=\"http:\/\/labestiadeportiva.com\/lbd\/wp-content\/uploads\/2020\/12\/max-podio-300x187.jpg\" alt=\"max podio\" width=\"300\" height=\"187\" class=\"aligncenter size-medium wp-image-37061\" srcset=\"https:\/\/labestiadeportiva.com\/lbd\/wp-content\/uploads\/2020\/12\/max-podio-300x187.jpg 300w, https:\/\/labestiadeportiva.com\/lbd\/wp-content\/uploads\/2020\/12\/max-podio.jpg 958w\" sizes=\"(max-width: 300px) 100vw, 300px\" \/><\/a><br \/>\nEl holand\u00e9s Max Verstappen con Red Bull venci\u00f3 este domingo en la \u00faltima  carrera del a\u00f1o 2020. Con todo definido en una temporada marcada por el Covid-19, la m\u00e1xima categor\u00eda cerr\u00f3 el torneo con el triunfo del hombre de Red Bull. <!--more--><\/p>\n<p>Un fin de semana de despedidas, por los que dejan equipos y se marchan a otro, algunos sin butaca para el pr\u00f3ximo a\u00f1o y la llegada de nuevas caras a la F-1. <\/p>\n<p>Este lunes sigue la actividad con las pruebas de los pilotos j\u00f3venes en el trazado de Yas Marina. En lo que se refiere el Gran Premio de Abu Dabi, Verstappen fue el claro dominador entre viernes y s\u00e1bado, en libres y clasificaci\u00f3n. <\/p>\n<p>Hamilton regres\u00f3 tras cumplir con su cuarentena por Covid-19, pero se not\u00f3 que no estuvo al cien por cien de su rendimiento habitual. El domingo, en carrera, apenas se apagaron los sem\u00e1foros rojos, Verstappen se hizo con el control de la competencia en la tarde noche de Abu Dabi. <\/p>\n<p>Seguido por los dos Mercedes no abandon\u00f3 el primer lugar hasta la bandera a cuadros. En una carrera de tr\u00e1mite aburrido, apenas interrumpido por un auto de seguridad que entr\u00f3 en la vuelta 10, cuando el impulsor del Racing Point de Checo P\u00e9rez, dijo basta.<\/p>\n<p>De esa manera, la aver\u00eda del monoplaza del azteca, dejaba sin opciones de sumar valiosos puntos por el Mundial de Constructores, a su ya ex=equipo,  en la lucha con McLaren por el tercer puesto. <\/p>\n<p>Hora y media m\u00e1s tarde, la bandera ajedrezada y fuegos artificiales incluidos, saludaban el paso del auto n\u00famero 33 de Verstappen. Festejo en el podio, sin alcohol, y con distancia de seguridad. <\/p>\n<p>Ahora comienza la cuenta regresiva hasta el tercer domingo del mes de marzo del a\u00f1o que viene, la cita en Albert Park, Australia.    <\/p>\n<p><a href=\"http:\/\/labestiadeportiva.com\/lbd\/wp-content\/uploads\/2020\/12\/max-33.jpg\"><img loading=\"lazy\" src=\"http:\/\/labestiadeportiva.com\/lbd\/wp-content\/uploads\/2020\/12\/max-33-300x170.jpg\" alt=\"max 33\" width=\"300\" height=\"170\" class=\"aligncenter size-medium wp-image-37062\" srcset=\"https:\/\/labestiadeportiva.com\/lbd\/wp-content\/uploads\/2020\/12\/max-33-300x170.jpg 300w, https:\/\/labestiadeportiva.com\/lbd\/wp-content\/uploads\/2020\/12\/max-33.jpg 980w\" sizes=\"(max-width: 300px) 100vw, 300px\" \/><\/a><br \/>\nAs\u00ed llegaron:<br \/>\n1\u00ba M. Verstappen-Red Bull en 1:36:28,645<br \/>\n2\u00ba V. Bottas-Mercedes Benz a 15,976<br \/>\n3\u00ba L. Hamilton-Mercedes Benz a 18,415<\/p>\n<p>El Mundial de Pilotos<br \/>\n1\u00ba L. Hamilton (GB) 347 pts.<br \/>\n2\u00ba V. Bottas (FIN) 223 pts.<br \/>\n3\u00ba M. Verstappen 214 pts.<\/p>\n<p>El mundial de Constructores<br \/>\n1\u00ba Mercedes Benz 573 pts.<br \/>\n2\u00ba Red Bull 319 pts.<br \/>\n3\u00ba McLaren 202 pts.<\/p>\n<p>Pr\u00f3xima competencia: GP de Australia, el 21 de marzo, en Albert Park. <\/p>\n<div class='epvc-post-count'><span class='epvc-eye'><\/span>  <span class=\"epvc-count\"> 1.198<\/span><span class='epvc-label'> veces le\u00edda<\/span><\/div>\n<div class=\"jwsharethis\">\nShare this: \n<br \/>\n<a href=\"mailto:?subject=Max%20cierra%20la%20temporada%20con%20victoria&amp;body=https%3A%2F%2Flabestiadeportiva.com%2Flbd%2Fmax-cierra-la-temporada-con-victoria%2F\">\n<img src=\"https:\/\/labestiadeportiva.com\/lbd\/wp-content\/plugins\/jw-share-this\/email.png\" alt=\"Share this page via Email\" \/>\n<\/a>\n<a target=\"_blank\" href=\"http:\/\/www.stumbleupon.com\/submit?url=https%3A%2F%2Flabestiadeportiva.com%2Flbd%2Fmax-cierra-la-temporada-con-victoria%2F&amp;title=Max+cierra+la+temporada+con+victoria\">\n<img src=\"https:\/\/labestiadeportiva.com\/lbd\/wp-content\/plugins\/jw-share-this\/su.png\" alt=\"Share this page via Stumble Upon\" \/>\n<\/a>\n<a target=\"_blank\" href=\"http:\/\/digg.com\/submit?url=https%3A%2F%2Flabestiadeportiva.com%2Flbd%2Fmax-cierra-la-temporada-con-victoria%2F&amp;title=Max+cierra+la+temporada+con+victoria\">\n<img src=\"https:\/\/labestiadeportiva.com\/lbd\/wp-content\/plugins\/jw-share-this\/digg.png\" alt=\"Share this page via Digg this\" \/>\n<\/a>\n<a target=\"_blank\" href=\"http:\/\/www.facebook.com\/sharer.php?u=https%3A%2F%2Flabestiadeportiva.com%2Flbd%2Fmax-cierra-la-temporada-con-victoria%2F&amp;t=Max+cierra+la+temporada+con+victoria\">\n<img src=\"https:\/\/labestiadeportiva.com\/lbd\/wp-content\/plugins\/jw-share-this\/fb.png\" alt=\"Share this page via Facebook\" \/>\n<\/a>\n<a target=\"_blank\" href=\"http:\/\/twitter.com\/intent\/tweet?text=I+like+https%3A%2F%2Flabestiadeportiva.com%2Flbd%2Fmax-cierra-la-temporada-con-victoria%2F&amp;title=Max+cierra+la+temporada+con+victoria\">\n<img src=\"https:\/\/labestiadeportiva.com\/lbd\/wp-content\/plugins\/jw-share-this\/twitter.png\" alt=\"Share this page via Twitter\" \/>\n<\/a>\n<\/div>\n","protected":false},"excerpt":{"rendered":"<p>El holand\u00e9s Max Verstappen con Red Bull venci\u00f3 este domingo en la \u00faltima carrera del a\u00f1o 2020. Con todo definido en una temporada marcada por el Covid-19, la m\u00e1xima categor\u00eda cerr\u00f3 el torneo con el triunfo del hombre de Red Bull. 1.198 veces le\u00edda Share this:<\/p>\n","protected":false},"author":1,"featured_media":37061,"comment_status":"open","ping_status":"open","sticky":false,"template":"","format":"standard","meta":[],"categories":[2176,4,3534,1],"tags":[154,4377],"_links":{"self":[{"href":"https:\/\/labestiadeportiva.com\/lbd\/wp-json\/wp\/v2\/posts\/37060"}],"collection":[{"href":"https:\/\/labestiadeportiva.com\/lbd\/wp-json\/wp\/v2\/posts"}],"about":[{"href":"https:\/\/labestiadeportiva.com\/lbd\/wp-json\/wp\/v2\/types\/post"}],"author":[{"embeddable":true,"href":"https:\/\/labestiadeportiva.com\/lbd\/wp-json\/wp\/v2\/users\/1"}],"replies":[{"embeddable":true,"href":"https:\/\/labestiadeportiva.com\/lbd\/wp-json\/wp\/v2\/comments?post=37060"}],"version-history":[{"count":1,"href":"https:\/\/labestiadeportiva.com\/lbd\/wp-json\/wp\/v2\/posts\/37060\/revisions"}],"predecessor-version":[{"id":37063,"href":"https:\/\/labestiadeportiva.com\/lbd\/wp-json\/wp\/v2\/posts\/37060\/revisions\/37063"}],"wp:featuredmedia":[{"embeddable":true,"href":"https:\/\/labestiadeportiva.com\/lbd\/wp-json\/wp\/v2\/media\/37061"}],"wp:attachment":[{"href":"https:\/\/labestiadeportiva.com\/lbd\/wp-json\/wp\/v2\/media?parent=37060"}],"wp:term":[{"taxonomy":"category","embeddable":true,"href":"https:\/\/labestiadeportiva.com\/lbd\/wp-json\/wp\/v2\/categories?post=37060"},{"taxonomy":"post_tag","embeddable":true,"href":"https:\/\/labestiadeportiva.com\/lbd\/wp-json\/wp\/v2\/tags?post=37060"}],"curies":[{"name":"wp","href":"https:\/\/api.w.org\/{rel}","templated":true}]}}