{"id":37072,"date":"2020-12-16T02:38:18","date_gmt":"2020-12-16T05:38:18","guid":{"rendered":"http:\/\/labestiadeportiva.com\/lbd\/?p=37072"},"modified":"2020-12-16T02:38:18","modified_gmt":"2020-12-16T05:38:18","slug":"encuentro-provincial","status":"publish","type":"post","link":"https:\/\/labestiadeportiva.com\/lbd\/encuentro-provincial\/","title":{"rendered":"Encuentro Provincial"},"content":{"rendered":"<p><a href=\"http:\/\/labestiadeportiva.com\/lbd\/wp-content\/uploads\/2020\/12\/FB_IMG_1608096391941.jpg\"><img loading=\"lazy\" class=\"aligncenter size-medium wp-image-37073\" src=\"http:\/\/labestiadeportiva.com\/lbd\/wp-content\/uploads\/2020\/12\/FB_IMG_1608096391941-300x225.jpg\" alt=\"FB_IMG_1608096391941\" width=\"300\" height=\"225\" srcset=\"https:\/\/labestiadeportiva.com\/lbd\/wp-content\/uploads\/2020\/12\/FB_IMG_1608096391941-300x225.jpg 300w, https:\/\/labestiadeportiva.com\/lbd\/wp-content\/uploads\/2020\/12\/FB_IMG_1608096391941.jpg 960w\" sizes=\"(max-width: 300px) 100vw, 300px\" \/><\/a><br \/>\nEl pasado domingo la pista municipal Oscar \u00abCabez\u00f3n\u00bb Oyarz\u00fan alberg\u00f3 la actividad que cont\u00f3 con un total de 112 atletas. El evento fue organizado por el IMD y cont\u00f3 con el apoyo de la Secretaria de Depotes y Juventud Provincial.<!--more--><\/p>\n<p><a href=\"http:\/\/labestiadeportiva.com\/lbd\/wp-content\/uploads\/2020\/12\/FB_IMG_1608096796514.jpg\"><img loading=\"lazy\" class=\"aligncenter size-medium wp-image-37077\" src=\"http:\/\/labestiadeportiva.com\/lbd\/wp-content\/uploads\/2020\/12\/FB_IMG_1608096796514-300x225.jpg\" alt=\"FB_IMG_1608096796514\" width=\"300\" height=\"225\" srcset=\"https:\/\/labestiadeportiva.com\/lbd\/wp-content\/uploads\/2020\/12\/FB_IMG_1608096796514-300x225.jpg 300w, https:\/\/labestiadeportiva.com\/lbd\/wp-content\/uploads\/2020\/12\/FB_IMG_1608096796514-1024x768.jpg 1024w, https:\/\/labestiadeportiva.com\/lbd\/wp-content\/uploads\/2020\/12\/FB_IMG_1608096796514.jpg 1080w\" sizes=\"(max-width: 300px) 100vw, 300px\" \/><\/a><br \/>\nLa jornada se desarroll\u00f3 de 10 a 16 horas con presencia de j\u00f3venes en categor\u00edas infantiles, EPADE y Araucan\u00eda.<\/p>\n<p>Fueron de la partida 25 atletas de R\u00edo Grande a cargo del entrenador Rodrigo Vel\u00e1zquez.<\/p>\n<p>El n\u00famero de deportistas del norte de la isla fue limitado debido al protocolo vigente en el traslado v\u00eda terrestre.<\/p>\n<p><a href=\"http:\/\/labestiadeportiva.com\/lbd\/wp-content\/uploads\/2020\/12\/FB_IMG_1608096818688.jpg\"><img loading=\"lazy\" class=\"aligncenter size-medium wp-image-37075\" src=\"http:\/\/labestiadeportiva.com\/lbd\/wp-content\/uploads\/2020\/12\/FB_IMG_1608096818688-300x225.jpg\" alt=\"FB_IMG_1608096818688\" width=\"300\" height=\"225\" srcset=\"https:\/\/labestiadeportiva.com\/lbd\/wp-content\/uploads\/2020\/12\/FB_IMG_1608096818688-300x225.jpg 300w, https:\/\/labestiadeportiva.com\/lbd\/wp-content\/uploads\/2020\/12\/FB_IMG_1608096818688-1024x768.jpg 1024w, https:\/\/labestiadeportiva.com\/lbd\/wp-content\/uploads\/2020\/12\/FB_IMG_1608096818688.jpg 1080w\" sizes=\"(max-width: 300px) 100vw, 300px\" \/><\/a><br \/>\nEn cuanto a las pruebas realizadas podemos citar que los Infantiles participaron en combos donde efect\u00faan 60 metros con vallas, salto en largo, lanzamiento de bala y 300 metros cross donde todos accedieron a cada una de las especialidades antes mencionadas.<\/p>\n<p>Asimismo los atletas enrolados en categor\u00edas de EPADE y Araucan\u00eda efectuaron 100 metros llanos, vallas, salto en largo, 800 metros, lanzamiento de bala, jabalina, disco y martillo.<\/p>\n<p><a href=\"http:\/\/labestiadeportiva.com\/lbd\/wp-content\/uploads\/2020\/12\/FB_IMG_1608096365057.jpg\"><img loading=\"lazy\" class=\"aligncenter size-medium wp-image-37076\" src=\"http:\/\/labestiadeportiva.com\/lbd\/wp-content\/uploads\/2020\/12\/FB_IMG_1608096365057-300x225.jpg\" alt=\"FB_IMG_1608096365057\" width=\"300\" height=\"225\" srcset=\"https:\/\/labestiadeportiva.com\/lbd\/wp-content\/uploads\/2020\/12\/FB_IMG_1608096365057-300x225.jpg 300w, https:\/\/labestiadeportiva.com\/lbd\/wp-content\/uploads\/2020\/12\/FB_IMG_1608096365057.jpg 960w\" sizes=\"(max-width: 300px) 100vw, 300px\" \/><\/a><br \/>\nCabe destacar que para est\u00e1s \u00faltimas pruebas se arregl\u00f3 la jaula, poniendo en condiciones el alambrado de todo el per\u00edmetro como as\u00ed tambi\u00e9n las redes internas.<\/p>\n<p>De esta forma en un a\u00f1o sumamente complejo para la disciplina madre, 27 deportistas infantiles, 34 de Araucan\u00eda y 51 de EPADE tuvieron casi seis horas de intenso trabajo bajo la supervisi\u00f3n de sus formadores.<br \/>\n<a href=\"http:\/\/labestiadeportiva.com\/lbd\/wp-content\/uploads\/2020\/12\/IMG-20201215-WA0042.jpg\"><img loading=\"lazy\" class=\"aligncenter size-medium wp-image-37074\" src=\"http:\/\/labestiadeportiva.com\/lbd\/wp-content\/uploads\/2020\/12\/IMG-20201215-WA0042-300x139.jpg\" alt=\"IMG-20201215-WA0042\" width=\"300\" height=\"139\" srcset=\"https:\/\/labestiadeportiva.com\/lbd\/wp-content\/uploads\/2020\/12\/IMG-20201215-WA0042-300x139.jpg 300w, https:\/\/labestiadeportiva.com\/lbd\/wp-content\/uploads\/2020\/12\/IMG-20201215-WA0042-1024x473.jpg 1024w, https:\/\/labestiadeportiva.com\/lbd\/wp-content\/uploads\/2020\/12\/IMG-20201215-WA0042.jpg 1032w\" sizes=\"(max-width: 300px) 100vw, 300px\" \/><\/a><\/p>\n<div class='epvc-post-count'><span class='epvc-eye'><\/span>  <span class=\"epvc-count\"> 1.028<\/span><span class='epvc-label'> veces le\u00edda<\/span><\/div>\n<div class=\"jwsharethis\">\nShare this: \n<br \/>\n<a href=\"mailto:?subject=Encuentro%20Provincial&amp;body=https%3A%2F%2Flabestiadeportiva.com%2Flbd%2Fencuentro-provincial%2F\">\n<img src=\"https:\/\/labestiadeportiva.com\/lbd\/wp-content\/plugins\/jw-share-this\/email.png\" alt=\"Share this page via Email\" \/>\n<\/a>\n<a target=\"_blank\" href=\"http:\/\/www.stumbleupon.com\/submit?url=https%3A%2F%2Flabestiadeportiva.com%2Flbd%2Fencuentro-provincial%2F&amp;title=Encuentro+Provincial\">\n<img src=\"https:\/\/labestiadeportiva.com\/lbd\/wp-content\/plugins\/jw-share-this\/su.png\" alt=\"Share this page via Stumble Upon\" \/>\n<\/a>\n<a target=\"_blank\" href=\"http:\/\/digg.com\/submit?url=https%3A%2F%2Flabestiadeportiva.com%2Flbd%2Fencuentro-provincial%2F&amp;title=Encuentro+Provincial\">\n<img src=\"https:\/\/labestiadeportiva.com\/lbd\/wp-content\/plugins\/jw-share-this\/digg.png\" alt=\"Share this page via Digg this\" \/>\n<\/a>\n<a target=\"_blank\" href=\"http:\/\/www.facebook.com\/sharer.php?u=https%3A%2F%2Flabestiadeportiva.com%2Flbd%2Fencuentro-provincial%2F&amp;t=Encuentro+Provincial\">\n<img src=\"https:\/\/labestiadeportiva.com\/lbd\/wp-content\/plugins\/jw-share-this\/fb.png\" alt=\"Share this page via Facebook\" \/>\n<\/a>\n<a target=\"_blank\" href=\"http:\/\/twitter.com\/intent\/tweet?text=I+like+https%3A%2F%2Flabestiadeportiva.com%2Flbd%2Fencuentro-provincial%2F&amp;title=Encuentro+Provincial\">\n<img src=\"https:\/\/labestiadeportiva.com\/lbd\/wp-content\/plugins\/jw-share-this\/twitter.png\" alt=\"Share this page via Twitter\" \/>\n<\/a>\n<\/div>\n","protected":false},"excerpt":{"rendered":"<p>El pasado domingo la pista municipal Oscar \u00abCabez\u00f3n\u00bb Oyarz\u00fan alberg\u00f3 la actividad que cont\u00f3 con un total de 112 atletas. El evento fue organizado por el IMD y cont\u00f3 con el apoyo de la Secretaria de Depotes y Juventud Provincial. 1.028 veces le\u00edda Share this:<\/p>\n","protected":false},"author":1,"featured_media":37073,"comment_status":"open","ping_status":"open","sticky":false,"template":"","format":"standard","meta":[],"categories":[22,5,2651,1,3555],"tags":[4831,550,3834,3660],"_links":{"self":[{"href":"https:\/\/labestiadeportiva.com\/lbd\/wp-json\/wp\/v2\/posts\/37072"}],"collection":[{"href":"https:\/\/labestiadeportiva.com\/lbd\/wp-json\/wp\/v2\/posts"}],"about":[{"href":"https:\/\/labestiadeportiva.com\/lbd\/wp-json\/wp\/v2\/types\/post"}],"author":[{"embeddable":true,"href":"https:\/\/labestiadeportiva.com\/lbd\/wp-json\/wp\/v2\/users\/1"}],"replies":[{"embeddable":true,"href":"https:\/\/labestiadeportiva.com\/lbd\/wp-json\/wp\/v2\/comments?post=37072"}],"version-history":[{"count":1,"href":"https:\/\/labestiadeportiva.com\/lbd\/wp-json\/wp\/v2\/posts\/37072\/revisions"}],"predecessor-version":[{"id":37078,"href":"https:\/\/labestiadeportiva.com\/lbd\/wp-json\/wp\/v2\/posts\/37072\/revisions\/37078"}],"wp:featuredmedia":[{"embeddable":true,"href":"https:\/\/labestiadeportiva.com\/lbd\/wp-json\/wp\/v2\/media\/37073"}],"wp:attachment":[{"href":"https:\/\/labestiadeportiva.com\/lbd\/wp-json\/wp\/v2\/media?parent=37072"}],"wp:term":[{"taxonomy":"category","embeddable":true,"href":"https:\/\/labestiadeportiva.com\/lbd\/wp-json\/wp\/v2\/categories?post=37072"},{"taxonomy":"post_tag","embeddable":true,"href":"https:\/\/labestiadeportiva.com\/lbd\/wp-json\/wp\/v2\/tags?post=37072"}],"curies":[{"name":"wp","href":"https:\/\/api.w.org\/{rel}","templated":true}]}}